{"id":385678,"date":"2025-09-12T16:17:17","date_gmt":"2025-09-12T16:17:17","guid":{"rendered":"https:\/\/www.europesays.com\/fr\/385678\/"},"modified":"2025-09-12T16:17:17","modified_gmt":"2025-09-12T16:17:17","slug":"mobilite-securite-finances-la-ville-de-nancy-a-lheure-du-bilan","status":"publish","type":"post","link":"https:\/\/www.europesays.com\/fr\/385678\/","title":{"rendered":"Mobilit\u00e9, s\u00e9curit\u00e9, finances&#8230; La ville de Nancy \u00e0\u00a0l\u2019heure du bilan"},"content":{"rendered":"<p>En 2020, son \u00e9lection \u00e0 la t\u00eate de la deuxi\u00e8me ville de Lorraine a tourn\u00e9 la page de plus de soixante-dix\u00a0ans de r\u00e8gne de la droite et du centre. <a class=\"Link\" href=\"https:\/\/www.lepoint.fr\/politique\/mathieu-klein-la-gauche-doit-se-degager-de-la-tutelle-de-melenchon-13-09-2024-2570146_20.php\" title=\"\" data-gtm=\"click:capsule\" data-capsule=\"Lien\" target=\"_blank\" rel=\"noopener\">Mathieu Klein<\/a> r\u00e9ussira-t-il \u00e0 renouveler sa performance en 2026\u00a0? \u00c0 sept mois des prochaines municipales, le maire socialiste ne dit pas encore s&rsquo;il sera candidat \u00e0 un second mandat.<br \/>Mais l&rsquo;annonce de multiples projets avant l&rsquo;\u00e9t\u00e9 dans le domaine des transports, sur le cours L\u00e9opold ou les Rives de Meurthe laisse peu de doute\u00a0: Mathieu Klein entend poursuivre la transformation de la ville, qu&rsquo;il affirme avoir \u00ab\u00a0remise en mouvement\u00a0\u00bb.<\/p>\n<blockquote class=\"Blockquote\"><p>\u00ab\u00a0[J\u2019estime] \u00eatre sorti d\u2019une phase de grand immobilisme.\u00a0\u00bbMathieu Klein, maire de Nancy<\/p><\/blockquote>\n<p>Face \u00e0 lui, l&rsquo;opposition tire d\u00e9j\u00e0 \u00e0\u00a0boulets rouges. \u00ab\u00a0L&rsquo;ensemble manque d&rsquo;ambition\u00a0\u00bb, critiquent les che&#8230;<\/p>\n<p>Toute l\u2019actualit\u00e9 \u00e0 1\u20ac le premier mois<\/p>\n<p><a href=\"https:\/\/abo.lepoint.fr\/?provenance=21EDI020098\" class=\"btn\" title=\"S&#039;abonner\" data-gtm=\"click:abo|display:abo\" data-campaign=\"paywall_maison\" target=\"_blank\" rel=\"noopener\">S&rsquo;abonner<\/a><\/p>\n<p>ou<\/p>\n<p>La newsletter politique<\/p>\n<p class=\"period\">Tous les lundis \u00e0 11h30<\/p>\n<p>Recevez en avant-premi\u00e8re les informations et analyses politiques de la r\u00e9daction du Point.<\/p>\n<p>Merci !<br \/>Votre inscription a bien \u00e9t\u00e9 prise en compte avec l&rsquo;adresse email :<\/p>\n<p>Pour d\u00e9couvrir toutes nos autres newsletters, rendez-vous ici : <a href=\"https:\/\/moncompte.lepoint.fr\/\" title=\"\" target=\"_blank\" rel=\"noopener\">MonCompte<\/a><\/p>\n<p>En vous inscrivant, vous acceptez les <a href=\"https:\/\/www.lepoint.fr\/html\/cgu\/\" title=\"Conditions g\u00e9n\u00e9rales d&#039;utilisation\" target=\"_blank\" rel=\"noopener\">conditions g\u00e9n\u00e9rales d\u2019utilisations<\/a> et notre <a href=\"https:\/\/www.lepoint.fr\/html\/politique-de-protection-donnees-personnelles\/\" title=\"Politique de confidentialit\u00e9\" target=\"_blank\" rel=\"noopener\">politique de confidentialit\u00e9<\/a>.<\/p>\n","protected":false},"excerpt":{"rendered":"En 2020, son \u00e9lection \u00e0 la t\u00eate de la deuxi\u00e8me ville de Lorraine a tourn\u00e9 la page de&hellip;\n","protected":false},"author":2,"featured_media":385679,"comment_status":"","ping_status":"","sticky":false,"template":"","format":"standard","meta":{"footnotes":""},"categories":[9635],"tags":[1111,11,1777,674,1011,27,775,14606,1702,12,25],"class_list":{"0":"post-385678","1":"post","2":"type-post","3":"status-publish","4":"format-standard","5":"has-post-thumbnail","7":"category-nancy","8":"tag-actu","9":"tag-actualites","10":"tag-eu","11":"tag-europe","12":"tag-fr","13":"tag-france","14":"tag-grand-est","15":"tag-mathieu-klein","16":"tag-nancy","17":"tag-news","18":"tag-republique-francaise"},"share_on_mastodon":{"url":"https:\/\/pubeurope.com\/@fr\/115192230255933260","error":""},"_links":{"self":[{"href":"https:\/\/www.europesays.com\/fr\/wp-json\/wp\/v2\/posts\/385678","targetHints":{"allow":["GET"]}}],"collection":[{"href":"https:\/\/www.europesays.com\/fr\/wp-json\/wp\/v2\/posts"}],"about":[{"href":"https:\/\/www.europesays.com\/fr\/wp-json\/wp\/v2\/types\/post"}],"author":[{"embeddable":true,"href":"https:\/\/www.europesays.com\/fr\/wp-json\/wp\/v2\/users\/2"}],"replies":[{"embeddable":true,"href":"https:\/\/www.europesays.com\/fr\/wp-json\/wp\/v2\/comments?post=385678"}],"version-history":[{"count":0,"href":"https:\/\/www.europesays.com\/fr\/wp-json\/wp\/v2\/posts\/385678\/revisions"}],"wp:featuredmedia":[{"embeddable":true,"href":"https:\/\/www.europesays.com\/fr\/wp-json\/wp\/v2\/media\/385679"}],"wp:attachment":[{"href":"https:\/\/www.europesays.com\/fr\/wp-json\/wp\/v2\/media?parent=385678"}],"wp:term":[{"taxonomy":"category","embeddable":true,"href":"https:\/\/www.europesays.com\/fr\/wp-json\/wp\/v2\/categories?post=385678"},{"taxonomy":"post_tag","embeddable":true,"href":"https:\/\/www.europesays.com\/fr\/wp-json\/wp\/v2\/tags?post=385678"}],"curies":[{"name":"wp","href":"https:\/\/api.w.org\/{rel}","templated":true}]}}