{"id":385724,"date":"2025-09-12T16:42:11","date_gmt":"2025-09-12T16:42:11","guid":{"rendered":"https:\/\/www.europesays.com\/fr\/385724\/"},"modified":"2025-09-12T16:42:11","modified_gmt":"2025-09-12T16:42:11","slug":"lyon-lfi-et-les-ecologistes-rendent-visite-aux-manifestants-arretes-une-polemique-enfle","status":"publish","type":"post","link":"https:\/\/www.europesays.com\/fr\/385724\/","title":{"rendered":"Lyon. LFI et les \u00c9cologistes rendent visite aux manifestants arr\u00eat\u00e9s, une pol\u00e9mique enfle"},"content":{"rendered":"<p>            Par<br \/>\n        <strong><br \/>\n            <a href=\"https:\/\/actu.fr\/auteur\/anthony-soudani\" title=\"Consulter tous les articles de Anthony Soudani\" target=\"_blank\" rel=\"noopener\">Anthony Soudani<\/a><br \/>\n        <\/strong><\/p>\n<p>        Publi\u00e9 le<\/p>\n<p>            12 sept. 2025 \u00e0 16h48        <\/p>\n<p>Cinq parlementaires du Rh\u00f4ne, dont trois de la France insoumise et deux des \u00c9cologistes, sont all\u00e9s visiter les cellules de garde \u00e0 vue du commissariat de police de <a href=\"https:\/\/actu.fr\/lyon\/\" target=\"_blank\" rel=\"noopener\">Lyon<\/a> 8e, situ\u00e9 rue Bataille, juste apr\u00e8s la <a href=\"https:\/\/actu.fr\/auvergne-rhone-alpes\/lyon_69123\/photos-bloquons-tout-a-lyon-la-manifestation-vire-en-violences-la-presqu-ile-ciblee_63143355.html\" target=\"_blank\" rel=\"noopener\">manifestation qui a d\u00e9bord\u00e9<\/a> mercredi 10 septembre.\u00a0<br \/>\u00c0 savoir que la loi du 15 juin 2000, visant \u00e0 renforcer la protection de la pr\u00e9somption d\u2019innocence et les droits des victimes, leur autorise ce type de d\u00e9placement.<br \/>Une initiative qui fait pol\u00e9mique. Pierre Oliver, \u00e9lu lyonnais de droite, critique vivement ces <strong>visites qu\u2019il qualifie de \u00ab\u00a0scandaleuses\u00a0\u00bb<\/strong>, tandis que Gabriel Amard, d\u00e9put\u00e9 insoumis de la 6e circonscription du Rh\u00f4ne, s\u2019explique sur ce choix.<\/p>\n<p>\u00ab\u00a0Les d\u00e9put\u00e9s \u00e9cologistes vont voir ceux qui ont cass\u00e9\u00a0\u00bb<\/p>\n<p class=\" wall-content\">Les parlementaires ont donc pu entrer au sein du commissariat o\u00f9 se trouve la cellule judiciaire mise en place pour traiter les proc\u00e9dures li\u00e9es aux manifestations du 10 septembre. Dans ces lieux se trouvaient <strong>25 personnes arr\u00eat\u00e9es<\/strong>, suspect\u00e9es de violences durant le rassemblement.\u00a0<\/p>\n<p class=\" wall-content\"><a href=\"https:\/\/www.instagram.com\/p\/DObRxG4iGMe\/embed\" title=\"Ouvrir le lien sur Instagram\" target=\"_blank\" rel=\"noopener\">Visualiser le contenu sur Instagram<\/a><\/p>\n<p class=\" wall-content\">Cette visite provoque aujourd\u2019hui la col\u00e8re de leurs opposants politiques. Pierre Oliver, maire LR du 2e arrondissement et candidat rang\u00e9 derri\u00e8re <a href=\"https:\/\/actu.fr\/auvergne-rhone-alpes\/lyon_69123\/municipales-2026-a-lyon-laurent-wauquiez-annonce-son-soutien-a-jean-michel-aulas_63116145.html\" target=\"_blank\" rel=\"noopener\">Jean-Michel Aulas<\/a>, \u00ab\u00a0trouve \u00e7a scandaleux\u00a0\u00bb. L\u2019\u00e9lu pointe du doigt le comportant des d\u00e9put\u00e9s rhodaniens. \u00ab\u00a0On a le maire \u00e9cologiste de Lyon qui vient \u00e0 la rencontre des commer\u00e7ants vandalis\u00e9s rue Victor-Hugo et, dans le m\u00eame temps, les d\u00e9put\u00e9s \u00e9cologistes vont voir ceux qui ont cass\u00e9. Il y a un double discours.\u00a0\u00bb<\/p>\n<p>Pierre Oliver : \u00ab\u00a0Je trouve \u00e7a odieux\u00a0\u00bb<\/p>\n<p class=\" wall-content\">Il l\u2019affirme : \u00ab\u00a0Pour avoir assist\u00e9 \u00e0 une partie de la manifestation dans le 2e arrondissement, les policiers attrapent les plus violents. Ils vont voir les d\u00e9linquants alors qu\u2019on a des victimes en ville (NDLR les commer\u00e7ants).<strong> Ils \u00e9taient au chevet des casseurs<\/strong>, je trouve \u00e7a odieux.\u00a0\u00bb<\/p>\n<p>    <img   decoding=\"async\" loading=\"lazy\" src=\"https:\/\/www.europesays.com\/fr\/wp-content\/uploads\/2025\/09\/mcdonalds-lyon-960x640.jpeg\" alt=\"Le restaurant McDonald's a \u00e9t\u00e9 attaqu\u00e9 par des casseurs rue Victor Hugo.\" width=\"960\" height=\"640\"\/><br \/>\n    Le restaurant McDonald\u2019s a \u00e9t\u00e9 d\u00e9grad\u00e9 par des casseurs rue Victor-Hugo, \u00e0 Lyon, le 10 septembre. (\u00a9Julien Damboise\/ actu Lyon)<\/p>\n<p class=\" wall-content\">Pierre Oliver, principal opposant des \u00c9cologistes \u00e0 Lyon, en rajoute une couche : \u00ab\u00a0Je trouve ces visites insupportables, surtout quand on sait la complicit\u00e9 indirecte de la M\u00e9tropole \u00e9cologiste qui a laiss\u00e9 tous les chantiers en plan, sans les vider. Par amateurisme, ils n\u2019ont m\u00eame pas demand\u00e9 \u00e0 faire d\u00e9barrasser les chantiers. Mercredi, nous avons eu des d\u00e9g\u00e2ts qu\u2019on aurait pu \u00e9viter si chacun avait pris ses responsabilit\u00e9s.\u00a0\u00bb<\/p>\n<p>Gabriel Amard (LFI) venu soutenir un militant syndiqu\u00e9 interpell\u00e9 la veille<\/p>\n<p class=\" wall-content\">\u00c0 noter la pr\u00e9sence en cellule d\u2019<strong>un leader de la lutte syndicale<\/strong>, arr\u00eat\u00e9 la veille du rassemblement \u00e0 son domicile. Il est suspect\u00e9 d\u2019\u00eatre proche de l\u2019ultra-gauche et d\u2019avoir d\u00e9pos\u00e9 une bouteille contenant du mat\u00e9riel de mise \u00e0 feu sur le lieu de la manifestation du 10 septembre, du c\u00f4t\u00e9 de Perrache.<\/p>\n<p>Votre r\u00e9gion, votre actu !<\/p>\n<p>Recevez chaque jour les infos qui comptent pour vous.<\/p>\n<p>\t<a href=\"https:\/\/actu.fr\/newsletter\" class=\"ac-btn ac-btn--corner ac-btn--medium ac-btn--blue800\" target=\"_blank\" rel=\"noopener\">S&rsquo;incrire<\/a><\/p>\n<p class=\" wall-content\">C\u2019est d\u2019ailleurs la raison pour laquelle Gabriel Amard, d\u00e9put\u00e9 LFI, s\u2019est rendu dans les locaux de garde \u00e0 vue du commissariat de Lyon 8e.\u00a0<\/p>\n<p class=\" wall-content\">\u00ab\u00a0Ce qui a \u00e9t\u00e9 le fait d\u00e9clencheur pour moi, c\u2019est que la veille du 10 septembre, un syndicaliste a \u00e9t\u00e9 arr\u00eat\u00e9 \u00e0 son domicile, puisqu\u2019il \u00e9tait consid\u00e9r\u00e9 comme un mis en cause par le parquet de Lyon. Il a \u00e9t\u00e9 perquisitionn\u00e9 alors qu\u2019il n\u2019a jamais \u00e9t\u00e9 sur le site de la manifestation, soutient l\u2019\u00e9lu insoumis. Quand j\u2019ai essay\u00e9 de comprendre, on a refus\u00e9 de me r\u00e9pondre. Je suis donc all\u00e9 m\u2019assurer si ces conditions de d\u00e9tention \u00e9taient normales.\u00a0\u00bb<\/p>\n<p>\u00ab\u00a0S\u2019assurer que tout se passe bien ne veut pas dire cautionner la violence et la casse\u00a0\u00bb<\/p>\n<p class=\" wall-content\">Gabriel Amard n\u2019a pas pu communiquer avec lui. \u00ab\u00a0Avec mes camarades, nous avons montr\u00e9 que nous \u00e9tions attentifs par notre pr\u00e9sence. Nous en avons profit\u00e9 pour nous assurer que l\u2019ensemble des \u2018gard\u00e9s \u00e0 vue\u2019 \u00e9taient correctement trait\u00e9s selon les lois de la R\u00e9publique. D\u2019ailleurs, le commissaire pr\u00e9sent a tout fait pour faciliter cette visite.\u00a0\u00bb<\/p>\n<p class=\" wall-content\">Vivement critiqu\u00e9 par Pierre Oliver, le parlementaire insoumis affirme que \u00ab\u00a0s\u2019assurer que tout se passe bien ne veut pas dire cautionner la violence et la casse\u00a0\u00bb. Il insiste : \u00ab\u00a0Je ne suis pas d\u2019accord avec cette approche caricaturale.\u00a0\u00bb<\/p>\n<p class=\" wall-content\">Avant de poursuivre : \u00ab\u00a0Je vais r\u00e9pondre comme <a href=\"https:\/\/actu.fr\/politique\/menaces-outrance-verbale-des-prefets-portent-plainte-contre-jean-luc-melenchon_63111856.html\" target=\"_blank\" rel=\"noopener\">Jean-Luc M\u00e9lenchon<\/a> a r\u00e9pondu au 20h de France 2.<strong> Casser ne m\u00e8ne \u00e0 rien. La violence se retourne toujours contre l\u2019id\u00e9e m\u00eame d\u2019un mouvement.<\/strong> L\u00e0, il s\u2019agit de se mobiliser contre l\u2019aust\u00e9rit\u00e9 budg\u00e9taire, un autoritarisme d\u2019\u00c9tat qui ne respecte ni les \u00e9lections et le mouvement social. Casser nuit \u00e0 la mobilisation qui doit \u00eatre pacifique, surtout si on veut que la diversit\u00e9 du peuple de France s\u2019y retrouve. Je ne suis pas d\u2019accord avec les actes de vandalisme. Je n\u2019excuse pas mais j\u2019entends que cela r\u00e9v\u00e8le la souffrance de la jeunesse de notre pays.\u00a0\u00bb<\/p>\n<p class=\" wall-content\">Personnalisez votre actualit\u00e9 en ajoutant vos villes et m\u00e9dias en favori avec <a href=\"https:\/\/moncompte.actu.fr\" title=\"D\u00e9couvez Mon Actu\" rel=\"nofollow noopener\" data-trk=\"{&quot;cta&quot;:{&quot;action&quot;:&quot;https:\\\/\\\/moncompte.actu.fr&quot;,&quot;category&quot;:&quot;mon compte&quot;,&quot;from&quot;:&quot;article footer&quot;,&quot;name&quot;:&quot;Mon actu&quot;,&quot;type&quot;:&quot;cta&quot;}}\" target=\"_blank\">Mon Actu<\/a>.<\/p>\n<p>                    <script async src=\"\/\/www.instagram.com\/embed.js\"><\/script><\/p>\n","protected":false},"excerpt":{"rendered":"Par Anthony Soudani Publi\u00e9 le 12 sept. 2025 \u00e0 16h48 Cinq parlementaires du Rh\u00f4ne, dont trois de la&hellip;\n","protected":false},"author":2,"featured_media":385725,"comment_status":"","ping_status":"","sticky":false,"template":"","format":"standard","meta":{"footnotes":""},"categories":[1889],"tags":[1111,11,2430,47212,1777,674,1011,27,2428,50957,12,1072,25,104],"class_list":{"0":"post-385724","1":"post","2":"type-post","3":"status-publish","4":"format-standard","5":"has-post-thumbnail","7":"category-lyon","8":"tag-actu","9":"tag-actualites","10":"tag-auvergne-rhone-alpes","11":"tag-bloquons-tout","12":"tag-eu","13":"tag-europe","14":"tag-fr","15":"tag-france","16":"tag-lyon","17":"tag-mouvement-du-10-septembre","18":"tag-news","19":"tag-police","20":"tag-republique-francaise","21":"tag-societe"},"share_on_mastodon":{"url":"https:\/\/pubeurope.com\/@fr\/115192329061044947","error":""},"_links":{"self":[{"href":"https:\/\/www.europesays.com\/fr\/wp-json\/wp\/v2\/posts\/385724","targetHints":{"allow":["GET"]}}],"collection":[{"href":"https:\/\/www.europesays.com\/fr\/wp-json\/wp\/v2\/posts"}],"about":[{"href":"https:\/\/www.europesays.com\/fr\/wp-json\/wp\/v2\/types\/post"}],"author":[{"embeddable":true,"href":"https:\/\/www.europesays.com\/fr\/wp-json\/wp\/v2\/users\/2"}],"replies":[{"embeddable":true,"href":"https:\/\/www.europesays.com\/fr\/wp-json\/wp\/v2\/comments?post=385724"}],"version-history":[{"count":0,"href":"https:\/\/www.europesays.com\/fr\/wp-json\/wp\/v2\/posts\/385724\/revisions"}],"wp:featuredmedia":[{"embeddable":true,"href":"https:\/\/www.europesays.com\/fr\/wp-json\/wp\/v2\/media\/385725"}],"wp:attachment":[{"href":"https:\/\/www.europesays.com\/fr\/wp-json\/wp\/v2\/media?parent=385724"}],"wp:term":[{"taxonomy":"category","embeddable":true,"href":"https:\/\/www.europesays.com\/fr\/wp-json\/wp\/v2\/categories?post=385724"},{"taxonomy":"post_tag","embeddable":true,"href":"https:\/\/www.europesays.com\/fr\/wp-json\/wp\/v2\/tags?post=385724"}],"curies":[{"name":"wp","href":"https:\/\/api.w.org\/{rel}","templated":true}]}}