{"id":385733,"date":"2025-09-12T16:46:20","date_gmt":"2025-09-12T16:46:20","guid":{"rendered":"https:\/\/www.europesays.com\/fr\/385733\/"},"modified":"2025-09-12T16:46:20","modified_gmt":"2025-09-12T16:46:20","slug":"attention-cette-image-de-milliers-de-manifestants-a-paris-a-ete-generee-par-ia","status":"publish","type":"post","link":"https:\/\/www.europesays.com\/fr\/385733\/","title":{"rendered":"Attention, cette image de milliers de manifestants \u00e0 Paris a \u00e9t\u00e9 g\u00e9n\u00e9r\u00e9e par IA"},"content":{"rendered":"<p class=\"mb-4 text-lg md:leading-8 break-words\">La journ\u00e9e de mobilisation \u00ab\u00a0Bloquons tout\u00a0\u00bb a r\u00e9uni pr\u00e8s de 200.000 personnes le 10 septembre 2025 dans toute la France, dont des milliers de personnes \u00e0 Paris protestant contre l&rsquo;aust\u00e9rit\u00e9, les \u00ab\u00a0in\u00e9galit\u00e9s\u00a0\u00bb ou encore contre le \u00ab\u00a0d\u00e9ni\u00a0\u00bb d\u00e9mocratique, selon un bilan \u00e9tabli par le minist\u00e8re de l&rsquo;Int\u00e9rieur. Sur des vid\u00e9os partag\u00e9es sur TikTok, des rues ressemblant aux plus grandes art\u00e8res parisiennes, comme l&rsquo;avenue des Champs-Elys\u00e9es, apparaissent comme d\u00e9bordant de manifestants. Des rassemblements ont bien eu lieu \u00e0 Paris, mais les vid\u00e9os en question ont \u00e9t\u00e9 g\u00e9n\u00e9r\u00e9es par intelligence artificielle, et encha\u00eenent des s\u00e9quences soit fausses, soit exag\u00e9rant la r\u00e9alit\u00e9.<\/p>\n<p class=\"mb-4 text-lg md:leading-8 break-words\">Dans la capitale fran\u00e7aise, les rassemblements les plus massifs ont eu lieu dans le centre de Paris, vers la Place du Ch\u00e2telet, dans le nord-est de Paris Place des F\u00eates comme on peut le voir sur la photo AFP ci-dessous, ainsi que Place de la R\u00e9publique. Ces regroupements \u00e9taient plut\u00f4t statiques. Des cort\u00e8ges ont d\u00e9fil\u00e9 par ailleurs dans plusieurs villes de France.<\/p>\n<p><img alt=\"&lt;span&gt;Un rassemblement \u00e0 l'appel du mouvement &quot;Bloquons tout&quot; le 10 septembre 2025 place des F\u00eates dans le 20e arrondissement de Paris. &lt;\/span&gt;&lt;div&gt;&lt;span&gt;ANNE-CHRISTINE POUJOULAT&lt;\/span&gt;&lt;span&gt;AFP&lt;\/span&gt;&lt;\/div&gt;\" loading=\"lazy\" width=\"960\" height=\"640\" decoding=\"async\" data-nimg=\"1\" class=\"rounded-lg\" style=\"color:transparent\" src=\"https:\/\/www.europesays.com\/fr\/wp-content\/uploads\/2025\/09\/f228db5c8f490889f5ee089ccae779f0.jpeg\"\/>Un rassemblement \u00e0 l&rsquo;appel du mouvement \u00ab\u00a0Bloquons tout\u00a0\u00bb le 10 septembre 2025 place des F\u00eates dans le 20e arrondissement de Paris. <\/p>\n<p>ANNE-CHRISTINE POUJOULATAFP<\/p>\n<p>ANNE-CHRISTINE POUJOULAT \/ AFP<\/p>\n<p class=\"mb-4 text-lg md:leading-8 break-words\">D&rsquo;autres actions, de type blocage avec de petits effectifs, ont eu lieu t\u00f4t le matin du 10 septembre sur le p\u00e9riph\u00e9rique parisien, comme Porte de la Chapelle. Une manifestation autour du Palais de l&rsquo;Elys\u00e9e avait elle \u00e9t\u00e9 interdite \u00e0 la manifestation, comme indiqu\u00e9 dans <a href=\"https:\/\/www.prefecturedepolice.interieur.gouv.fr\/sites\/default\/files\/Documents\/2025_01080_08092025.pdf\" rel=\"nofollow noopener\" target=\"_blank\" data-ylk=\"slk:un arr\u00eat\u00e9 de la pr\u00e9fecture de police;elm:context_link;itc:0;sec:content-canvas\" class=\"link \">un arr\u00eat\u00e9 de la pr\u00e9fecture de police<\/a>.<\/p>\n<p class=\"mb-4 text-lg md:leading-8 break-words\">Les rues aux alentours du Palais de l&rsquo;Elys\u00e9e \u00e9taient s\u00e9curis\u00e9es par des v\u00e9hicules de la gendarmerie comme on peut le voir sur la photo AFP ci-dessous.<\/p>\n<p><img alt=\"&lt;span&gt;Des touristes passent devant des v\u00e9hicules de la gendarmerie le 10 septembre sur l'avenue des Champs-Elys\u00e9es&lt;\/span&gt;&lt;div&gt;&lt;span&gt;JOEL SAGET&lt;\/span&gt;&lt;span&gt;AFP&lt;\/span&gt;&lt;\/div&gt;\" loading=\"lazy\" width=\"960\" height=\"640\" decoding=\"async\" data-nimg=\"1\" class=\"rounded-lg\" style=\"color:transparent\" src=\"https:\/\/www.europesays.com\/fr\/wp-content\/uploads\/2025\/09\/ecf56cd2f19ec9b608aec4eba2f67ed2.jpeg\"\/>Des touristes passent devant des v\u00e9hicules de la gendarmerie le 10 septembre sur l&rsquo;avenue des Champs-Elys\u00e9es<\/p>\n<p>JOEL SAGETAFP<\/p>\n<p>JOEL SAGET \/ AFP<\/p>\n<p class=\"mb-4 text-lg md:leading-8 break-words\">Plusieurs vid\u00e9os TikTok montrent des rues noires de monde, dont une avec la Tour Eiffel. L&rsquo;une est accompagn\u00e9e de ce commentaire : \u00ab\u00a0la crise s&rsquo;aggrave, la tension monte\u00a0\u00bb. Des flots de manifestants d\u00e9filent sur une grande avenue bord\u00e9e d&rsquo;immeubles haussmanniens.<\/p>\n<p class=\"mb-4 text-lg md:leading-8 break-words\">Mais en y regardant de plus pr\u00e8s, les manifestants portent des banderoles et des panneaux non \u00e9crits en fran\u00e7ais, dans des <a href=\"https:\/\/perma.cc\/75UZ-E9TT\" rel=\"nofollow noopener\" target=\"_blank\" data-ylk=\"slk:caract\u00e8res non reconnaissables;elm:context_link;itc:0;sec:content-canvas\" class=\"link \">caract\u00e8res non reconnaissables<\/a>, symptomatiques d&rsquo;images g\u00e9n\u00e9r\u00e9es par IA.<\/p>\n<p><img alt=\"&lt;span&gt;Capture d'\u00e9cran de la vid\u00e9o Tik-Tok r\u00e9alis\u00e9e le 12 septembre&lt;\/span&gt;\" loading=\"lazy\" width=\"593\" height=\"814\" decoding=\"async\" data-nimg=\"1\" class=\"rounded-lg\" style=\"color:transparent\" src=\"https:\/\/www.europesays.com\/fr\/wp-content\/uploads\/2025\/09\/c456c82aa6d4f578f4275ad4f3eea189.jpeg\"\/><\/p>\n<p>Capture d&rsquo;\u00e9cran de la vid\u00e9o Tik-Tok r\u00e9alis\u00e9e le 12 septembre<\/p>\n<p class=\"mb-4 text-lg md:leading-8 break-words\">L&rsquo;AFP qui avait des reporters et des photographes dans tout Paris n&rsquo;a constat\u00e9 aucun rassemblement de cette ampleur. Aucun autre m\u00e9dia reconnu n&rsquo;en a rapport\u00e9 non plus.<\/p>\n<p class=\"mb-4 text-lg md:leading-8 break-words\">Dans une autre vid\u00e9o TikTok, c&rsquo;est <a href=\"https:\/\/perma.cc\/LZ9L-2CTZ\" rel=\"nofollow noopener\" target=\"_blank\" data-ylk=\"slk:l&#039;avenue des Champs-Elys\u00e9es;elm:context_link;itc:0;sec:content-canvas\" class=\"link \">l&rsquo;avenue des Champs-Elys\u00e9es<\/a>, avec l&rsquo;Arc de Triomphe en point de mire, qui est montr\u00e9e pleine de manifestants. L\u00e0 encore avec des panneaux \u00e9crits dans un langage incompr\u00e9hensible et non en fran\u00e7ais.<\/p>\n<p class=\"mb-4 text-lg md:leading-8 break-words\">L&rsquo;IA est de plus en plus accessible au grand public et utilis\u00e9e pour d\u00e9former la r\u00e9alit\u00e9, notamment sur les r\u00e9seaux sociaux, comme l&rsquo;AFP l&rsquo;explique dans cette\u00a0<a href=\"https:\/\/www.instagram.com\/reel\/DN0D4wjWBBB\/\" rel=\"nofollow noopener\" target=\"_blank\" data-ylk=\"slk:vid\u00e9o Instagram;elm:context_link;itc:0;sec:content-canvas\" class=\"link \">vid\u00e9o Instagram<\/a>.<\/p>\n<p class=\"mb-4 text-lg md:leading-8 break-words\">Autre exemple publi\u00e9 le 10 septembre, toujours sur une vid\u00e9o TikTok, Paris appara\u00eet en feu \u00e0 plusieurs endroits. Et c&rsquo;est m\u00eame le symbole de Paris, la tour Eiffel, qui voit de la <a href=\"https:\/\/perma.cc\/48YX-839V\" rel=\"nofollow noopener\" target=\"_blank\" data-ylk=\"slk:fum\u00e9e;elm:context_link;itc:0;sec:content-canvas\" class=\"link \">fum\u00e9e<\/a> sortir de son sommet. Le commentaire est en anglais:\u00a0\u00ab\u00a0Paris br\u00fble, la ville Lumi\u00e8re a \u00e9t\u00e9 transform\u00e9e en cit\u00e9 de la violence\u00a0\u00bb. Cette infox est r\u00e9currente sur les r\u00e9seaux sociaux.<\/p>\n<p><img alt=\"&lt;span&gt;Capture d'\u00e9cran d'une vid\u00e9o TikTok r\u00e9alis\u00e9e le 12 septembre 2025&lt;\/span&gt;\" loading=\"lazy\" width=\"489\" height=\"717\" decoding=\"async\" data-nimg=\"1\" class=\"rounded-lg\" style=\"color:transparent\" src=\"https:\/\/www.europesays.com\/fr\/wp-content\/uploads\/2025\/09\/ee0bf9fb436a12f91ad860ed705f2a5e.jpeg\"\/><\/p>\n<p>Capture d&rsquo;\u00e9cran d&rsquo;une vid\u00e9o TikTok r\u00e9alis\u00e9e le 12 septembre 2025<\/p>\n<p class=\"mb-4 text-lg md:leading-8 break-words\">Aucun feu n&rsquo;a \u00e9t\u00e9 signal\u00e9 \u00e0 la Tour Eiffel le 10 septembre.<\/p>\n<p class=\"mb-4 text-lg md:leading-8 break-words\">A Paris, en revanche, le feu d&rsquo;une fa\u00e7ade a \u00e9t\u00e9 signal\u00e9 dans le centre de la capitale, un feu peut-\u00eatre provoqu\u00e9 involontairement par une intervention polici\u00e8re selon le parquet de Paris. On peut le voir sur une photo AFP. Les reporters ont pris \u00e9galement des images de feux de barricades et de poubelles comme sur la Place des F\u00eates.<\/p>\n<p><img alt=\"&lt;span&gt;Les pompiers \u00e9teignent un incendie le 10 septembre place des F\u00eates \u00e0 Paris &lt;\/span&gt;&lt;div&gt;&lt;span&gt;AURORE MESENGE&lt;\/span&gt;&lt;span&gt;AFP&lt;\/span&gt;&lt;\/div&gt;\" loading=\"lazy\" width=\"960\" height=\"640\" decoding=\"async\" data-nimg=\"1\" class=\"rounded-lg\" style=\"color:transparent\" src=\"https:\/\/www.europesays.com\/fr\/wp-content\/uploads\/2025\/09\/336e702814f56b6b05d0502f6de60459.jpeg\"\/>Les pompiers \u00e9teignent un incendie le 10 septembre place des F\u00eates \u00e0 Paris <\/p>\n<p>AURORE MESENGEAFP<\/p>\n<p>AURORE MESENGE \/ AFP<img alt=\"&lt;span&gt;Incendie d'une fa\u00e7ade au centre de Paris rue Saint-Denis le 10 septembre&lt;\/span&gt;&lt;div&gt;&lt;span&gt;AMAURY CORNU&lt;\/span&gt;&lt;span&gt;Hans Lucas&lt;\/span&gt;&lt;\/div&gt;\" loading=\"lazy\" width=\"960\" height=\"639\" decoding=\"async\" data-nimg=\"1\" class=\"rounded-lg\" style=\"color:transparent\" src=\"https:\/\/www.europesays.com\/fr\/wp-content\/uploads\/2025\/09\/fdca3bd5f03dca4377dfbbb77153bf51.jpeg\"\/>Incendie d&rsquo;une fa\u00e7ade au centre de Paris rue Saint-Denis le 10 septembre<\/p>\n<p>AMAURY CORNUHans Lucas<\/p>\n<p>AMAURY CORNU \/ Hans Lucas<\/p>\n<p class=\"mb-4 text-lg md:leading-8 break-words\">D&rsquo;autres infox ont circul\u00e9 \u00e0 l&rsquo;occasion de cette journ\u00e9e de mobilisation, v\u00e9rifi\u00e9es par l&rsquo;AFP dans cet\u00a0<a href=\"https:\/\/factuel.afp.com\/doc.afp.com.742M7T4\" rel=\"nofollow noopener\" target=\"_blank\" data-ylk=\"slk:article;elm:context_link;itc:0;sec:content-canvas\" class=\"link \">article<\/a> par exemple.<\/p>\n<p><script async src=\"\/\/www.instagram.com\/embed.js\"><\/script><\/p>\n","protected":false},"excerpt":{"rendered":"La journ\u00e9e de mobilisation \u00ab\u00a0Bloquons tout\u00a0\u00bb a r\u00e9uni pr\u00e8s de 200.000 personnes le 10 septembre 2025 dans toute&hellip;\n","protected":false},"author":2,"featured_media":385734,"comment_status":"","ping_status":"","sticky":false,"template":"","format":"standard","meta":{"footnotes":""},"categories":[1888],"tags":[48300,51824,1111,1928,11,1927,1777,674,1011,27,10239,12,1926,51825,626,1925,51826,25,2439],"class_list":{"0":"post-385733","1":"post","2":"type-post","3":"status-publish","4":"format-standard","5":"has-post-thumbnail","7":"category-paris","8":"tag-10-septembre","9":"tag-20e-arrondissement-de-paris","10":"tag-actu","11":"tag-actu-paris","12":"tag-actualites","13":"tag-actualites-paris","14":"tag-eu","15":"tag-europe","16":"tag-fr","17":"tag-france","18":"tag-manifestants","19":"tag-news","20":"tag-news-paris","21":"tag-palais-de-lelysee-2","22":"tag-paris","23":"tag-paris-news","24":"tag-place-des-fetes","25":"tag-republique-francaise","26":"tag-tiktok"},"share_on_mastodon":{"url":"https:\/\/pubeurope.com\/@fr\/115192345006388396","error":""},"_links":{"self":[{"href":"https:\/\/www.europesays.com\/fr\/wp-json\/wp\/v2\/posts\/385733","targetHints":{"allow":["GET"]}}],"collection":[{"href":"https:\/\/www.europesays.com\/fr\/wp-json\/wp\/v2\/posts"}],"about":[{"href":"https:\/\/www.europesays.com\/fr\/wp-json\/wp\/v2\/types\/post"}],"author":[{"embeddable":true,"href":"https:\/\/www.europesays.com\/fr\/wp-json\/wp\/v2\/users\/2"}],"replies":[{"embeddable":true,"href":"https:\/\/www.europesays.com\/fr\/wp-json\/wp\/v2\/comments?post=385733"}],"version-history":[{"count":0,"href":"https:\/\/www.europesays.com\/fr\/wp-json\/wp\/v2\/posts\/385733\/revisions"}],"wp:featuredmedia":[{"embeddable":true,"href":"https:\/\/www.europesays.com\/fr\/wp-json\/wp\/v2\/media\/385734"}],"wp:attachment":[{"href":"https:\/\/www.europesays.com\/fr\/wp-json\/wp\/v2\/media?parent=385733"}],"wp:term":[{"taxonomy":"category","embeddable":true,"href":"https:\/\/www.europesays.com\/fr\/wp-json\/wp\/v2\/categories?post=385733"},{"taxonomy":"post_tag","embeddable":true,"href":"https:\/\/www.europesays.com\/fr\/wp-json\/wp\/v2\/tags?post=385733"}],"curies":[{"name":"wp","href":"https:\/\/api.w.org\/{rel}","templated":true}]}}