{"id":385735,"date":"2025-09-12T16:47:13","date_gmt":"2025-09-12T16:47:13","guid":{"rendered":"https:\/\/www.europesays.com\/fr\/385735\/"},"modified":"2025-09-12T16:47:13","modified_gmt":"2025-09-12T16:47:13","slug":"rome-sur-les-traces-de-paris-pour-rendre-le-tibre-accessible-a-la-baignade","status":"publish","type":"post","link":"https:\/\/www.europesays.com\/fr\/385735\/","title":{"rendered":"Rome sur les traces de Paris pour rendre le Tibre accessible \u00e0 la baignade"},"content":{"rendered":"<p class=\"mb-4 text-lg md:leading-8 break-words\"><strong>Le Tibre<\/strong> pourrait bient\u00f4t devenir <strong>baignable<\/strong>. Un r\u00eave qui semble de plus en plus proche : depuis le pavillon italien de l&rsquo;<strong>Expo 2025 d&rsquo;Osaka,<\/strong> <strong>le maire de Rome<\/strong> a confirm\u00e9 avoir \u00ab\u00a0d\u00e9j\u00e0 mis en place un groupe de travail qui sera bient\u00f4t interinstitutionnel\u00a0\u00bb.<\/p>\n<p>Un objectif tout \u00e0 fait r\u00e9alisable<\/p>\n<p class=\"mb-4 text-lg md:leading-8 break-words\">Roberto Gualtieri a parl\u00e9 d&rsquo;un objectif r\u00e9alisable, expliquant qu&rsquo;il avait d\u00e9j\u00e0 impliqu\u00e9 le ministre de l&rsquo;Environnement, Gilberto Pichetto Fratin, et les dirigeants de la r\u00e9gion du Latium dans l&rsquo;\u00e9tude de faisabilit\u00e9 et de co\u00fbt. \u00ab\u00a0En collaboration avec le gouvernement et la r\u00e9gion, cette table travaillera sur les investissements n\u00e9cessaires\u00a0\u00bb, a-t-il d\u00e9clar\u00e9.<\/p>\n<p class=\"mb-4 text-lg md:leading-8 break-words\">L&rsquo;\u00e9dile a \u00e9galement pr\u00e9cis\u00e9 que les co\u00fbts ne seront pas aussi \u00e9lev\u00e9s que dans le cas de Paris, car les niveaux de pollution y \u00e9taient beaucoup plus \u00e9lev\u00e9s.<\/p>\n<p>Filtrage de toutes les canalisations de l&rsquo;Aniene<\/p>\n<p class=\"mb-4 text-lg md:leading-8 break-words\">Le maire a certifi\u00e9 que certaines zones du Tibre seraient d\u00e9j\u00e0 baignables. Mais pour que faire un plongeon soit possible \u00e0 n&rsquo;importe quel niveau du fleuve, m\u00eame dans le tron\u00e7on en aval de l&rsquo;Aniene, certaines interventions sont n\u00e9cessaires.<\/p>\n<p class=\"mb-4 text-lg md:leading-8 break-words\">Les op\u00e9rations auraient d\u00e9j\u00e0 commenc\u00e9, avec la participation de la <strong>police municipale m\u00e9tropolitaine<\/strong> qui, comme l&rsquo;a soulign\u00e9 le maire, \u00ab\u00a0effectue un contr\u00f4le de tous les rejets sur l&rsquo;Aniene, m\u00eame ceux qui se trouvent en dehors du territoire de <strong>Roma Capitale<\/strong>, et qui repr\u00e9sentent l&rsquo;une des principales causes des conditions actuelles de non-baignade\u00a0\u00bb.<\/p>\n<p class=\"mb-4 text-lg md:leading-8 break-words\">Selon Roberto Gualtieri, les trois ou quatre actions n\u00e9cessaires ont d\u00e9j\u00e0 \u00e9t\u00e9 identifi\u00e9es. \u00ab\u00a0Avec l&rsquo;aide de la communaut\u00e9 scientifique et technologique et des institutions, nous \u00e9tablirons un calendrier. D\u00e8s la premi\u00e8re \u00e9tude r\u00e9alis\u00e9e\u00a0\u00bb, a-t-il d\u00e9taill\u00e9, \u00ab\u00a0c&rsquo;est un objectif \u00e0 notre port\u00e9e\u00a0\u00bb.<\/p>\n<p>La Seine r\u00e9pond aux normes europ\u00e9ennes de qualit\u00e9 de l&rsquo;eau<\/p>\n<p class=\"mb-4 text-lg md:leading-8 break-words\">L&rsquo;exemple de Paris suscite l&rsquo;espoir. En effet, en juillet dernier, <a href=\"https:\/\/fr.news.yahoo.com\/baignade-seine-%C3%A0-paris-premiers-160833511.html\" data-ylk=\"slk:la Seine est redevenue baignable;elm:context_link;itc:0;sec:content-canvas;outcm:mb_qualified_link;_E:mb_qualified_link;ct:story;\" class=\"link  yahoo-link\" target=\"_blank\" rel=\"noopener\"><strong>la Seine est redevenue baignable<\/strong><\/a> pour la premi\u00e8re fois depuis 1923\u00a0<strong>:<\/strong> un objectif atteint en pleine conformit\u00e9 avec les lois et r\u00e8glements europ\u00e9ens.<\/p>\n<p class=\"mb-4 text-lg md:leading-8 break-words\">La maire Anne Hidalgo s&rsquo;est r\u00e9jouie de ce r\u00e9sultat, partag\u00e9 par les habitants et les touristes qui ont pu profiter de l&rsquo;exp\u00e9rience. Un succ\u00e8s rendu possible par une op\u00e9ration de nettoyage des eaux de 1,4 milliard d&rsquo;euros, r\u00e9alis\u00e9e en amont des Jeux olympiques de l&rsquo;ann\u00e9e pr\u00e9c\u00e9dente.<\/p>\n<p class=\"mb-4 text-lg md:leading-8 break-words\">Le <strong>pr\u00e9fet de la r\u00e9gion \u00cele-de-France,<\/strong> Marc Guillaume, a d\u00e9clar\u00e9 que \u00ab\u00a0la qualit\u00e9 de l&rsquo;eau est exceptionnelle\u00a0\u00bb. Un r\u00e9sultat historique, obtenu apr\u00e8s plus d&rsquo;un si\u00e8cle o\u00f9 la pollution et le trafic fluvial avaient impos\u00e9 l&rsquo;interdiction de la baignade dans la Seine.<\/p>\n","protected":false},"excerpt":{"rendered":"Le Tibre pourrait bient\u00f4t devenir baignable. Un r\u00eave qui semble de plus en plus proche : depuis le&hellip;\n","protected":false},"author":2,"featured_media":385736,"comment_status":"","ping_status":"","sticky":false,"template":"","format":"standard","meta":{"footnotes":""},"categories":[1888],"tags":[1111,1928,11,1927,1777,674,1011,27,51830,5353,12,1926,626,1925,36622,51828,25,51827,51829],"class_list":{"0":"post-385735","1":"post","2":"type-post","3":"status-publish","4":"format-standard","5":"has-post-thumbnail","7":"category-paris","8":"tag-actu","9":"tag-actu-paris","10":"tag-actualites","11":"tag-actualites-paris","12":"tag-eu","13":"tag-europe","14":"tag-fr","15":"tag-france","16":"tag-gilberto-pichetto-fratin","17":"tag-la-seine","18":"tag-news","19":"tag-news-paris","20":"tag-paris","21":"tag-paris-news","22":"tag-qualite-de-leau-2","23":"tag-region-du-latium","24":"tag-republique-francaise","25":"tag-roberto-gualtieri","26":"tag-tibre"},"share_on_mastodon":{"url":"https:\/\/pubeurope.com\/@fr\/115192348408574370","error":""},"_links":{"self":[{"href":"https:\/\/www.europesays.com\/fr\/wp-json\/wp\/v2\/posts\/385735","targetHints":{"allow":["GET"]}}],"collection":[{"href":"https:\/\/www.europesays.com\/fr\/wp-json\/wp\/v2\/posts"}],"about":[{"href":"https:\/\/www.europesays.com\/fr\/wp-json\/wp\/v2\/types\/post"}],"author":[{"embeddable":true,"href":"https:\/\/www.europesays.com\/fr\/wp-json\/wp\/v2\/users\/2"}],"replies":[{"embeddable":true,"href":"https:\/\/www.europesays.com\/fr\/wp-json\/wp\/v2\/comments?post=385735"}],"version-history":[{"count":0,"href":"https:\/\/www.europesays.com\/fr\/wp-json\/wp\/v2\/posts\/385735\/revisions"}],"wp:featuredmedia":[{"embeddable":true,"href":"https:\/\/www.europesays.com\/fr\/wp-json\/wp\/v2\/media\/385736"}],"wp:attachment":[{"href":"https:\/\/www.europesays.com\/fr\/wp-json\/wp\/v2\/media?parent=385735"}],"wp:term":[{"taxonomy":"category","embeddable":true,"href":"https:\/\/www.europesays.com\/fr\/wp-json\/wp\/v2\/categories?post=385735"},{"taxonomy":"post_tag","embeddable":true,"href":"https:\/\/www.europesays.com\/fr\/wp-json\/wp\/v2\/tags?post=385735"}],"curies":[{"name":"wp","href":"https:\/\/api.w.org\/{rel}","templated":true}]}}