{"id":385737,"date":"2025-09-12T16:48:17","date_gmt":"2025-09-12T16:48:17","guid":{"rendered":"https:\/\/www.europesays.com\/fr\/385737\/"},"modified":"2025-09-12T16:48:17","modified_gmt":"2025-09-12T16:48:17","slug":"acne-studios-sagrandit-a-paris-avec-un-nouveau-siege-social","status":"publish","type":"post","link":"https:\/\/www.europesays.com\/fr\/385737\/","title":{"rendered":"Acne Studios s&rsquo;agrandit \u00e0 Paris avec un nouveau si\u00e8ge social"},"content":{"rendered":"<p>\n                                    <b>Publi\u00e9 le<\/b><br \/>\n                                    <\/p>\n<p>                                        12 septembre 2025<\/p>\n<p class=\"article-content col-md-8 offset-md-1\">\n                                <a class=\"fnwAddLinks\" href=\"https:\/\/be.fashionnetwork.com\/tags-acne-studios\" title=\"Acne Studios\" target=\"_blank\" rel=\"noopener\">Acne Studios<\/a> s\u2019offre un nouvel \u00e9crin d\u2019envergure \u00e0 Paris. Apr\u00e8s l&rsquo;ouverture en 2019 de son si\u00e8ge \u00e0 Stockholm, d\u00e9di\u00e9 au design, la marque su\u00e9doise connue pour ses cr\u00e9ations d\u2019avant-garde emm\u00e9nage \u00e0 Paris dans un bel h\u00f4tel particulier du d\u00e9but du si\u00e8cle dernier, qui a h\u00e9berg\u00e9 un laboratoire pharmaceutique. L\u2019espace, cach\u00e9 au fond d\u2019une cour, situ\u00e9 au 48, rue des Petites-Ecuries, dans le Xe\u00a0arrondissement, r\u00e9unit tous les d\u00e9partements du label, dont une partie des studios de cr\u00e9ation femme et accessoires, dans un d\u00e9cor\u00a0m\u00ealant traces du pass\u00e9 et \u0153uvres d\u2019art contemporaines.\u00a0<\/p>\n<p><img decoding=\"async\" class=\"news-image\" style=\"width:100%;\" src=\"https:\/\/www.europesays.com\/fr\/wp-content\/uploads\/2025\/09\/7191.jpg\" alt=\"L'accueil conserve le d\u00e9cor d'origine\" loading=\"lazy\"\/>L&rsquo;accueil conserve le d\u00e9cor d&rsquo;origine &#8211; Acne Studios<\/p>\n<p class=\"col-md-8 offset-md-1 article-content--texte\">Le projet d\u2019am\u00e9nagement a \u00e9t\u00e9 con\u00e7u par Jonny Johansson, cofondateur et directeur artistique d\u2019Acne Studios, en collaboration avec le cabinet d\u2019architecture et de design su\u00e9dois Halleroed, qui collabore avec la marque depuis plus de dix ans. \u00ab\u00a0L&rsquo;espace conserve la grandeur brute du laboratoire et de l&rsquo;h\u00f4tel particulier construits dans les ann\u00e9es 1930, enrichis par une s\u00e9lection d&rsquo;\u0153uvres d&rsquo;art contemporain et de mobilier provenant du cercle proche des collaborateurs de Jonny Johansson\u00a0\u00bb, pr\u00e9cise la maison dans un communiqu\u00e9.<\/p>\n<p>Cet h\u00f4tel particulier a \u00e9t\u00e9 \u00e9rig\u00e9 en 1926 par la famille Prevet, les premiers propri\u00e9taires de Gomenol. Ce laboratoire, qui a occup\u00e9 les lieux jusque dans les ann\u00e9es 1980, s&rsquo;est illustr\u00e9 par sa production de teintures et d&rsquo;huiles \u00e0 base de plantes, en particulier une huile essentielle extraite du niaouli, le Gom\u00e9nol. L&rsquo;ancien laboratoire accueille d\u00e9sormais au rez-de-chauss\u00e9e\u00a0un spacieux showroom\u00a0 avec ses colonnes en b\u00e9ton brut, son plafond-verri\u00e8re vo\u00fbt\u00e9 original et les murs peints en blanc, ainsi\u00a0et qu&rsquo;une cabine d&rsquo;essayage pour les clients VIP,<\/p>\n<p class=\"col-md-8 offset-md-1 article-content--texte\">L\u2019id\u00e9e \u00e9tait d\u2019ins\u00e9rer avec harmonie ces \u00e9l\u00e9ments historiques au nouvel am\u00e9nagement. Comme l&rsquo;explique Jonny Johansson, \u00ab\u00a0notre objectif principal \u00e9tait de respecter l&rsquo;histoire du lieu tout en lui insufflant une \u00e9nergie nouvelle et moderne. Le b\u00e2timent lui-m\u00eame poss\u00e8de une incroyable pr\u00e9sence architecturale. Il est charg\u00e9 d&rsquo;histoire, et cela se ressent lorsque l&rsquo;on parcourt ses pi\u00e8ces. Nous ne voulions pas effacer cet effet\u00a0\u00bb.<\/p>\n<p><img decoding=\"async\" class=\"news-image\" style=\"width:100%;\" src=\"https:\/\/www.europesays.com\/fr\/wp-content\/uploads\/2025\/09\/4a05.jpg\" alt=\"Le showroom est install\u00e9 dans l'ancien laboratoire Gomenol\" loading=\"lazy\"\/>Le showroom est install\u00e9 dans l&rsquo;ancien laboratoire Gomenol &#8211; Acne Studios<\/p>\n<p class=\"col-md-8 offset-md-1 article-content--texte\">\u00ab\u00a0Au contraire, nous souhaitions cr\u00e9er une sorte de dialogue entre le pass\u00e9 et le pr\u00e9sent, en nous laissant guider par la structure d&rsquo;origine. Il est important de conserver ces traces du pass\u00e9, non seulement par respect, mais aussi parce que cela fa\u00e7onne l&rsquo;atmosph\u00e8re et l&rsquo;\u00e9nergie du b\u00e2timent. Et cr\u00e9e une base pour le type de travail cr\u00e9atif que nous faisons\u00a0\u00bb, poursuit-il.<\/p>\n<p>L\u2019entr\u00e9e du b\u00e2timent, qui fait office d&rsquo;accueil, conserve ainsi moulures dor\u00e9es, frises, boiseries et parquets m\u00e9ticuleusement restaur\u00e9s. Tout comme la cantine dans l\u2019entresol avec son sol carrel\u00e9 d&rsquo;origine. Celle-ci est dot\u00e9e de grandes tables communes en bois clair, qui peuvent servir aussi pour des r\u00e9unions ou s\u00e9ances de travail. Elle jouxte une cuisine et m\u00e8ne \u00e0 un jardin ext\u00e9rieur en contrebas. Les bureaux et le\u00a0studio de cr\u00e9ation se trouvant au premier \u00e9tage.<\/p>\n<p>L\u2019ensemble de l\u2019\u00e9difice, qui va accueillir quelque 80 salari\u00e9s, est parsem\u00e9 de meubles design, tels que les si\u00e8ges du jardin et les canap\u00e9s du showroom, sign\u00e9s par le Britannique Max Lamb, collaborateur de longue date d\u2019Acne Studios. Tout comme l\u2019artiste luminaire Beno\u00eet Lalloz, qui a r\u00e9alis\u00e9 une installation lumineuse sur-mesure. A cela s\u2019ajoutent les \u0153uvres d\u2019art, comme la sculpture en marbre de Daniel Silver se dressant dans la cour ou encore les cand\u00e9labres de Sylvie Macmillan.\n                            <\/p>\n<p>\n                                Tous droits de reproduction et de repr\u00e9sentation r\u00e9serv\u00e9s.<br \/>\u00a9 2025 FashionNetwork.com\n                            <\/p>\n","protected":false},"excerpt":{"rendered":"Publi\u00e9 le 12 septembre 2025 Acne Studios s\u2019offre un nouvel \u00e9crin d\u2019envergure \u00e0 Paris. Apr\u00e8s l&rsquo;ouverture en 2019&hellip;\n","protected":false},"author":2,"featured_media":385738,"comment_status":"","ping_status":"","sticky":false,"template":"","format":"standard","meta":{"footnotes":""},"categories":[1888],"tags":[30545,11,2424,537,2423,1777,674,1011,27,2425,985,12,2298,626,2426,2427,25,2421,2422],"class_list":{"0":"post-385737","1":"post","2":"type-post","3":"status-publish","4":"format-standard","5":"has-post-thumbnail","7":"category-paris","8":"tag-acne-studios","9":"tag-actualites","10":"tag-beaute","11":"tag-contact","12":"tag-cosmetiques","13":"tag-eu","14":"tag-europe","15":"tag-fr","16":"tag-france","17":"tag-luxe","18":"tag-mode","19":"tag-news","20":"tag-parfum","21":"tag-paris","22":"tag-professionnel","23":"tag-professionnels","24":"tag-republique-francaise","25":"tag-reseau","26":"tag-textile"},"share_on_mastodon":{"url":"https:\/\/pubeurope.com\/@fr\/115192352401616830","error":""},"_links":{"self":[{"href":"https:\/\/www.europesays.com\/fr\/wp-json\/wp\/v2\/posts\/385737","targetHints":{"allow":["GET"]}}],"collection":[{"href":"https:\/\/www.europesays.com\/fr\/wp-json\/wp\/v2\/posts"}],"about":[{"href":"https:\/\/www.europesays.com\/fr\/wp-json\/wp\/v2\/types\/post"}],"author":[{"embeddable":true,"href":"https:\/\/www.europesays.com\/fr\/wp-json\/wp\/v2\/users\/2"}],"replies":[{"embeddable":true,"href":"https:\/\/www.europesays.com\/fr\/wp-json\/wp\/v2\/comments?post=385737"}],"version-history":[{"count":0,"href":"https:\/\/www.europesays.com\/fr\/wp-json\/wp\/v2\/posts\/385737\/revisions"}],"wp:featuredmedia":[{"embeddable":true,"href":"https:\/\/www.europesays.com\/fr\/wp-json\/wp\/v2\/media\/385738"}],"wp:attachment":[{"href":"https:\/\/www.europesays.com\/fr\/wp-json\/wp\/v2\/media?parent=385737"}],"wp:term":[{"taxonomy":"category","embeddable":true,"href":"https:\/\/www.europesays.com\/fr\/wp-json\/wp\/v2\/categories?post=385737"},{"taxonomy":"post_tag","embeddable":true,"href":"https:\/\/www.europesays.com\/fr\/wp-json\/wp\/v2\/tags?post=385737"}],"curies":[{"name":"wp","href":"https:\/\/api.w.org\/{rel}","templated":true}]}}