{"id":385741,"date":"2025-09-12T16:50:13","date_gmt":"2025-09-12T16:50:13","guid":{"rendered":"https:\/\/www.europesays.com\/fr\/385741\/"},"modified":"2025-09-12T16:50:13","modified_gmt":"2025-09-12T16:50:13","slug":"le-corridor-de-suwalki-un-axe-convoite-par-la-russie-qui-alimente-les-craintes-de-lotan","status":"publish","type":"post","link":"https:\/\/www.europesays.com\/fr\/385741\/","title":{"rendered":"Le corridor de Suwalki, un axe convoit\u00e9 par la Russie qui alimente les craintes de l&rsquo;OTAN"},"content":{"rendered":"<p class=\"mb-4 text-lg md:leading-8 break-words\">Environ 65 kilom\u00e8tres et des ann\u00e9es de tensions et convoitises. Au coeur des diff\u00e9rends entre la <a href=\"https:\/\/fr.news.yahoo.com\/russie-b%C3%A9larus-d%C3%A9butent-exercices-militaires-063455466.html\" data-ylk=\"slk:Russie;elm:context_link;itc:0;sec:content-canvas;outcm:mb_qualified_link;_E:mb_qualified_link;ct:story;\" class=\"link  yahoo-link\" target=\"_blank\" rel=\"noopener\">Russie<\/a> et les pays alli\u00e9s de l&rsquo;<a href=\"https:\/\/fr.news.yahoo.com\/drones-russes-abattus-aide-lotan-092047956.html\" data-ylk=\"slk:OTAN;elm:context_link;itc:0;sec:content-canvas;outcm:mb_qualified_link;_E:mb_qualified_link;ct:story;\" class=\"link  yahoo-link\" target=\"_blank\" rel=\"noopener\">OTAN<\/a>, le corridor de Suwalki, qui s\u00e9pare l&rsquo;exclave de Kaliningrad \u00e0 la Bi\u00e9lorussie, est particuli\u00e8rement surveill\u00e9, quelques jours apr\u00e8s l&rsquo;intrusion sans pr\u00e9c\u00e9dent de <a href=\"https:\/\/fr.news.yahoo.com\/drones-russes-abattus-pologne-france-151652820.html\" data-ylk=\"slk:drones russes sur le territoire polonais;elm:context_link;itc:0;sec:content-canvas;outcm:mb_qualified_link;_E:mb_qualified_link;ct:story;\" class=\"link  yahoo-link\" target=\"_blank\" rel=\"noopener\">drones russes sur le territoire polonais<\/a>.<\/p>\n<p class=\"mb-4 text-lg md:leading-8 break-words\">Un gap qui attire les convoitises en raison de son placement strat\u00e9gique. \u00ab\u00a0Ce corridor est la seule voie terrestre qui r\u00e9unit les pays baltes au reste de l&rsquo;Europe et au reste des alli\u00e9s de l&rsquo;OTAN\u00a0\u00bb, souligne l&rsquo;historien militaire Guillaume Lasconjarias, joint par BFMTV.<\/p>\n<p class=\"mb-4 text-lg md:leading-8 break-words\">\u00ab\u00a0Dit autrement, si le corridor est coup\u00e9, les pays baltes deviennent une \u00eele et ils ne pourraient ainsi plus \u00eatre approvisionn\u00e9s que par la voie maritime ou a\u00e9rienne, \u00e7a vous donne l&rsquo;enjeu strat\u00e9gique du contr\u00f4le de cette zone\u00a0\u00bb, poursuit-il.<\/p>\n<p class=\"mb-4 text-lg md:leading-8 break-words\">En cons\u00e9quence, la Lituanie, qui partage la fronti\u00e8re de ce corridor sur la partie nord, avec la Pologne pour le sud, a d\u00e9cid\u00e9 de renforcer sa s\u00e9curit\u00e9 et \u00ab\u00a0r\u00e9pond d\u00e9sormais aux normes les plus \u00e9lev\u00e9es en mati\u00e8re de protection des fronti\u00e8res ext\u00e9rieures de l&rsquo;UE\u00a0\u00bb, affirme Vladislav Kondratovi\u010d, le ministre de l&rsquo;Int\u00e9rieur, dans un <a href=\"https:\/\/vrm.lrv.lt\/en\/news\/during-the-zapad-2025-exercises-lithuanias-state-border-guard-service-vsat-will-further-strengthen-border-protection-mVsn\/\" rel=\"nofollow noopener\" target=\"_blank\" data-ylk=\"slk:communiqu\u00e9;elm:context_link;itc:0;sec:content-canvas\" class=\"link \">communiqu\u00e9<\/a>.<\/p>\n<p class=\"mb-4 text-lg md:leading-8 break-words\">Ce dernier pr\u00e9cise qu&rsquo;une barri\u00e8re a \u00e9t\u00e9 mont\u00e9e \u00ab\u00a0tout au long de la fronti\u00e8re\u00a0\u00bb, il \u00e9voque \u00e9galement la mise en place de syst\u00e8mes de surveillance avanc\u00e9s et l&rsquo;augmentation du nombre d&rsquo;agents \u00e9quip\u00e9s d&rsquo;armes \u00ab\u00a0conformes aux normes de l&rsquo;OTAN\u00a0\u00bb au niveau de la fronti\u00e8re.<\/p>\n<p>Des exercices militaires en guise de \u00ab\u00a0provocations\u00a0\u00bb<\/p>\n<p class=\"mb-4 text-lg md:leading-8 break-words\">Dans le m\u00eame temps, les exercices \u00ab\u00a0Zapad 2025\u00a0\u00bb, des op\u00e9rations militaires d&rsquo;entra\u00eenement conjointes entre la Russie et la Bi\u00e9lorussie ont d\u00e9but\u00e9 ce vendredi 12 septembre et se tiennent jusqu&rsquo;\u00e0 mardi. Elles se tiendront \u00e9galement en mer de Barents et en mer Baltique. Ces manoeuvres se d\u00e9roulent alors que l&rsquo;arm\u00e9e russe progresse sur le front ukrainien et intensifie ses attaques a\u00e9riennes en Ukraine et en Pologne notamment.<\/p>\n<p class=\"mb-4 text-lg md:leading-8 break-words\">Pour l&rsquo;historien militaire Guillaume Lasconjarias, ce type d&rsquo;exercice a trois int\u00e9r\u00eats, et d&rsquo;abord militaire pour \u00ab\u00a0entra\u00eener les troupes\u00a0\u00bb. Sa deuxi\u00e8me fonction vise \u00e0 d\u00e9montrer la capacit\u00e9 op\u00e9rationnelle de ces troupes et leur cr\u00e9dibilit\u00e9, soit leur capacit\u00e9 \u00e0 s&rsquo;engager dans un conflit, poursuit-il, aupr\u00e8s de BFMTV. Enfin, ce type de mission sert au signalement strat\u00e9gique. \u00ab\u00a0C&rsquo;est une expression extr\u00eamement importante parce que ce signalement strat\u00e9gique s&rsquo;adresse \u00e0 la fois aux adversaires, aux alli\u00e9s et \u00e0 sa propre opinion publique\u00a0\u00bb, compl\u00e8te-t-il.<\/p>\n<p class=\"mb-4 text-lg md:leading-8 break-words\">Le Premier ministre polonais Donald Tusk estime que ces manoeuvres visent \u00e0 simuler l&rsquo;occupation du corridor de Suwalki, qui s&rsquo;\u00e9tend le long de la fa Bi\u00e9lorussie \u00e0 l&rsquo;est. Varsovie a dit, elle, s&rsquo;attendre \u00ab\u00a0\u00e0 des provocations\u00a0\u00bb lors de ces exercices, a d\u00e9clar\u00e9 vendredi le ministre coordinateur des services sp\u00e9ciaux polonais, Tomasz Siemoniak.<\/p>\n<p class=\"mb-4 text-lg md:leading-8 break-words\">Cette inqui\u00e9tude s\u2019appuie sur des signaux concrets dont l&rsquo;augmentation de la pr\u00e9sence militaire russe \u00e0 Kaliningrad et en Bi\u00e9lorussie, man\u0153uvres soudaines, mouvements de troupes inhabituels. \u00ab\u00a0Nous voyons se r\u00e9p\u00e9ter des sch\u00e9mas d\u00e9j\u00e0 observ\u00e9s avant la guerre en Ukraine\u00a0\u00bb, a soulign\u00e9 l\u2019ancien officier de renseignement britannique Philip Ingram, dans des propos rapport\u00e9s par <a href=\"https:\/\/112.ua\/en\/putin-planue-ataku-na-suvalskij-koridor-comu-ce-ahilesova-pata-nato-87637\" rel=\"nofollow noopener\" target=\"_blank\" data-ylk=\"slk:112.ua;elm:context_link;itc:0;sec:content-canvas\" class=\"link \">112.ua<\/a>.<\/p>\n<p>Une inqui\u00e9tude qui a grandi depuis pr\u00e8s de 10 ans<\/p>\n<p class=\"mb-4 text-lg md:leading-8 break-words\">La chercheuse en Relations internationales sp\u00e9cialis\u00e9e dans la s\u00e9curit\u00e9, Cindy Regnier, notait en 2023 pour The Loop qu&rsquo;avant 2015, cette zone \u00e9tait assez peu consid\u00e9r\u00e9e avant de devenir \u00ab\u00a0le lieu le plus susceptible d&rsquo;\u00eatre le th\u00e9\u00e2tre d&rsquo;un guerre entre la Russie et l&rsquo;OTAN\u00a0\u00bb.<\/p>\n<p class=\"mb-4 text-lg md:leading-8 break-words\">Ce corridor est souvent consid\u00e9r\u00e9 comme un point faible de l&rsquo;Otan qui pourrait \u00eatre la premi\u00e8re cible d&rsquo;une \u00e9ventuelle attaque russe. Cette crainte a \u00e9t\u00e9 renforc\u00e9e par de pr\u00e9c\u00e9dents exercices Zapad, en 2017 et 2021, qui simulaient une invasion de ce corridor.<\/p>\n<p class=\"mb-4 text-lg md:leading-8 break-words\">Cette crainte est une \u00ab\u00a0absurdit\u00e9 totale\u00a0\u00bb, a balay\u00e9 le pr\u00e9sident b\u00e9larusse Alexandre Loukachenko. C\u00f4t\u00e9 russe, les mises en garde occidentales sont r\u00e9guli\u00e8rement tourn\u00e9es en d\u00e9rision. Maria Zakharova, porte-parole du minist\u00e8re des affaires \u00e9trang\u00e8res, <a href=\"https:\/\/www.mid.ru\/de\/foreign_policy\/news\/2032397\/\" rel=\"nofollow noopener\" target=\"_blank\" data-ylk=\"slk:d\u00e9non\u00e7ait en juin;elm:context_link;itc:0;sec:content-canvas\" class=\"link \">d\u00e9non\u00e7ait en juin<\/a> \u00ab\u00a0les mythes alarmistes\u00a0\u00bb autour du corridor, accusant l\u2019OTAN de \u00ab\u00a0se faire peur\u00a0\u00bb en agitant le spectre d\u2019une invasion imminente.<\/p>\n<p class=\"mb-4 text-lg md:leading-8 break-words\">\u00ab\u00a0Si on \u00e9coutait les Russes, th\u00e9oriquement, il ne fallait pas envahir l&rsquo;Ukraine non plus\u00a0\u00bb, r\u00e9torque Guillaume Lasconjarias. \u00ab\u00a0La parole des Russes en termes d&rsquo;objectifs strat\u00e9giques est, \u00e0 mon avis, \u00e0 prendre avec \u00e9norm\u00e9ment de pr\u00e9cautions, et tr\u00e8s clairement, il faut \u00eatre raisonnablement prudent\u00a0\u00bb, soutient-il. N\u00e9anmoins, \u00ab\u00a0au vu des contingents qui seraient d\u00e9ploy\u00e9s, parce que l\u00e0 aussi c&rsquo;est un point important, la notion de risque est encore limit\u00e9e\u00a0\u00bb. Il ajoute: \u00ab\u00a0Mais \u00e7a ne veut pas dire que ce ne soit pas v\u00e9ritablement dangereux.\u00a0\u00bb<\/p>\n<p class=\"mb-4 text-lg md:leading-8 break-words\">Une vision partag\u00e9e par Tomas Godliauskas, vice-ministre de la D\u00e9fense lituanien. \u00ab\u00a0La Russie est un ennemi de longue date et nous avons tir\u00e9 les le\u00e7ons de l&rsquo;histoire. Nous comprenons assez bien comment ce pays agit et pense r\u00e9ellement\u00a0\u00bb, a-t-il d\u00e9clar\u00e9 \u00e0 <a href=\"https:\/\/www.theparliamentmagazine.eu\/news\/article\/the-baltics-look-to-strengthen-natos-weakest-link\" rel=\"nofollow noopener\" target=\"_blank\" data-ylk=\"slk:The Parliament;elm:context_link;itc:0;sec:content-canvas\" class=\"link \">The Parliament<\/a>.<\/p>\n<p>une typologie particuli\u00e8re<\/p>\n<p class=\"mb-4 text-lg md:leading-8 break-words\">Seulement, les \u00e9quilibres strat\u00e9giques ont \u00e9volu\u00e9. L\u2019entr\u00e9e de la Finlande et de la Su\u00e8de dans l\u2019alliance a chang\u00e9 la donne. \u00ab\u00a0Le corridor de Suwa\u0142ki a perdu une partie de son importance, car les renforts de l\u2019OTAN peuvent d\u00e9sormais arriver par la mer Baltique ou par voie a\u00e9rienne\u00a0\u00bb, estime ainsi l\u2019analyste lituanien Darius Antanaitis, aupr\u00e8s de <a href=\"https:\/\/defence-blog.com\/expert-baltic-war-would-open-multiple-fronts-for-russia\/\" rel=\"nofollow noopener\" target=\"_blank\" data-ylk=\"slk:Defence Blog;elm:context_link;itc:0;sec:content-canvas\" class=\"link \">Defence Blog<\/a>.<\/p>\n<p class=\"mb-4 text-lg md:leading-8 break-words\">Reste que le terrain accident\u00e9 et bois\u00e9 de cette zone en fait un espace difficile \u00e0 d\u00e9fendre et donc une cible tentante pour Moscou. \u00ab\u00a0C&rsquo;est loin d&rsquo;\u00eatre un environnement tr\u00e8s pratique\u00a0\u00bb, souligne <b>Guillaume Lasconjarias, citant le faible nombre de voies d&rsquo;acc\u00e8s, les lacs et for\u00eats \u00ab\u00a0relativement denses\u00a0\u00bb de la zone. \u00ab\u00a0<\/b>C&rsquo;est donc en fait une vraie difficult\u00e9 et une fois qu&rsquo;effectivement il est coup\u00e9, il est probablement difficile de le r\u00e9ouvrir sans y engager des forces.\u00a0\u00bb<\/p>\n<p>\u00ab\u00a0L&rsquo;histoire nous a appris comment agit la Russie\u00a0\u00bb<\/p>\n<p class=\"mb-4 text-lg md:leading-8 break-words\">Depuis l\u2019invasion de l\u2019Ukraine en 2022, la perspective d\u2019un affrontement direct entre Moscou et l\u2019OTAN n\u2019est plus th\u00e9orique. En mai dernier, l\u2019Institut pour l\u2019\u00e9tude de la guerre (ISW) mettait en garde contre la construction par la Russie d\u2019un narratif id\u00e9ologique visant \u00e0 justifier de futures agressions, comme ce fut le cas avec l\u2019Ukraine.<\/p>\n<p class=\"mb-4 text-lg md:leading-8 break-words\">Si les experts divergent sur la capacit\u00e9 militaire de Moscou \u00e0 ouvrir un nouveau front dans les prochaines ann\u00e9es, le corridor de Suwa\u0142ki reste l\u2019un des symboles de la fragilit\u00e9 europ\u00e9enne. \u00ab\u00a0L\u2019histoire nous a appris comment agit la Russie\u00a0\u00bb, rappelait Tomas Godliauskas, vice-ministre lituanien de la d\u00e9fense \u00e0 <a href=\"https:\/\/www.theparliamentmagazine.eu\/news\/article\/the-baltics-look-to-strengthen-natos-weakest-link\" rel=\"nofollow noopener\" target=\"_blank\" data-ylk=\"slk:The Parliament Magazine;elm:context_link;itc:0;sec:content-canvas\" class=\"link \">The Parliament Magazine<\/a>. \u00ab\u00a0Nous n\u2019avons pas le droit de sous-estimer cette menace.\u00a0\u00bb<\/p>\n<p>Comment l&rsquo;OTAN se pr\u00e9pare \u00e0 une attaque ?<\/p>\n<p class=\"mb-4 text-lg md:leading-8 break-words\">La question de ce corridor se poserait moins sans le r\u00f4le d\u00e9terminant d&rsquo;alli\u00e9 russe jou\u00e9 par la Bi\u00e9lorussie. Le pays d&rsquo;Alexandre Loukachenko, qui est de plus en plus d\u00e9pendant de la Russie, \u00ab\u00a0se comporte avec l&rsquo;UE de mani\u00e8re agressive\u00a0\u00bb, note l&rsquo;historien militaire. Et ce, en usant plut\u00f4t de \u00ab\u00a0man\u0153uvres hybrides\u00a0\u00bb, sans confrontation directe mais plut\u00f4t en utilisant \u00ab\u00a0les fragilit\u00e9s de ses voisins et finalement de l&rsquo;Union Europ\u00e9enne et de l&rsquo;OTAN\u00a0\u00bb. D&rsquo;autant que le pays accueille \u00e9galement sur son sol, non seulement des troupes russes mais aussi des missiles nucl\u00e9aires tactiques.<\/p>\n<p class=\"mb-4 text-lg md:leading-8 break-words\">Face \u00e0 la menace renforc\u00e9e d&rsquo;une attaque du corridor, l&rsquo;OTAN \u00ab\u00a0s&rsquo;est d\u00e9j\u00e0 pr\u00e9par\u00e9\u00a0\u00bb depuis au moins 2020 par le biais notamment de la mise \u00e0 jour des plans strat\u00e9giques r\u00e9gionaux, assure n\u00e9anmoins Guillaume Lasconjarias. Avec l&rsquo;entr\u00e9e dans l&rsquo;OTAN de la Su\u00e8de et de la Finlande, les liens avec les pays baltes ont \u00e9galement \u00e9volu\u00e9s. \u00ab\u00a0La mer Baltique est aujourd&rsquo;hui un &lsquo;lac otanien'\u00a0\u00bb, r\u00e9sume-t-il. Ainsi, la capacit\u00e9 de protection et d&rsquo;intervention dans cette zone s&rsquo;est renforc\u00e9e, au m\u00eame titre que les capacit\u00e9s des alli\u00e9s en mati\u00e8re d&rsquo;armement et de coop\u00e9ration militaire.<\/p>\n<p class=\"mb-4 text-lg md:leading-8 break-words\">\u00ab\u00a0Typiquement, les Allemands mettent une brigade en Lituanie, les Fran\u00e7ais travaillent avec les Estoniens et ont d\u00e9ploy\u00e9 une op\u00e9ration militaire depuis de nombreuses ann\u00e9es, les Britanniques aussi, il a \u00e9t\u00e9 mis en place ce que l&rsquo;on appelle un fil de d\u00e9tente qui fait que si les Russes d\u00e9cidaient de jouer avec la s\u00e9curit\u00e9 des \u00e9tats baltes, nous serions capables de r\u00e9pondre\u00a0\u00bb, conclut l&rsquo;historien militaire.<\/p>\n<p class=\"mb-4 text-lg md:leading-8 break-words\"><a href=\"https:\/\/www.bfmtv.com\/international\/asie\/russie\/le-corridor-de-suwalki-un-axe-convoite-par-la-russie-qui-alimente-les-craintes-de-l-otan_AN-202509120789.html#xtor=AL-68\" rel=\"nofollow noopener\" target=\"_blank\" data-ylk=\"slk:Article original publi\u00e9 sur BFMTV.com;elm:context_link;itc:0;sec:content-canvas\" class=\"link \">Article original publi\u00e9 sur BFMTV.com<\/a><\/p>\n","protected":false},"excerpt":{"rendered":"Environ 65 kilom\u00e8tres et des ann\u00e9es de tensions et convoitises. Au coeur des diff\u00e9rends entre la Russie et&hellip;\n","protected":false},"author":2,"featured_media":385742,"comment_status":"","ping_status":"","sticky":false,"template":"","format":"standard","meta":{"footnotes":""},"categories":[1591],"tags":[11,51832,51834,1887,51833,25683,8514,7436,12,1885,1886,132,51831],"class_list":{"0":"post-385741","1":"post","2":"type-post","3":"status-publish","4":"format-standard","5":"has-post-thumbnail","7":"category-russie","8":"tag-actualites","9":"tag-corridor","10":"tag-corridor-de-suwalki","11":"tag-federation-de-russie","12":"tag-guillaume-lasconjarias","13":"tag-lotan","14":"tag-la-frontiere","15":"tag-mer-baltique","16":"tag-news","17":"tag-russia","18":"tag-russian-federation","19":"tag-russie","20":"tag-systemes-de-surveillance"},"share_on_mastodon":{"url":"https:\/\/pubeurope.com\/@fr\/115192360081856654","error":""},"_links":{"self":[{"href":"https:\/\/www.europesays.com\/fr\/wp-json\/wp\/v2\/posts\/385741","targetHints":{"allow":["GET"]}}],"collection":[{"href":"https:\/\/www.europesays.com\/fr\/wp-json\/wp\/v2\/posts"}],"about":[{"href":"https:\/\/www.europesays.com\/fr\/wp-json\/wp\/v2\/types\/post"}],"author":[{"embeddable":true,"href":"https:\/\/www.europesays.com\/fr\/wp-json\/wp\/v2\/users\/2"}],"replies":[{"embeddable":true,"href":"https:\/\/www.europesays.com\/fr\/wp-json\/wp\/v2\/comments?post=385741"}],"version-history":[{"count":0,"href":"https:\/\/www.europesays.com\/fr\/wp-json\/wp\/v2\/posts\/385741\/revisions"}],"wp:featuredmedia":[{"embeddable":true,"href":"https:\/\/www.europesays.com\/fr\/wp-json\/wp\/v2\/media\/385742"}],"wp:attachment":[{"href":"https:\/\/www.europesays.com\/fr\/wp-json\/wp\/v2\/media?parent=385741"}],"wp:term":[{"taxonomy":"category","embeddable":true,"href":"https:\/\/www.europesays.com\/fr\/wp-json\/wp\/v2\/categories?post=385741"},{"taxonomy":"post_tag","embeddable":true,"href":"https:\/\/www.europesays.com\/fr\/wp-json\/wp\/v2\/tags?post=385741"}],"curies":[{"name":"wp","href":"https:\/\/api.w.org\/{rel}","templated":true}]}}