{"id":385745,"date":"2025-09-12T16:52:11","date_gmt":"2025-09-12T16:52:11","guid":{"rendered":"https:\/\/www.europesays.com\/fr\/385745\/"},"modified":"2025-09-12T16:52:11","modified_gmt":"2025-09-12T16:52:11","slug":"reseaux-sociaux-la-chine-appelle-au-dialogue-avec-les-etats-unis-qui-veulent-interdire-tiktok","status":"publish","type":"post","link":"https:\/\/www.europesays.com\/fr\/385745\/","title":{"rendered":"R\u00e9seaux sociaux. La Chine appelle au \u00ab dialogue \u00bb avec les \u00c9tats-Unis, qui veulent interdire TikTok"},"content":{"rendered":"<p>La Chine a exhort\u00e9 les \u00c9tats-Unis ce vendredi \u00e0 r\u00e9gler par le dialogue leur diff\u00e9rend sur TikTok, alors que des dirigeants des deux pays doivent discuter de la plateforme de m\u00e9dias sociaux en Espagne la semaine prochaine.\u00a0<\/p>\n<p>La date limite pour que l&rsquo;application populaire trouve un acheteur non chinois ou soit interdite aux \u00c9tats-Unis est fix\u00e9e au 17 septembre, apr\u00e8s que le pr\u00e9sident <a href=\"https:\/\/www.ledauphine.com\/p\/donald-trump\" target=\"_blank\" rel=\"nofollow noopener\">Donald Trump<\/a>\u00a0<a href=\"https:\/\/www.ledauphine.com\/politique\/2025\/01\/19\/trump-va-suspendre-la-loi-interdisant-tiktok-et-propose-un-actionnariat-americain-a-50\" target=\"_blank\" rel=\"nofollow noopener\">l&rsquo;a prolong\u00e9e pour la troisi\u00e8me fois<\/a>. Une loi f\u00e9d\u00e9rale exigeant la vente ou l&rsquo;interdiction de TikTok pour des raisons de s\u00e9curit\u00e9 nationale <a href=\"https:\/\/www.ledauphine.com\/science-et-technologie\/2025\/01\/18\/clap-de-fin-pour-tiktok-aux-etats-unis-sauf-si\" target=\"_blank\" rel=\"nofollow noopener\">devait entrer en vigueur la veille de l&rsquo;investiture de Trump<\/a> en janvier.<\/p>\n<p>Une rencontre en Espagne<\/p>\n<p>Ce vendredi, le minist\u00e8re chinois du Commerce a appel\u00e9 Washington \u00e0 \u00ab travailler avec la Chine sur la base du respect mutuel et de consultations \u00e9gales, pour r\u00e9soudre les pr\u00e9occupations de chacun par le dialogue et trouver une solution au probl\u00e8me \u00bb, selon un communiqu\u00e9. Cela contribuerait \u00e0 offrir un \u00ab environnement commercial \u00e9quitable et non discriminatoire pour les entreprises chinoises, y compris TikTok, afin de continuer \u00e0 op\u00e9rer aux \u00c9tats-Unis \u00bb, a-t-il d\u00e9clar\u00e9.\u00a0Et cela favoriserait des relations \u00e9conomiques sino-am\u00e9ricaines \u00ab saines et durables \u00bb, a ajout\u00e9 le minist\u00e8re.\u00a0<\/p>\n<p>En Espagne, le secr\u00e9taire am\u00e9ricain au Tr\u00e9sor, Scott Bessent, rencontrera des responsables chinois de haut rang, dont le vice-premier ministre He Lifeng, pour discuter des questions \u00e9conomiques et commerciales, ainsi que de TikTok, ont confirm\u00e9 les deux parties.\u00a0<\/p>\n","protected":false},"excerpt":{"rendered":"La Chine a exhort\u00e9 les \u00c9tats-Unis ce vendredi \u00e0 r\u00e9gler par le dialogue leur diff\u00e9rend sur TikTok, alors&hellip;\n","protected":false},"author":2,"featured_media":385746,"comment_status":"","ping_status":"","sticky":false,"template":"","format":"standard","meta":{"footnotes":""},"categories":[1589],"tags":[11,33,73,1866,107,329,12,767,1864,1865,1863,308],"class_list":{"0":"post-385745","1":"post","2":"type-post","3":"status-publish","4":"format-standard","5":"has-post-thumbnail","7":"category-etats-unis","8":"tag-actualites","9":"tag-economie","10":"tag-etats-unis","11":"tag-etats-unis-damerique","12":"tag-fil-info","13":"tag-france-monde","14":"tag-news","15":"tag-science-et-technologie","16":"tag-united-states","17":"tag-united-states-of-america","18":"tag-us","19":"tag-usa"},"share_on_mastodon":{"url":"https:\/\/pubeurope.com\/@fr\/115192367956878345","error":""},"_links":{"self":[{"href":"https:\/\/www.europesays.com\/fr\/wp-json\/wp\/v2\/posts\/385745","targetHints":{"allow":["GET"]}}],"collection":[{"href":"https:\/\/www.europesays.com\/fr\/wp-json\/wp\/v2\/posts"}],"about":[{"href":"https:\/\/www.europesays.com\/fr\/wp-json\/wp\/v2\/types\/post"}],"author":[{"embeddable":true,"href":"https:\/\/www.europesays.com\/fr\/wp-json\/wp\/v2\/users\/2"}],"replies":[{"embeddable":true,"href":"https:\/\/www.europesays.com\/fr\/wp-json\/wp\/v2\/comments?post=385745"}],"version-history":[{"count":0,"href":"https:\/\/www.europesays.com\/fr\/wp-json\/wp\/v2\/posts\/385745\/revisions"}],"wp:featuredmedia":[{"embeddable":true,"href":"https:\/\/www.europesays.com\/fr\/wp-json\/wp\/v2\/media\/385746"}],"wp:attachment":[{"href":"https:\/\/www.europesays.com\/fr\/wp-json\/wp\/v2\/media?parent=385745"}],"wp:term":[{"taxonomy":"category","embeddable":true,"href":"https:\/\/www.europesays.com\/fr\/wp-json\/wp\/v2\/categories?post=385745"},{"taxonomy":"post_tag","embeddable":true,"href":"https:\/\/www.europesays.com\/fr\/wp-json\/wp\/v2\/tags?post=385745"}],"curies":[{"name":"wp","href":"https:\/\/api.w.org\/{rel}","templated":true}]}}