{"id":385749,"date":"2025-09-12T16:54:12","date_gmt":"2025-09-12T16:54:12","guid":{"rendered":"https:\/\/www.europesays.com\/fr\/385749\/"},"modified":"2025-09-12T16:54:12","modified_gmt":"2025-09-12T16:54:12","slug":"euro-de-basket-lallemagne-ecarte-la-revelation-finlandaise-et-rejoint-la-finale","status":"publish","type":"post","link":"https:\/\/www.europesays.com\/fr\/385749\/","title":{"rendered":"Euro de basket: l&rsquo;Allemagne \u00e9carte la r\u00e9v\u00e9lation finlandaise et rejoint la finale"},"content":{"rendered":"<p class=\"ap-StoryElement ap-StoryElement--mb ap-StoryText\">Coupable notamment d&rsquo;un deuxi\u00e8me quart-temps tr\u00e8s compliqu\u00e9, et victime en prime de l&rsquo;efficacit\u00e9 et la belle adresse adverse &#8211; 8\/16 \u00e0 50% de r\u00e9ussite \u00e0 3 points \u00e0 la pause &#8211; la s\u00e9lection emmen\u00e9e par Lauri Markkanen, plus discret (16 pts, 8 rebonds), comptait d\u00e9j\u00e0 14 points de retard \u00e0 la mi-temps (61-47).<\/p>\n<p><a href=\"https:\/\/www.dhnet.be\/sports\/basket\/2025\/09\/10\/euro-de-basket-luka-doncic-et-la-slovenie-craquent-dans-le-final-face-a-lallemagne-qui-passe-en-demi-VPBNY4WY25A2RNA65TLM2PAPCU\/\" target=\"_blank\" rel=\"noopener noreferrer nofollow\" class=\"ap-StoryInterstitialLink ap-StoryElement ap-StoryElement--mb\">Euro de basket: Luka Doncic et la Slov\u00e9nie craquent dans le final face \u00e0 l&rsquo;Allemagne, qui passe en demi<\/a><\/p>\n<p class=\"ap-StoryElement ap-StoryElement--mb ap-StoryText\">La belle partition d&rsquo;Olivier Nkamhoua (21 pts, 9 rebonds, 3 passes), suivie de peu par le tir prim\u00e9 d&rsquo;Edon Maxhuni, les a ramen\u00e9s un court instant \u00e0 six unit\u00e9s (77-71) en fin d&rsquo;un troisi\u00e8me quart-temps au cours duquel les Finlandais ont accus\u00e9 18 points de retard.<\/p>\n<p class=\"ap-StoryElement ap-StoryElement--mb ap-StoryText\">De trois tirs prim\u00e9s cons\u00e9cutifs, les co\u00e9quipiers de Daniel Theis ont remis un dernier coup d&rsquo;acc\u00e9l\u00e9rateur pour filer \u00e0 grande vitesse vers la finale. L&rsquo;Allemagne visera un deuxi\u00e8me titre europ\u00e9en apr\u00e8s celui de 1993.<\/p>\n<p class=\"ap-StoryElement ap-StoryElement--mb ap-StoryText\">Pr\u00e9sents dans le dernier carr\u00e9 pour la premi\u00e8re fois, apr\u00e8s avoir notamment \u00e9cart\u00e9 la Serbie, les Finlandais tenteront d&rsquo;accrocher le podium dimanche (16h00).<\/p>\n<p class=\"ap-StoryElement ap-StoryElement--mb ap-StoryText\">La Belgique a \u00e9t\u00e9 \u00e9limin\u00e9e d\u00e8s la phase de groupes \u00e0 Katowice.<\/p>\n","protected":false},"excerpt":{"rendered":"Coupable notamment d&rsquo;un deuxi\u00e8me quart-temps tr\u00e8s compliqu\u00e9, et victime en prime de l&rsquo;efficacit\u00e9 et la belle adresse adverse&hellip;\n","protected":false},"author":2,"featured_media":385750,"comment_status":"","ping_status":"","sticky":false,"template":"","format":"standard","meta":{"footnotes":""},"categories":[1587],"tags":[11,672,1465,1804,1805,1803,1777,674,1801,12,1802],"class_list":{"0":"post-385749","1":"post","2":"type-post","3":"status-publish","4":"format-standard","5":"has-post-thumbnail","7":"category-allemagne","8":"tag-actualites","9":"tag-allemagne","10":"tag-basket","11":"tag-bundesrepublik-deutschland","12":"tag-de","13":"tag-deutschland","14":"tag-eu","15":"tag-europe","16":"tag-germany","17":"tag-news","18":"tag-republique-federale-dallemagne"},"share_on_mastodon":{"url":"https:\/\/pubeurope.com\/@fr\/115192375944205652","error":""},"_links":{"self":[{"href":"https:\/\/www.europesays.com\/fr\/wp-json\/wp\/v2\/posts\/385749","targetHints":{"allow":["GET"]}}],"collection":[{"href":"https:\/\/www.europesays.com\/fr\/wp-json\/wp\/v2\/posts"}],"about":[{"href":"https:\/\/www.europesays.com\/fr\/wp-json\/wp\/v2\/types\/post"}],"author":[{"embeddable":true,"href":"https:\/\/www.europesays.com\/fr\/wp-json\/wp\/v2\/users\/2"}],"replies":[{"embeddable":true,"href":"https:\/\/www.europesays.com\/fr\/wp-json\/wp\/v2\/comments?post=385749"}],"version-history":[{"count":0,"href":"https:\/\/www.europesays.com\/fr\/wp-json\/wp\/v2\/posts\/385749\/revisions"}],"wp:featuredmedia":[{"embeddable":true,"href":"https:\/\/www.europesays.com\/fr\/wp-json\/wp\/v2\/media\/385750"}],"wp:attachment":[{"href":"https:\/\/www.europesays.com\/fr\/wp-json\/wp\/v2\/media?parent=385749"}],"wp:term":[{"taxonomy":"category","embeddable":true,"href":"https:\/\/www.europesays.com\/fr\/wp-json\/wp\/v2\/categories?post=385749"},{"taxonomy":"post_tag","embeddable":true,"href":"https:\/\/www.europesays.com\/fr\/wp-json\/wp\/v2\/tags?post=385749"}],"curies":[{"name":"wp","href":"https:\/\/api.w.org\/{rel}","templated":true}]}}