{"id":385768,"date":"2025-09-12T17:06:12","date_gmt":"2025-09-12T17:06:12","guid":{"rendered":"https:\/\/www.europesays.com\/fr\/385768\/"},"modified":"2025-09-12T17:06:12","modified_gmt":"2025-09-12T17:06:12","slug":"laurent-mekies-sur-red-bull-ford-2026-max-verstappen-sinvestit-enormement-dans-les-projets","status":"publish","type":"post","link":"https:\/\/www.europesays.com\/fr\/385768\/","title":{"rendered":"Laurent Mekies sur Red Bull-Ford 2026 : Max Verstappen \u00ab s&rsquo;investit \u00e9norm\u00e9ment dans les projets \u00bb"},"content":{"rendered":"<p>Il y a \u00e0 peine quelques mois, <a href=\"https:\/\/www.autohebdo.fr\/pilote\/f1\/max-verstappen\" data-internallinksmanager029f6b8e52c=\"2\" title=\"Max Verstappen\" target=\"_blank\" rel=\"noopener\">Max Verstappen<\/a> \u00e9tait pressenti pour rejoindre d\u2019autres \u00e9curies, <a href=\"https:\/\/www.autohebdo.fr\/actualites\/ecurie\/mercedes\" data-internallinksmanager029f6b8e52c=\"80\" title=\"Ecurie Mercedes F1\" target=\"_blank\" rel=\"noopener\">Mercedes<\/a> esp\u00e9rant en vain de le s\u00e9duire. Finalement, le N\u00e9erlandais est pleinement impliqu\u00e9 dans le d\u00e9veloppement de la voiture 2026, assure Laurent Mekies, le directeur d\u2019\u00e9curie de <a href=\"https:\/\/www.autohebdo.fr\/actualites\/ecurie\/red-bull-racing\" data-internallinksmanager029f6b8e52c=\"78\" title=\"Ecurie F1 Red Bull Racing\" target=\"_blank\" rel=\"noopener\">Red Bull<\/a>.<\/p>\n<p><strong>\u00c0 LIRE AUSSI &gt; <a href=\"https:\/\/www.autohebdo.fr\/actualites\/f1\/max-verstappen-enterine-son-avenir-avec-red-bull-en-2026.html\" target=\"_blank\" rel=\"noopener\">Max Verstappen ent\u00e9rine son avenir avec Red Bull pour 2026<\/a><\/strong><\/p>\n<p>En 2026, la <a href=\"https:\/\/www.autohebdo.fr\/actualites\/f1\" data-internallinksmanager029f6b8e52c=\"1\" title=\"F1\" target=\"_blank\" rel=\"noopener\">F1<\/a> entrera dans une nouvelle \u00e8re r\u00e9glementaire. Red Bull a d\u00fb changer de motoriste apr\u00e8s la d\u00e9cision de son partenaire Honda de ne fournir qu\u2019<a href=\"https:\/\/www.autohebdo.fr\/actualites\/ecurie\/aston-martin\" data-internallinksmanager029f6b8e52c=\"77\" title=\"Ecurie Aston Martin F1 Team\" target=\"_blank\" rel=\"noopener\">Aston Martin<\/a> \u00e0 partir de 2026. Pour gagner en ind\u00e9pendance vis-\u00e0-vis des motoristes qui approvisionnent d\u2019autres \u00e9quipes, Red Bull a donc \u00e9tabli un <a href=\"https:\/\/www.redbull.com\/int-en\/red-bull-x-ford-future-f1-engines\" target=\"_blank\" rel=\"noopener\">partenariat avec Ford<\/a>. Les nouveaux moteurs seront inaugur\u00e9s d\u00e8s la prochaine saison.<\/p>\n<p>Dans un <a href=\"https:\/\/www.skysports.com\/f1\/news\/12040\/13428033\/max-verstappen-red-bull-driver-central-to-everest-project-for-2026-says-ford-ceo-jim-farley-and-laurent-mekies\" target=\"_blank\" rel=\"noopener\">entretien<\/a> accord\u00e9 \u00e0 Sky Sports, Jim Farley, le PDG de Ford, a mis en avant l\u2019implication de Max Verstappen dans le projet 2026. \u00ab Je pense que c\u2019est l\u2019un des piliers les plus importants du succ\u00e8s du groupe motopropulseur\u00a0\u00bb a d\u00e9crypt\u00e9 l\u2019Am\u00e9ricain. Jim Farley a \u00e9galement f\u00e9licit\u00e9 la symbiose entre Laurent Mekies, Max Verstappen et l\u2019ensemble de l\u2019\u00e9curie. \u00ab En discutant avec Max, chez Ford, nous avons vraiment d\u00e9velopp\u00e9 notre respect pour lui en le regardant cette ann\u00e9e. La fa\u00e7on dont il a apport\u00e9 de la stabilit\u00e9 sans drame dans un environnement o\u00f9 nous essayons tous simplement de faire notre travail. Je peux vraiment le voir dans ses yeux aujourd\u2019hui, par rapport \u00e0 l\u2019ann\u00e9e derni\u00e8re. C\u2019est l\u2019une des grandes qualit\u00e9s de Laurent et de son \u00e9quipe. Ils ont tous un engagement profond les uns envers les autres \u00bb a constat\u00e9 le directeur.<\/p>\n<p>Laurent Mekies: Max Verstappen \u00ab est au coeur du projet \u00bb Red Bull-Ford<\/p>\n<p>Laurent Mekies a pour sa part salu\u00e9 la motivation du quadruple champion du monde\u00a0: \u00ab\u00a0Max s\u2019investit \u00e9norm\u00e9ment dans les projets, m\u00eame en dehors de la voiture\u00a0\u00bb, a-t-il soulign\u00e9. \u00ab Il teste la voiture dans les simulateurs, il travaille avec des ing\u00e9nieurs des deux c\u00f4t\u00e9s pour comprendre comment d\u00e9velopper ces voitures de 2026 : o\u00f9 trouver la puissance ? O\u00f9 trouver l\u2019appui a\u00e9rodynamique ? C\u2019est dire \u00e0 quel point il est au c\u0153ur du projet \u00bb.<\/p>\n<p>Pour entreprendre le projet ambitieux mais risqu\u00e9 de fabriquer ses propres moteurs, disposer d\u2019un ing\u00e9nieur exp\u00e9riment\u00e9 \u00e0 la t\u00eate de l\u2019\u00e9curie autrichienne rassure. \u00ab C\u2019est un technicien, ce qui est exactement ce qu\u2019il faut pour ce changement en 2026. C\u2019est vraiment le leader qu\u2019il nous faut. Nous le soutenons totalement et je le ressens vraiment au sein de l\u2019\u00e9quipe \u00bb a affirm\u00e9 Farley. Laurent Mekies a en outre reconnu que le projet \u00e9tait \u00ab fou\u00a0\u00bb, tout en soulignant qu\u2019il correspondait parfaitement \u00e0 la culture de Red Bull et de Ford.<\/p>\n<p>Se mesurant \u00e0 des v\u00e9t\u00e9rans du domaine, Red Bull mesure l\u2019ampleur de la t\u00e2che \u00e0 venir. \u00ab C\u2019est un projet colossal, a conc\u00e9d\u00e9 Laurent Mekies. Nous ne savons pas o\u00f9 nous nous situons par rapport \u00e0 la concurrence. Nous avons toutefois suffisamment de respect pour elle pour dire : \u2018Si ces gens-l\u00e0 font cela depuis 50, 60 ou 70 ans, nous partons de z\u00e9ro, nous devons recruter tout notre personnel, mettre en place tous les processus, toutes les infrastructures. Et cela va prendre du temps.\u2019 \u00bb<\/p>\n<p><strong>\u00c0 LIRE AUSSI &gt; <a href=\"https:\/\/www.autohebdo.fr\/actualites\/f1\/laurent-mekies-apres-le-grand-prix-de-formule-1-ditalie-a-monza-ce-qua-fait-max-aujourdhui-est-une-definition-de-la-perfection.html\" target=\"_blank\" rel=\"noopener\">Laurent Mekies apr\u00e8s le Grand Prix de Formule 1 d\u2019Italie \u00e0 Monza : \u00ab Ce qu\u2019a fait Max aujourd\u2019hui est une d\u00e9finition de la perfection \u00bb<\/a><\/strong><\/p>\n","protected":false},"excerpt":{"rendered":"Il y a \u00e0 peine quelques mois, Max Verstappen \u00e9tait pressenti pour rejoindre d\u2019autres \u00e9curies, Mercedes esp\u00e9rant en&hellip;\n","protected":false},"author":2,"featured_media":385769,"comment_status":"","ping_status":"","sticky":false,"template":"","format":"standard","meta":{"footnotes":""},"categories":[1412],"tags":[1451,20722,1452,1453,1454,1455,1011,27,26916,2236,2255,60],"class_list":{"0":"post-385768","1":"post","2":"type-post","3":"status-publish","4":"format-standard","5":"has-post-thumbnail","7":"category-f1","8":"tag-f1","9":"tag-ford","10":"tag-formula-1","11":"tag-formula1","12":"tag-formule-1","13":"tag-formule1","14":"tag-fr","15":"tag-france","16":"tag-laurent-mekies","17":"tag-max-verstappen","18":"tag-red-bull","19":"tag-sports"},"share_on_mastodon":{"url":"https:\/\/pubeurope.com\/@fr\/115192423214053570","error":""},"_links":{"self":[{"href":"https:\/\/www.europesays.com\/fr\/wp-json\/wp\/v2\/posts\/385768","targetHints":{"allow":["GET"]}}],"collection":[{"href":"https:\/\/www.europesays.com\/fr\/wp-json\/wp\/v2\/posts"}],"about":[{"href":"https:\/\/www.europesays.com\/fr\/wp-json\/wp\/v2\/types\/post"}],"author":[{"embeddable":true,"href":"https:\/\/www.europesays.com\/fr\/wp-json\/wp\/v2\/users\/2"}],"replies":[{"embeddable":true,"href":"https:\/\/www.europesays.com\/fr\/wp-json\/wp\/v2\/comments?post=385768"}],"version-history":[{"count":0,"href":"https:\/\/www.europesays.com\/fr\/wp-json\/wp\/v2\/posts\/385768\/revisions"}],"wp:featuredmedia":[{"embeddable":true,"href":"https:\/\/www.europesays.com\/fr\/wp-json\/wp\/v2\/media\/385769"}],"wp:attachment":[{"href":"https:\/\/www.europesays.com\/fr\/wp-json\/wp\/v2\/media?parent=385768"}],"wp:term":[{"taxonomy":"category","embeddable":true,"href":"https:\/\/www.europesays.com\/fr\/wp-json\/wp\/v2\/categories?post=385768"},{"taxonomy":"post_tag","embeddable":true,"href":"https:\/\/www.europesays.com\/fr\/wp-json\/wp\/v2\/tags?post=385768"}],"curies":[{"name":"wp","href":"https:\/\/api.w.org\/{rel}","templated":true}]}}