{"id":385770,"date":"2025-09-12T17:07:15","date_gmt":"2025-09-12T17:07:15","guid":{"rendered":"https:\/\/www.europesays.com\/fr\/385770\/"},"modified":"2025-09-12T17:07:15","modified_gmt":"2025-09-12T17:07:15","slug":"classement-general-et-resultats-apres-la-19e-etape","status":"publish","type":"post","link":"https:\/\/www.europesays.com\/fr\/385770\/","title":{"rendered":"Classement g\u00e9n\u00e9ral et r\u00e9sultats apr\u00e8s la 19e \u00e9tape"},"content":{"rendered":"<p>Vendredi, lors d\u2019une \u00e9tape de transition sur du plat entre Rueda et Guijuelo, le <a href=\"https:\/\/www.20minutes.fr\/dossier\/belge\" class=\"c-link c-link--is-underlined\" rel=\"nofollow noopener\" target=\"_blank\">Belge<\/a> Jasper Philipsen (Alpecin \u2013 Deceuninck) a lev\u00e9 les bras devant Mads Pedersen (Lidl Trek) et Orluis Aular (Movistar). Il remporte la 19e \u00e9tape de la <a href=\"https:\/\/www.20minutes.fr\/sport\/vuelta\/\" class=\"c-link c-link--is-underlined\" rel=\"nofollow noopener\" target=\"_blank\">Vuelta<\/a>, au lendemain du contre-la-montre individuel.<\/p>\n<p class=\"mb-xxl@xs color-ultramarine font-weight-semi-bold@xs font-source-serif-pro heading-s@xs\">L\u2019acc\u00e8s \u00e0 ce contenu a \u00e9t\u00e9 bloqu\u00e9 afin de respecter votre choix de consentement<\/p>\n<p class=\"mb-m@xs text-l@xs\">En cliquant sur\u00ab J\u2019accepte \u00bb, vous acceptez le d\u00e9p\u00f4t de cookies par des services externes et aurez ainsi acc\u00e8s aux contenus de nos partenaires.<\/p>\n<p class=\"mb-xl@xs text-s@xs\">Plus d\u2019informations sur la page<a href=\"https:\/\/www.20minutes.fr\/gestion-cookies\" class=\"mx-xxs@xs color-ultramarine\" rel=\"nofollow noopener\" target=\"_blank\">Politique de gestion des cookies<\/a><\/p>\n<p>J\u2019acceptePhilipsen r\u00e9ussit la passe de 3<\/p>\n<p>On attendait les sprinteurs, ou les baroudeurs, pour la victoire d\u2019\u00e9tape. Et on n\u2019a pas \u00e9t\u00e9 d\u00e9\u00e7us. Bien emmen\u00e9 par son \u00e9quipe, Jasper Philipsen a r\u00e9ussi le coup parfait en se pla\u00e7ant id\u00e9alement pour amorcer le sprint final. Trop fort pour Mads Pedersen et Orluis Aular, il remporte sa 3e victoire d\u2019\u00e9tape apr\u00e8s la 1re et la 8e \u00e9tape.<\/p>\n<p><a href=\"https:\/\/www.20minutes.fr\/sport\/jonas-vingegaard\/\" class=\"c-link c-link--is-underlined\" rel=\"nofollow noopener\" target=\"_blank\">Jonas Vingegaard<\/a> (Visma Lease a Bike) est toujours Maillot Rouge, avec 4 secondes d\u2019avance en plus sur Jo\u00e3o Almeida. Le Danois a eu droit \u00e0 une bonifaction sur un sprint interm\u00e9diaire de Salamanque vendredi. Un avantage bienvenu avant l\u2019explication finale de samedi \u00e0 Bola del Mundo (165,6 km). Pour rappel, l\u2019arriv\u00e9e se fera au sommet, apr\u00e8s 12,4 km \u00e0 8,6\u00a0%.<\/p>\n<p>Le classement de la 19e\u00a0\u00e9tape de la Vuelta 2025<\/p>\n<ol>\n<li>Jasper Philipsen &#8211; Alpecin-Deceuninck 03h50&rsquo;35\u00a0\u00bb<\/li>\n<li>Mads Pedersen &#8211; <a href=\"https:\/\/www.20minutes.fr\/economie\/lidl\/\" class=\"c-link c-link--is-underlined\" rel=\"nofollow noopener\" target=\"_blank\">Lidl<\/a> &#8211; Trek \u00e0 0&Prime;<\/li>\n<li>Orluis Aular &#8211; Movistar \u00e0 0&Prime;<\/li>\n<li>Jenthe Biermans &#8211; Ark\u00e9a &#8211; B &amp; B Hotels \u00e0 0&Prime;<\/li>\n<li>Ben Turner &#8211; Ineos Grenadiers \u00e0 0&Prime;<\/li>\n<li>Arne Marit &#8211; Intermarch\u00e9 &#8211; Wanty \u00e0 0&Prime;<\/li>\n<li>Fabio Christen &#8211; Q36.5 \u00e0 0&Prime;<\/li>\n<li>Ethan Vernon &#8211; Israel &#8211; Premier Tech \u00e0 0&Prime;<\/li>\n<li>Thibaud Gruel &#8211; Groupama-FDJ \u00e0 0&Prime;<\/li>\n<li>Jordan Labrosse &#8211; Decathlon AG2R La Mondiale \u00e0 0&Prime;<\/li>\n<\/ol>\n<p><a href=\"https:\/\/www.lavuelta.es\/fr\/classements\" target=\"_blank\" class=\"c-link c-btn c-btn--primary\" rel=\"nofollow noopener\">Le classement de la 19e \u00e9tape de la Vuelta 2025<\/a>Le classement g\u00e9n\u00e9ral apr\u00e8s la 19e \u00e9tape de la vuelta 2025<\/p>\n<ol>\n<li>Jonas Vingegaard &#8211; Visma Lease a Bike 68h57&rsquo;44\u00a0\u00bb<\/li>\n<li>Jo\u00e3o Almeida &#8211; UAE Team Emirates &#8211; \u00e0 44\u00a0\u00bb<\/li>\n<li>Thomas Pidcock &#8211; Q36.5 \u00e0 02&rsquo;43\u00a0\u00bb<\/li>\n<li>Jai Hindley &#8211; RedBull &#8211; Bora-Hansgrohe \u00e0 03&rsquo;22\u00a0\u00bb<\/li>\n<li>Giulio Pellizzari &#8211; RedBull &#8211; Bora-Hansgrohe \u00e0 04&rsquo;23\u00a0\u00bb<\/li>\n<li>Matthew Riccitello &#8211; Israel &#8211; Premier Tech \u00e0 05&rsquo;21\u00a0\u00bb<\/li>\n<li>Felix Gall &#8211; Decathlon AG2R La Mondiale \u00e0 05&rsquo;24\u00a0\u00bb<\/li>\n<li>Sepp Kuss &#8211; Visma Lease a Bike \u00e0 07&rsquo;30\u00a0\u00bb<\/li>\n<li>Torstein Traeen &#8211; Bahrain Victorious \u00e0 07&rsquo;46\u00a0\u00bb<\/li>\n<li>Matteo Jorgenson &#8211; Visma Lease a Bike \u00e0 10&rsquo;21\u00a0\u00bb<\/li>\n<\/ol>\n<p><a href=\"https:\/\/www.lavuelta.es\/fr\/classements\" target=\"_blank\" class=\"c-link c-btn c-btn--primary\" rel=\"nofollow noopener\">Le classement g\u00e9n\u00e9ral de la Vuelta 2025 au complet<\/a><\/p>\n<p>Samedi, la 20e \u00e9tape reliera Robledo de Chavela \u00e0 Puerto de Navacerrada (159kms)<\/p>\n","protected":false},"excerpt":{"rendered":"Vendredi, lors d\u2019une \u00e9tape de transition sur du plat entre Rueda et Guijuelo, le Belge Jasper Philipsen (Alpecin&hellip;\n","protected":false},"author":2,"featured_media":385771,"comment_status":"","ping_status":"","sticky":false,"template":"","format":"standard","meta":{"footnotes":""},"categories":[1411],"tags":[1154,207,34966,1011,27,27884,517,60,47885],"class_list":{"0":"post-385770","1":"post","2":"type-post","3":"status-publish","4":"format-standard","5":"has-post-thumbnail","7":"category-cyclisme","8":"tag-cycling","9":"tag-cyclisme","10":"tag-david-gaudu","11":"tag-fr","12":"tag-france","13":"tag-jonas-vingegaard","14":"tag-sport","15":"tag-sports","16":"tag-vuelta"},"share_on_mastodon":{"url":"https:\/\/pubeurope.com\/@fr\/115192426961857222","error":""},"_links":{"self":[{"href":"https:\/\/www.europesays.com\/fr\/wp-json\/wp\/v2\/posts\/385770","targetHints":{"allow":["GET"]}}],"collection":[{"href":"https:\/\/www.europesays.com\/fr\/wp-json\/wp\/v2\/posts"}],"about":[{"href":"https:\/\/www.europesays.com\/fr\/wp-json\/wp\/v2\/types\/post"}],"author":[{"embeddable":true,"href":"https:\/\/www.europesays.com\/fr\/wp-json\/wp\/v2\/users\/2"}],"replies":[{"embeddable":true,"href":"https:\/\/www.europesays.com\/fr\/wp-json\/wp\/v2\/comments?post=385770"}],"version-history":[{"count":0,"href":"https:\/\/www.europesays.com\/fr\/wp-json\/wp\/v2\/posts\/385770\/revisions"}],"wp:featuredmedia":[{"embeddable":true,"href":"https:\/\/www.europesays.com\/fr\/wp-json\/wp\/v2\/media\/385771"}],"wp:attachment":[{"href":"https:\/\/www.europesays.com\/fr\/wp-json\/wp\/v2\/media?parent=385770"}],"wp:term":[{"taxonomy":"category","embeddable":true,"href":"https:\/\/www.europesays.com\/fr\/wp-json\/wp\/v2\/categories?post=385770"},{"taxonomy":"post_tag","embeddable":true,"href":"https:\/\/www.europesays.com\/fr\/wp-json\/wp\/v2\/tags?post=385770"}],"curies":[{"name":"wp","href":"https:\/\/api.w.org\/{rel}","templated":true}]}}