{"id":385772,"date":"2025-09-12T17:08:12","date_gmt":"2025-09-12T17:08:12","guid":{"rendered":"https:\/\/www.europesays.com\/fr\/385772\/"},"modified":"2025-09-12T17:08:12","modified_gmt":"2025-09-12T17:08:12","slug":"rennes-au-complet-avant-de-recevoir-lol","status":"publish","type":"post","link":"https:\/\/www.europesays.com\/fr\/385772\/","title":{"rendered":"Rennes au complet avant de recevoir l&rsquo;OL"},"content":{"rendered":"<p>                            <img width=\"770\" height=\"433\" src=\"https:\/\/www.europesays.com\/fr\/wp-content\/uploads\/2025\/09\/Capture-decran-2025-09-06-152938-770x433.jpg\" class=\"attachment-article size-article wp-post-image\" alt=\"J\u00e9r\u00e9my Jacquet, joueur de Rennes\" decoding=\"async\" fetchpriority=\"high\"  \/><\/p>\n<p>J\u00e9r\u00e9my Jacquet, joueur de Rennes (@SRFC)<\/p>\n<p>Certains internationaux rennais \u00e9taient incertains apr\u00e8s la tr\u00eave. Ce vendredi, aucun ne manquait \u00e0 l&rsquo;appel \u00e0 l&rsquo;entra\u00eenement de Rennes, \u00e0 deux jours de la venue de l&rsquo;OL.<\/p>\n<p>S&rsquo;il pouvait y avoir encore quelques incertitudes quant \u00e0 certains Rennais, le groupe sera finalement bien au complet. Apr\u00e8s les <a href=\"https:\/\/www.olympique-et-lyonnais.com\/ligue-1-quelques-pepins-physiques-a-rennes-avant-daffronter-lol,378963.html\" target=\"_blank\" rel=\"noreferrer noopener nofollow\">forfaits<\/a> en France Espoirs de J\u00e9r\u00e9my <strong>Jacquet <\/strong>(mollet), Djaoui <strong>Ciss\u00e9 <\/strong>(pied), Kader <strong>Me\u00eft\u00e9 <\/strong>(cuisse), l&rsquo;interrogation pouvait survenir. Mais ce vendredi \u00e0 l&rsquo;entra\u00eenement, Habib <strong>Beye <\/strong>pourra compter sur tous ses joueurs dimanche soir face \u00e0 <strong>l&rsquo;OL, <\/strong>comme avanc\u00e9 par Ouest-France qui confirme que Rennes sera au complet pour accueillir la bande de Paulo Fonseca<strong>.<\/strong><\/p>\n<p>Camara seul absent notable<\/p>\n<p>Du moins presque totalement au complet. En effet, Mahdi <strong>Camara<\/strong>, suspendu deux matchs apr\u00e8s sa faute contre Lorient lors de la deuxi\u00e8me journ\u00e9e, sera encore en tribune. Si cela reste plus g\u00eanant pour l&rsquo;ancien Brestois, Habib <strong>Beye <\/strong>pourra compter sur son atout d\u00e9fensif J\u00e9r\u00e9my <strong>Jacquet<\/strong>. <a href=\"https:\/\/www.olympique-et-lyonnais.com\/avant-de-recevoir-lol-rennes-va-encore-bouger-sur-le-mercato,379492.html\" rel=\"nofollow noopener\" target=\"_blank\">En instance de d\u00e9part<\/a>, <strong>Alemdar<\/strong> et <strong>Yildirim<\/strong> sont en Turquie, pour s\u2019engager finalement avec Istanbul Basaksehir alors que Gotzepe tenait la corde.<\/p>\n","protected":false},"excerpt":{"rendered":"J\u00e9r\u00e9my Jacquet, joueur de Rennes (@SRFC) Certains internationaux rennais \u00e9taient incertains apr\u00e8s la tr\u00eave. Ce vendredi, aucun ne&hellip;\n","protected":false},"author":2,"featured_media":371155,"comment_status":"","ping_status":"","sticky":false,"template":"","format":"standard","meta":{"footnotes":""},"categories":[1410],"tags":[4901,63,1011,27,66,241,584,60],"class_list":{"0":"post-385772","1":"post","2":"type-post","3":"status-publish","4":"format-standard","5":"has-post-thumbnail","7":"category-football","8":"tag-blesses","9":"tag-football","10":"tag-fr","11":"tag-france","12":"tag-ligue-1","13":"tag-ol","14":"tag-rennes","15":"tag-sports"},"share_on_mastodon":{"url":"https:\/\/pubeurope.com\/@fr\/115192431418025176","error":""},"_links":{"self":[{"href":"https:\/\/www.europesays.com\/fr\/wp-json\/wp\/v2\/posts\/385772","targetHints":{"allow":["GET"]}}],"collection":[{"href":"https:\/\/www.europesays.com\/fr\/wp-json\/wp\/v2\/posts"}],"about":[{"href":"https:\/\/www.europesays.com\/fr\/wp-json\/wp\/v2\/types\/post"}],"author":[{"embeddable":true,"href":"https:\/\/www.europesays.com\/fr\/wp-json\/wp\/v2\/users\/2"}],"replies":[{"embeddable":true,"href":"https:\/\/www.europesays.com\/fr\/wp-json\/wp\/v2\/comments?post=385772"}],"version-history":[{"count":0,"href":"https:\/\/www.europesays.com\/fr\/wp-json\/wp\/v2\/posts\/385772\/revisions"}],"wp:featuredmedia":[{"embeddable":true,"href":"https:\/\/www.europesays.com\/fr\/wp-json\/wp\/v2\/media\/371155"}],"wp:attachment":[{"href":"https:\/\/www.europesays.com\/fr\/wp-json\/wp\/v2\/media?parent=385772"}],"wp:term":[{"taxonomy":"category","embeddable":true,"href":"https:\/\/www.europesays.com\/fr\/wp-json\/wp\/v2\/categories?post=385772"},{"taxonomy":"post_tag","embeddable":true,"href":"https:\/\/www.europesays.com\/fr\/wp-json\/wp\/v2\/tags?post=385772"}],"curies":[{"name":"wp","href":"https:\/\/api.w.org\/{rel}","templated":true}]}}