{"id":385775,"date":"2025-09-12T17:10:11","date_gmt":"2025-09-12T17:10:11","guid":{"rendered":"https:\/\/www.europesays.com\/fr\/385775\/"},"modified":"2025-09-12T17:10:11","modified_gmt":"2025-09-12T17:10:11","slug":"reserves-des-frac-ca-deborde","status":"publish","type":"post","link":"https:\/\/www.europesays.com\/fr\/385775\/","title":{"rendered":"R\u00e9serves des Frac\u00a0: \u00c7a d\u00e9borde\u00a0!"},"content":{"rendered":"<p class=\"PopSlotParagraph qg-tx2 qg-xtra-lh svelte-1r0pyek\">Dans\u00a0<a href=\"https:\/\/www.lejournaldesarts.fr\/actualites\/lengorgement-des-reserves-un-defi-majeur-pour-les-frac-179225\" target=\"_blank\" rel=\"noopener noreferrer nofollow\" class=\"\" data-testid=\"link\">une enqu\u00eate parue il y a quelques jours, Le Journal des Arts<\/a>\u00a0met en lumi\u00e8re une probl\u00e9matique qui touche la majorit\u00e9 des vingt-trois Fonds r\u00e9gionaux d\u2019art contemporain (Frac) : leurs r\u00e9serves se remplissent \u00e0 vue d&rsquo;\u0153il et beaucoup sont d\u00e9j\u00e0 satur\u00e9es ou vont l&rsquo;\u00eatre dans les prochaines ann\u00e9es. Les collections des Frac se composent ainsi de plus de 50 000 \u0153uvres, ce qui en fait la troisi\u00e8me collection d&rsquo;art contemporain en France. Mais surtout, leur taille augmente de 2 \u00e0 3% par an \u00e0 cause des nombreuses acquisitions r\u00e9alis\u00e9es par les Frac chaque ann\u00e9e et qui fait partie de leur mission, comme l&rsquo;explique Fabien Danesi, directeur du Frac Corsica\u00a0:<\/p>\n<p class=\"PopSlotParagraph qg-tx2 qg-xtra-lh svelte-1r0pyek\">\u00ab\u00a0Je rappelle que les Frac ont \u00e9t\u00e9 cr\u00e9\u00e9s dans les ann\u00e9es 1980 \u00e0 la suite d&rsquo;une grande politique de d\u00e9centralisation visant \u00e0 une accessibilit\u00e9 de la culture dans les r\u00e9gions. Les Frac ont pour principale mission de constituer une collection d&rsquo;art contemporain dans la perspective de soutenir la cr\u00e9ation actuelle. L&rsquo;un des autres enjeux fondamentaux, c&rsquo;est d&rsquo;accompagner les \u0153uvres \u00e0 travers des actions de m\u00e9diation. On est vraiment dans une logique de sensibilisation \u00e0 la cr\u00e9ation et les Frac sont en fait des outils de d\u00e9mocratisation culturelle en r\u00e9gion.\u00a0\u00bb<\/p>\n<p> Des r\u00e9serves qui arrivent \u00e0 saturation<\/p>\n<p class=\"PopSlotParagraph qg-tx2 qg-xtra-lh svelte-1r0pyek\">Chaque Frac poss\u00e8de sa propre collection et doit stocker dans ses r\u00e9serves ces milliers d&rsquo;\u0153uvres qu&rsquo;elle poss\u00e8de tout en ayant de la place pour celles qu&rsquo;il acquerra dans le futur. Mais si certains Frac comme ceux d&rsquo;Ile-de-France ou de Corse ont pu construire ces derni\u00e8res ann\u00e9es des b\u00e2timents annexes afin de mieux g\u00e9rer la conservation et le stockage de ces \u0153uvres, la majorit\u00e9 d&rsquo;entre eux font face \u00e0 un engorgement probl\u00e9matique comme le rappelle Lauriane Gricourt, la directrice du Frac Occitanie\u00a0:<\/p>\n<p class=\"PopSlotParagraph qg-tx2 qg-xtra-lh svelte-1r0pyek\">\u00ab\u00a0Les r\u00e9serves sont le c\u0153ur des institutions puisqu&rsquo;une de nos missions premi\u00e8res, c&rsquo;est de conserver et de diffuser ces collections. Et c&rsquo;est vrai que chaque dix ans \u00e0 peu pr\u00e8s, on se retrouve confront\u00e9 \u00e0 ces questions d&rsquo;encombrement, de saturation des r\u00e9serves et on doit toujours trouver des solutions pour optimiser les rangements, louer des r\u00e9serves en ext\u00e9rieur. Et comme chaque ann\u00e9e, les Frac continuent d&rsquo;acqu\u00e9rir des \u0153uvres qui sont de dimensions, de medium, de formats diff\u00e9rents, \u00e0 un moment donn\u00e9, on se retrouve confront\u00e9 \u00e0 des probl\u00e9matiques de stockage.\u00a0\u00bb<\/p>\n<p> Quelles solutions pour faire vivre les collections\u00a0?<\/p>\n<p class=\"PopSlotParagraph qg-tx2 qg-xtra-lh svelte-1r0pyek\">Face \u00e0 ce constat, les questions d&rsquo;acquisition et de conservation des \u0153uvres deviennent cruciales. Les Frac pr\u00eatent ainsi une partie de leur collection \u00e0 d&rsquo;autres institutions, environ 14%, soit 6600 \u0153uvres qui sont en circulation ou en d\u00e9p\u00f4t dans d&rsquo;autres mus\u00e9es. Une mani\u00e8re d&rsquo;assurer une visibilit\u00e9 des collections et d&rsquo;en faire b\u00e9n\u00e9ficier les territoires alentours. D&rsquo;autres Frac proposent parfois des expositions \u00e0 partir d&rsquo;\u0153uvres issues de leur collection afin d&rsquo;assurer une mise en valeur d&rsquo;une partie de leurs acquisitions. Enfin, le r\u00e9agencement r\u00e9gulier des r\u00e9serves ainsi que l&rsquo;optimisation des acquisitions restent des solutions pour assurer un meilleur stockage et essayer de limiter l&rsquo;engorgement, comme le raconte Lauriane Gricourt\u00a0:<\/p>\n<p class=\"PopSlotParagraph qg-tx2 qg-xtra-lh svelte-1r0pyek\">\u00ab\u00a0On essaye en premier lieu de trouver des solutions qui n&rsquo;impactent pas nos politiques d&rsquo;acquisitions. Parce que impacter nos politiques d&rsquo;acquisitions, c&rsquo;est impacter le soutien \u00e0 la cr\u00e9ation. Donc, on essaye d&rsquo;optimiser nos rangements par de nouveaux mobiliers ou de nouveaux agencements. Mais on est confront\u00e9 au fait de devoir repenser notre politique d&rsquo;acquisition et on met en place ce qu&rsquo;on appelle un protocole de conservation pr\u00e9dictive, c&rsquo;est-\u00e0-dire qu&rsquo;au-del\u00e0 de la pertinence de l&rsquo;\u0153uvre par rapport \u00e0 notre politique d&rsquo;acquisition, on va prendre en compte d&rsquo;autres crit\u00e8res qui sont ceux justement du stockage, de la conservation des mat\u00e9riaux, des dimensions des \u0153uvres&#8230;\u00a0\u00bb<\/p>\n","protected":false},"excerpt":{"rendered":"Dans\u00a0une enqu\u00eate parue il y a quelques jours, Le Journal des Arts\u00a0met en lumi\u00e8re une probl\u00e9matique qui touche&hellip;\n","protected":false},"author":2,"featured_media":385776,"comment_status":"","ping_status":"","sticky":false,"template":"","format":"standard","meta":{"footnotes":""},"categories":[1358],"tags":[1348,1384,1385,1386,58,59,1011,27],"class_list":{"0":"post-385775","1":"post","2":"type-post","3":"status-publish","4":"format-standard","5":"has-post-thumbnail","7":"category-arts-et-design","8":"tag-arts","9":"tag-arts-and-design","10":"tag-arts-et-design","11":"tag-design","12":"tag-divertissement","13":"tag-entertainment","14":"tag-fr","15":"tag-france"},"share_on_mastodon":{"url":"https:\/\/pubeurope.com\/@fr\/115192438814179096","error":""},"_links":{"self":[{"href":"https:\/\/www.europesays.com\/fr\/wp-json\/wp\/v2\/posts\/385775","targetHints":{"allow":["GET"]}}],"collection":[{"href":"https:\/\/www.europesays.com\/fr\/wp-json\/wp\/v2\/posts"}],"about":[{"href":"https:\/\/www.europesays.com\/fr\/wp-json\/wp\/v2\/types\/post"}],"author":[{"embeddable":true,"href":"https:\/\/www.europesays.com\/fr\/wp-json\/wp\/v2\/users\/2"}],"replies":[{"embeddable":true,"href":"https:\/\/www.europesays.com\/fr\/wp-json\/wp\/v2\/comments?post=385775"}],"version-history":[{"count":0,"href":"https:\/\/www.europesays.com\/fr\/wp-json\/wp\/v2\/posts\/385775\/revisions"}],"wp:featuredmedia":[{"embeddable":true,"href":"https:\/\/www.europesays.com\/fr\/wp-json\/wp\/v2\/media\/385776"}],"wp:attachment":[{"href":"https:\/\/www.europesays.com\/fr\/wp-json\/wp\/v2\/media?parent=385775"}],"wp:term":[{"taxonomy":"category","embeddable":true,"href":"https:\/\/www.europesays.com\/fr\/wp-json\/wp\/v2\/categories?post=385775"},{"taxonomy":"post_tag","embeddable":true,"href":"https:\/\/www.europesays.com\/fr\/wp-json\/wp\/v2\/tags?post=385775"}],"curies":[{"name":"wp","href":"https:\/\/api.w.org\/{rel}","templated":true}]}}