{"id":385777,"date":"2025-09-12T17:11:13","date_gmt":"2025-09-12T17:11:13","guid":{"rendered":"https:\/\/www.europesays.com\/fr\/385777\/"},"modified":"2025-09-12T17:11:13","modified_gmt":"2025-09-12T17:11:13","slug":"velars-sur-ouche-leur-ascension-du-mont-blanc-pour-hugo-racontee-dans-un-livre","status":"publish","type":"post","link":"https:\/\/www.europesays.com\/fr\/385777\/","title":{"rendered":"Velars-sur-Ouche. Leur ascension du mont Blanc pour Hugo racont\u00e9e dans un livre"},"content":{"rendered":"<p>Jeudi 11\u00a0septembre, les deux amis d\u2019enfance Romano Rossi et Marco Madonna ont vraiment pu montrer qu\u2019ils l\u2019avaient fait. Devant une trentaine de personnes, ils ont projet\u00e9 un petit film d\u2019environ quinze minutes, partageant ainsi un condens\u00e9 ce qu\u2019ils avaient v\u00e9cu. Car, au mois de juillet, ils <a href=\"https:\/\/www.bienpublic.com\/culture-loisirs\/2025\/07\/08\/ils-sont-montes-sur-le-toit-de-l-europe-pour-aider-le-petit-hugo-et-sa-mere\" target=\"_blank\" rel=\"nofollow noopener\">ont gravi ensemble le plus haut sommet d\u2019Europe<\/a>. Un d\u00e9fi qu\u2019ils ont relev\u00e9 pour Hugo Boissy, un petit gar\u00e7on \u00e2g\u00e9 de 5 ans et demi en situation de handicap (lire par ailleurs).<\/p>\n<p>  \u00ab\u00a0J\u2019ai voulu garder une trace\u00a0\u00bb<\/p>\n<p>Pour ne pas perdre une miette de cette exp\u00e9rience, Marco Madonna a voulu tout immortaliser dans un livre, qu\u2019il a pr\u00e9sent\u00e9 ce jeudi soir. \u00ab\u00a0J\u2019ai voulu garder une trace\u00a0\u00bb, explique-t-il. \u00ab\u00a0Comme les souvenirs s\u2019effacent, j\u2019ai pr\u00e9f\u00e9r\u00e9 l\u2019\u00e9crire.\u00a0\u00bb Si au d\u00e9but, cela ne devait \u00eatre que pour un cercle intime, pour Romano Rossi et lui-m\u00eame, l\u2019id\u00e9e lui est venue ensuite de faire \u00ab\u00a0d\u2019une pierre deux coups\u00a0\u00bb, \u00ab\u00a0de le proposer aux gens et en m\u00eame temps de reverser les b\u00e9n\u00e9fices pour <a href=\"https:\/\/www.bienpublic.com\/sante\/2025\/03\/09\/ils-vont-gravir-le-mont-blanc-pour-hugo-5-ans-en-situation-de-handicap\" target=\"_blank\" rel=\"nofollow noopener\">l\u2019association L\u2019Aventure extraordinaire d\u2019Hugo<\/a> \u00a0\u00bb.<\/p>\n<p>Dedans, Marco Madonna a retrac\u00e9 toute la pr\u00e9paration qui l\u2019a fait pas mal voyager, notamment en Suisse, \u00e0 Chamonix\u2026 \u00ab\u00a0Je n\u2019ai pas eu trop de difficult\u00e9s \u00e0 \u00e9crire\u00a0\u00bb, confie-t-il. \u00ab\u00a0Parce que je racontais ce qu\u2019on vivait avec Romano, et il y avait tellement de choses \u00e0 dire, tellement de petites anecdotes.\u00a0\u00bb Il poursuit\u00a0: \u00ab\u00a0Il y avait aussi beaucoup d\u2019\u00e9motions. C\u2019\u00e9tait assez fort. Et, quand on le relit, \u00e7a fait un sacr\u00e9 effet.\u00a0\u00bb<\/p>\n<p>  \u00ab\u00a0Une belle mani\u00e8re de terminer le projet\u00a0\u00bb<\/p>\n<p>Pour la r\u00e9alisation de ce projet, Marco Madonna a pu compter sur l\u2019aide d\u2019une de ses anciennes professeures du lyc\u00e9e Saint-B\u00e9nigne \u00e0 Dijon, V\u00e9ronique Jeandot, pour la relecture notamment. Et pour la construction du livre proprement dit, c\u2019est l\u2019intelligence artificielle (IA) qui lui a donn\u00e9 un petit coup de pouce. \u00ab\u00a0Je suis dyslexique\u00a0\u00bb, avoue-t-il. \u00ab\u00a0De fait, l\u2019IA m\u2019a beaucoup aid\u00e9 \u00e0 formuler, \u00e0 constituer les textes. Je sais que l\u2019IA peut avoir mauvaise r\u00e9putation, mais cela permet \u00e0 des gens comme moi, dyslexique, d\u2019\u00e9crire un livre.\u00a0\u00bb<\/p>\n<p>Et de conclure\u00a0: \u00ab\u00a0Ce livre est aussi une belle mani\u00e8re de terminer le projet. <a href=\"https:\/\/www.bienpublic.com\/social\/2025\/07\/01\/pour-hugo-en-situation-de-handicap-ils-s-appretent-a-gravir-le-mont-blanc\" target=\"_blank\" rel=\"nofollow noopener\">On a gravi le mont Blanc au mois de juillet<\/a> , l\u00e0 nous sommes en septembre, et nous sommes encore ensemble pour en parler, \u00e7a permet de faire perdurer les bons moments.\u00a0\u00bb<\/p>\n<p class=\"note\">Le livre est disponible sur Amazon, <a href=\"https:\/\/www.amazon.fr\/dp\/B0FPX41WST\" target=\"_blank\" rel=\"nofollow noopener\">Extreme Adventure<\/a> , de Marco Rossi, 9,99\u00a0\u20ac en format Kindl et 26,36\u00a0\u20ac en format Broch\u00e9. L\u2019ensemble des b\u00e9n\u00e9fices sont revers\u00e9s \u00e0 l\u2019association L\u2019Aventure extraordinaire d\u2019Hugo.<\/p>\n","protected":false},"excerpt":{"rendered":"Jeudi 11\u00a0septembre, les deux amis d\u2019enfance Romano Rossi et Marco Madonna ont vraiment pu montrer qu\u2019ils l\u2019avaient fait.&hellip;\n","protected":false},"author":2,"featured_media":385778,"comment_status":"","ping_status":"","sticky":false,"template":"","format":"standard","meta":{"footnotes":""},"categories":[1357],"tags":[1379,2931,58,2664,59,107,1011,27,1943,1380,51836,104,51835,1631],"class_list":{"0":"post-385777","1":"post","2":"type-post","3":"status-publish","4":"format-standard","5":"has-post-thumbnail","7":"category-livres","8":"tag-books","9":"tag-cote-dor","10":"tag-divertissement","11":"tag-edition-region-dijonnaise","12":"tag-entertainment","13":"tag-fil-info","14":"tag-fr","15":"tag-france","16":"tag-handicap","17":"tag-livres","18":"tag-ouche-et-montagne","19":"tag-societe","20":"tag-velars-sur-ouche","21":"tag-vie-associative"},"share_on_mastodon":{"url":"https:\/\/pubeurope.com\/@fr\/115192442686627348","error":""},"_links":{"self":[{"href":"https:\/\/www.europesays.com\/fr\/wp-json\/wp\/v2\/posts\/385777","targetHints":{"allow":["GET"]}}],"collection":[{"href":"https:\/\/www.europesays.com\/fr\/wp-json\/wp\/v2\/posts"}],"about":[{"href":"https:\/\/www.europesays.com\/fr\/wp-json\/wp\/v2\/types\/post"}],"author":[{"embeddable":true,"href":"https:\/\/www.europesays.com\/fr\/wp-json\/wp\/v2\/users\/2"}],"replies":[{"embeddable":true,"href":"https:\/\/www.europesays.com\/fr\/wp-json\/wp\/v2\/comments?post=385777"}],"version-history":[{"count":0,"href":"https:\/\/www.europesays.com\/fr\/wp-json\/wp\/v2\/posts\/385777\/revisions"}],"wp:featuredmedia":[{"embeddable":true,"href":"https:\/\/www.europesays.com\/fr\/wp-json\/wp\/v2\/media\/385778"}],"wp:attachment":[{"href":"https:\/\/www.europesays.com\/fr\/wp-json\/wp\/v2\/media?parent=385777"}],"wp:term":[{"taxonomy":"category","embeddable":true,"href":"https:\/\/www.europesays.com\/fr\/wp-json\/wp\/v2\/categories?post=385777"},{"taxonomy":"post_tag","embeddable":true,"href":"https:\/\/www.europesays.com\/fr\/wp-json\/wp\/v2\/tags?post=385777"}],"curies":[{"name":"wp","href":"https:\/\/api.w.org\/{rel}","templated":true}]}}