{"id":385779,"date":"2025-09-12T17:12:14","date_gmt":"2025-09-12T17:12:14","guid":{"rendered":"https:\/\/www.europesays.com\/fr\/385779\/"},"modified":"2025-09-12T17:12:14","modified_gmt":"2025-09-12T17:12:14","slug":"patrick-cohen-na-pas-commis-de-faute-selon-le-comite-dethique-de-france-televisions-apres-des-enregistrements-diffuses-a-son-insu","status":"publish","type":"post","link":"https:\/\/www.europesays.com\/fr\/385779\/","title":{"rendered":"Patrick Cohen n\u2019a pas commis de faute, selon le comit\u00e9 d\u2019\u00e9thique de France T\u00e9l\u00e9visions, apr\u00e8s des enregistrements diffus\u00e9s \u00e0 son insu"},"content":{"rendered":"<p>                          <img loading=\"lazy\" decoding=\"async\" src=\"https:\/\/www.europesays.com\/fr\/wp-content\/uploads\/2025\/09\/52c6b01_upload-1-diluklvo4giw-000-628g92p.jpg\" alt=\"Le journaliste Patrick Cohen, \u00e0 Paris, le 13\u00a0juin 2025.\"   width=\"664\" height=\"443\"\/>    Le journaliste Patrick Cohen, \u00e0 Paris, le 13\u00a0juin 2025.  THOMAS SAMSON\/AFP                    <\/p>\n<p class=\"article__paragraph  \">Le comit\u00e9 d\u2019\u00e9thique de France T\u00e9l\u00e9visions a jug\u00e9 vendredi que le journaliste Patrick Cohen n\u2019avait pas commis de faute dans la s\u00e9quence vid\u00e9o le montrant au restaurant avec son confr\u00e8re Thomas Legrand et des dirigeants du Parti socialiste (PS), qui leur a valu des accusations de connivence.<\/p>\n<p class=\"article__paragraph  \">\u00ab\u00a0Rien ne permet (\u2026) d\u2019affirmer, au vu de cette s\u00e9quence, que Patrick Cohen ait d\u2019autres objectifs que l\u2019exercice de son m\u00e9tier\u00a0\u00bb, conclut-il dans un <a href=\"https:\/\/static.francetelevisions.fr\/inline-images\/Avis%20du%20CHIPIP%20-%2012%20septembre%202025.pdf\" target=\"_blank\" rel=\"noopener nofollow\" title=\"Nouvelle fen\u00eatre\">avis mis en ligne sur le site du groupe public<\/a>.<\/p>\n<p class=\"article__paragraph  \">Film\u00e9e en juillet dans un restaurant parisien, la s\u00e9quence a \u00e9t\u00e9 diffus\u00e9e le 5\u00a0septembre par le m\u00e9dia d\u2019extr\u00eame droite L\u2019Incorrect. On y voit Thomas Legrand, chroniqueur \u00e0 Lib\u00e9ration et France Inter, et Patrick Cohen, chroniqueur qui intervient \u00e9galement sur France Inter et \u00e0 France 5, dans l\u2019\u00e9mission \u00ab\u00a0C \u00e0 vous\u00a0\u00bb, \u00e9changer avec Pierre Jouvet et Luc Broussy, respectivement secr\u00e9taire g\u00e9n\u00e9ral et pr\u00e9sident du conseil national du PS.<\/p>\n<p class=\"article__paragraph  \">Au cours de cette discussion, pendant laquelle la strat\u00e9gie de la gauche pour la pr\u00e9sidentielle de 2027\u00a0est \u00e9galement \u00e9voqu\u00e9e, M.\u00a0Legrand d\u00e9clare\u00a0: \u00ab\u00a0Nous, on fait ce qu\u2019il faut pour [Rachida] Dati, Patrick [Cohen] et moi.\u00a0\u00bb Cette phrase, qui a pu \u00eatre interpr\u00e9t\u00e9e comme un parti pris \u00e0 l\u2019encontre de la ministre sortante de la culture, a provoqu\u00e9 une salve de critiques envers les deux journalistes, aussi bien du c\u00f4t\u00e9 des R\u00e9publicains que du Rassemblement national et de La France insoumise.<\/p>\n<p>              Une s\u00e9quence \u00ab\u00a0tronqu\u00e9e et mont\u00e9e\u00a0\u00bb                                Lire aussi |  Article r\u00e9serv\u00e9 \u00e0 nos abonn\u00e9s  <a href=\"https:\/\/www.lemonde.fr\/economie\/article\/2025\/09\/08\/thomas-legrand-et-patrick-cohen-enregistres-a-leur-insu-une-polemique-qui-fragilise-l-audiovisuel-public_6639753_3234.html\" class=\"js-article-read-also catcher--favoris__link\" data-premium=\"1\" id=\"article-title-3437049\" rel=\"nofollow noopener\" target=\"_blank\">Thomas Legrand et Patrick Cohen enregistr\u00e9s \u00e0 leur insu\u00a0: une pol\u00e9mique qui fragilise l\u2019audiovisuel public<\/a>    <\/p>\n<p>   Lire plus tard  <\/p>\n<p class=\"article__paragraph  \">Sans s\u2019exprimer sur le fond de ces propos, le comit\u00e9 d\u2019\u00e9thique de France T\u00e9l\u00e9visions \u00ab\u00a0constate\u00a0\u00bb que Patrick Cohen n\u2019y \u00ab\u00a0r\u00e9agit pas\u00a0\u00bb. \u00ab\u00a0Il garde le silence, sans davantage \u00e9clairer cette s\u00e9quence, au demeurant tronqu\u00e9e et mont\u00e9e, et qu\u2019il serait indispensable et utile de d\u00e9couvrir dans sa totalit\u00e9\u00a0\u00bb, poursuit le comit\u00e9.<\/p>\n<p class=\"article__paragraph  \">Il juge toutefois \u00ab\u00a0crucial que l\u2019audiovisuel public, et, en son sein, France T\u00e9l\u00e9visions soient particuli\u00e8rement attentifs au pluralisme des opinions, notamment dans ses magazines d\u2019information, au respect des r\u00e8gles fondamentales de d\u00e9ontologie et \u00e0 la n\u00e9cessaire impartialit\u00e9 des professionnels qui interviennent sur ses antennes\u00a0\u00bb.<\/p>\n<p class=\"article__paragraph  \">L\u2019Autorit\u00e9 de r\u00e9gulation de la communication audiovisuelle et num\u00e9rique (Arcom) doit auditionner prochainement Delphine Ernotte-Cunci et Sibyle Veil, respectivement pr\u00e9sidentes de France T\u00e9l\u00e9visions et de Radio France.<\/p>\n<p class=\"article__paragraph  \"><a href=\"https:\/\/www.lemonde.fr\/actualite-medias\/article\/2025\/09\/09\/le-journaliste-thomas-legrand-annonce-quitter-son-emission-pas-france-inter_6640162_3236.html\" rel=\"nofollow noopener\" target=\"_blank\">Thomas Legrand a renonc\u00e9, mardi, \u00e0 son \u00e9mission hebdomadaire sur France Inter<\/a>, mais continuera d\u2019intervenir \u00e0 l\u2019antenne de cette radio.<\/p>\n<p>                                 Lire aussi |  Article r\u00e9serv\u00e9 \u00e0 nos abonn\u00e9s  <a href=\"https:\/\/www.lemonde.fr\/economie\/article\/2025\/09\/08\/thomas-legrand-et-patrick-cohen-enregistres-a-leur-insu-une-polemique-qui-fragilise-l-audiovisuel-public_6639753_3234.html\" class=\"js-article-read-also catcher--favoris__link\" data-premium=\"1\" id=\"article-title-3437049\" rel=\"nofollow noopener\" target=\"_blank\">Thomas Legrand et Patrick Cohen enregistr\u00e9s \u00e0 leur insu\u00a0: une pol\u00e9mique qui fragilise l\u2019audiovisuel public<\/a>    <\/p>\n<p>   Lire plus tard  <\/p>\n<p class=\"author__detail\">  Le Monde avec AFP  <\/p>\n<p>                  <a href=\"https:\/\/www.lemonde.fr\/syndication\/\" class=\"reuse__content\" title=\"R\u00e9utiliser ce contenu\" target=\"_blank\" rel=\"nofollow noopener\">R\u00e9utiliser ce contenu<\/a>      <\/p>\n","protected":false},"excerpt":{"rendered":"Le journaliste Patrick Cohen, \u00e0 Paris, le 13\u00a0juin 2025. THOMAS SAMSON\/AFP Le comit\u00e9 d\u2019\u00e9thique de France T\u00e9l\u00e9visions a&hellip;\n","protected":false},"author":2,"featured_media":385780,"comment_status":"","ping_status":"","sticky":false,"template":"","format":"standard","meta":{"footnotes":""},"categories":[1356],"tags":[58,59,1011,27,252,1364],"class_list":{"0":"post-385779","1":"post","2":"type-post","3":"status-publish","4":"format-standard","5":"has-post-thumbnail","7":"category-television","8":"tag-divertissement","9":"tag-entertainment","10":"tag-fr","11":"tag-france","12":"tag-television","13":"tag-tv"},"share_on_mastodon":{"url":"https:\/\/pubeurope.com\/@fr\/115192446998978467","error":""},"_links":{"self":[{"href":"https:\/\/www.europesays.com\/fr\/wp-json\/wp\/v2\/posts\/385779","targetHints":{"allow":["GET"]}}],"collection":[{"href":"https:\/\/www.europesays.com\/fr\/wp-json\/wp\/v2\/posts"}],"about":[{"href":"https:\/\/www.europesays.com\/fr\/wp-json\/wp\/v2\/types\/post"}],"author":[{"embeddable":true,"href":"https:\/\/www.europesays.com\/fr\/wp-json\/wp\/v2\/users\/2"}],"replies":[{"embeddable":true,"href":"https:\/\/www.europesays.com\/fr\/wp-json\/wp\/v2\/comments?post=385779"}],"version-history":[{"count":0,"href":"https:\/\/www.europesays.com\/fr\/wp-json\/wp\/v2\/posts\/385779\/revisions"}],"wp:featuredmedia":[{"embeddable":true,"href":"https:\/\/www.europesays.com\/fr\/wp-json\/wp\/v2\/media\/385780"}],"wp:attachment":[{"href":"https:\/\/www.europesays.com\/fr\/wp-json\/wp\/v2\/media?parent=385779"}],"wp:term":[{"taxonomy":"category","embeddable":true,"href":"https:\/\/www.europesays.com\/fr\/wp-json\/wp\/v2\/categories?post=385779"},{"taxonomy":"post_tag","embeddable":true,"href":"https:\/\/www.europesays.com\/fr\/wp-json\/wp\/v2\/tags?post=385779"}],"curies":[{"name":"wp","href":"https:\/\/api.w.org\/{rel}","templated":true}]}}