{"id":385781,"date":"2025-09-12T17:13:12","date_gmt":"2025-09-12T17:13:12","guid":{"rendered":"https:\/\/www.europesays.com\/fr\/385781\/"},"modified":"2025-09-12T17:13:12","modified_gmt":"2025-09-12T17:13:12","slug":"santa-retourne-dans-les-annees-80-sur-son-nouveau-tube-dis-moi-oui","status":"publish","type":"post","link":"https:\/\/www.europesays.com\/fr\/385781\/","title":{"rendered":"Santa retourne dans les ann\u00e9es 80 sur son nouveau tube \u00ab\u00a0Dis-moi oui\u00a0\u00bb"},"content":{"rendered":"<p><img decoding=\"async\" src=\"https:\/\/www.europesays.com\/fr\/wp-content\/uploads\/2025\/09\/photo_1757587752.jpg\" class=\"textcenter img-content\" loading=\"lazy\"\/>Ben Fourmi<br \/>\n<br \/>\nCeux qui ont vu Santa sur sc\u00e8ne ces derniers mois sont unanimes. La chanteuse met le feu avec des performances litt\u00e9ralement renversantes. Survolant le public, d\u00e9barquant aux Francofolies de la Rochelle avec une tyrolienne ou <a href=\"https:\/\/www.chartsinfrance.net\/actualite\/news-133598.html\" target=\"_blank\" class=\"spip_out\" rel=\"nofollow noopener\">chantant sur une grande roue<\/a>, l&rsquo;artiste s&rsquo;est transform\u00e9e en Pink fran\u00e7aise pour d\u00e9fendre <a href=\"https:\/\/www.chartsinfrance.net\/actualite\/news-128392.html\" target=\"_blank\" class=\"spip_out\" rel=\"nofollow noopener\">son premier album solo \u00ab\u00a0Recommence-moi\u00a0\u00bb<\/a>. Emmen\u00e9 par le morceau-titre et le tube <a href=\"https:\/\/www.chartsinfrance.net\/actualite\/news-127285.html\" target=\"_blank\" class=\"spip_out\" rel=\"nofollow noopener\">\u00ab\u00a0Popcorn sal\u00e9\u00a0\u00bb<\/a>, il s&rsquo;est d\u00e9j\u00e0 \u00e9coul\u00e9 \u00e0 195.000 exemplaires, soit l&rsquo;une des <a href=\"https:\/\/www.chartsinfrance.net\/actualite\/news-133734.html\" target=\"_blank\" class=\"spip_out\" rel=\"nofollow noopener\">20 meilleures ventes de disques<\/a> au premier semestre 2025. <\/p>\n<p>Un triomphe pour la leader de Hyphen Hyphen, qui a donc d\u00e9cid\u00e9 de mettre entre parenth\u00e8ses son groupe : \u00ab Avec Hyphen Hyphen, il y a des temporalit\u00e9s : on vient de finir la tourn\u00e9e qui \u00e9tait fantastique et qui \u00e9tait un grand moment de libert\u00e9, de bonheur, de joie et de s\u00e9curit\u00e9 sur sc\u00e8ne. La tourn\u00e9e termin\u00e9e, \u00e7a m&rsquo;offre aussi le temps d&rsquo;incarner cet album en solo, mais bien accompagn\u00e9 \u00bb.<\/p>\n<p>Le player Dailymotion est en train de se charger&#8230;<\/p>\n<p>\u00ab\u00a0Je veux vivre un peu plus fort\u00a0\u00bb<br \/>\nVisant toujours plus haut, Santa repartira \u00e0 l&rsquo;assaut des Z\u00e9nith au mois d&rsquo;octobre avec en point d&rsquo;orgue une date finale \u00e0 l&rsquo;Accor Arena de Paris le 2 avril 2026. Et une r\u00e9\u00e9dition de son album dans la poche ? Cela semble bien \u00eatre le cas puisque celle qui sera <a href=\"https:\/\/www.chartsinfrance.net\/actualite\/news-133727.html\" target=\"_blank\" class=\"spip_out\" rel=\"nofollow noopener\">la marraine du T\u00e9l\u00e9thon 2025<\/a> revient en musique ce vendredi avec \u00ab\u00a0Dis-moi oui\u00a0\u00bb. Cette chanson tr\u00e8s ann\u00e9es 80 dans l&rsquo;esprit, avec son \u00e9nergie bondissante entre synth\u00e9 sautillant et riff de guitare, elle l&rsquo;a d\u00e9j\u00e0 interpr\u00e9t\u00e9e sur sc\u00e8ne lors de ses concerts cet \u00e9t\u00e9. Et Santa pr\u00e9vient, elle veut faire \u00ab pleurer les guitares \u00bb et remettre \u00ab la radio un peu plus fort \u00bb.<\/p>\n<p>\u00ab Moi j&rsquo;suis pas fou \/ Je veux vivre un peu plus fort \/ Entre chien et loup \/ Je veux sentir quand la vie me mord \/ Faut que j&rsquo;vous avoue \/ J&rsquo;veux juste aimer un peu plus fort \/ Et que \u00e7a secoue \/ Je veux que \u00e7a r\u00e9sonne dans tout mon corps \u00bb scande-t-elle sur son refrain f\u00e9d\u00e9rateur, par\u00e9 \u00e0 faire sauter les foules : \u00ab Et dans un cri, dis-moi oui ! \u00bb. D&rsquo;ailleurs, la pochette du single capture cette \u00e9nergie live, tout en faisant un clin d&rsquo;oeil \u00e0 celle du premier album \u00e9ponyme d&rsquo;Elvis Presley avec son lettrage vert et rose.<\/p>\n","protected":false},"excerpt":{"rendered":"Ben Fourmi Ceux qui ont vu Santa sur sc\u00e8ne ces derniers mois sont unanimes. La chanteuse met le&hellip;\n","protected":false},"author":2,"featured_media":385782,"comment_status":"","ping_status":"","sticky":false,"template":"","format":"standard","meta":{"footnotes":""},"categories":[1355],"tags":[58,59,1011,27,1361,873],"class_list":{"0":"post-385781","1":"post","2":"type-post","3":"status-publish","4":"format-standard","5":"has-post-thumbnail","7":"category-musique","8":"tag-divertissement","9":"tag-entertainment","10":"tag-fr","11":"tag-france","12":"tag-music","13":"tag-musique"},"share_on_mastodon":{"url":"https:\/\/pubeurope.com\/@fr\/115192450768592336","error":""},"_links":{"self":[{"href":"https:\/\/www.europesays.com\/fr\/wp-json\/wp\/v2\/posts\/385781","targetHints":{"allow":["GET"]}}],"collection":[{"href":"https:\/\/www.europesays.com\/fr\/wp-json\/wp\/v2\/posts"}],"about":[{"href":"https:\/\/www.europesays.com\/fr\/wp-json\/wp\/v2\/types\/post"}],"author":[{"embeddable":true,"href":"https:\/\/www.europesays.com\/fr\/wp-json\/wp\/v2\/users\/2"}],"replies":[{"embeddable":true,"href":"https:\/\/www.europesays.com\/fr\/wp-json\/wp\/v2\/comments?post=385781"}],"version-history":[{"count":0,"href":"https:\/\/www.europesays.com\/fr\/wp-json\/wp\/v2\/posts\/385781\/revisions"}],"wp:featuredmedia":[{"embeddable":true,"href":"https:\/\/www.europesays.com\/fr\/wp-json\/wp\/v2\/media\/385782"}],"wp:attachment":[{"href":"https:\/\/www.europesays.com\/fr\/wp-json\/wp\/v2\/media?parent=385781"}],"wp:term":[{"taxonomy":"category","embeddable":true,"href":"https:\/\/www.europesays.com\/fr\/wp-json\/wp\/v2\/categories?post=385781"},{"taxonomy":"post_tag","embeddable":true,"href":"https:\/\/www.europesays.com\/fr\/wp-json\/wp\/v2\/tags?post=385781"}],"curies":[{"name":"wp","href":"https:\/\/api.w.org\/{rel}","templated":true}]}}