{"id":385789,"date":"2025-09-12T17:17:10","date_gmt":"2025-09-12T17:17:10","guid":{"rendered":"https:\/\/www.europesays.com\/fr\/385789\/"},"modified":"2025-09-12T17:17:10","modified_gmt":"2025-09-12T17:17:10","slug":"leur-nouvelle-vie-de-restauratrices-a-nice","status":"publish","type":"post","link":"https:\/\/www.europesays.com\/fr\/385789\/","title":{"rendered":"leur nouvelle vie (de restauratrices) \u00e0 Nice"},"content":{"rendered":"<p>Depuis un an maintenant, Muriel Robin et Anne le Nen sont propri\u00e9taires d\u2019une maison \u00e0 Nice, un pied-\u00e0-terre au calme, loin de l\u2019agitation parisienne, mais pr\u00e8s des cuisines du restaurant qu\u2019elles ont ouvert dans la r\u00e9gion.<\/p>\n<p>Jusque-l\u00e0, c\u2019est en Corse, o\u00f9 elles avaient une maison, que Muriel Robin et Anne Le Nen allaient se ressourcer. Mais c\u2019est d\u00e9sormais \u00e0 Nice, o\u00f9 elles ont achet\u00e9 un pied-\u00e0-terre en septembre\u00a02024, qu\u2019elles vont passer la moiti\u00e9 de leur temps, <a href=\"https:\/\/www.parismatch.com\/people\/muriel-robin-et-son-epouse-anne-le-nen-gaga-de-leur-adorable-boule-de-poils-poupy-243323\" rel=\"nofollow noopener\" target=\"_blank\">avec leur chien Poupy<\/a>. \u00ab\u00a0On connaissait un peu la r\u00e9gion pour venir fr\u00e9quemment <a href=\"https:\/\/www.parismatch.com\/actu\/sport\/mike-tyson-et-ronaldo-invites-prestiges-du-gala-de-patrick-mouratoglou-238869\" rel=\"nofollow noopener\" target=\"_blank\">chez Patrick Mouratoglou<\/a> faire des stages de tennis\u00a0\u00bb, a confi\u00e9 Anne Le Nen dans une interview accord\u00e9e \u00e0 \u00ab\u00a0<a href=\"https:\/\/www.nicematin.com\/people\/-ca-a-toujours-ete-un-peu-notre-envie-et-notre-reve-d-avoir-quelque-chose-professionnellement-ensemble-muriel-robin-et-anne-le-nen-les-azureennes-1001440\" rel=\"nofollow noopener\" target=\"_blank\">Nice Matin\u00a0<\/a>\u00bb. Et d\u2019ajouter\u00a0: \u00ab\u00a0Avec Muriel, on avait une maison en Corse mais on commen\u00e7ait \u00e0 envisager autre chose et on a alors vu la photo de la maison ni\u00e7oise. Cela cochait toutes les cases\u00a0: la nature, la randonn\u00e9e, la gastronomie, la mer, la montagne, le confort m\u00e9dical, l\u2019Italie proche, des amies, le restaurant, la facilit\u00e9 de faire des allers-retours avec Paris,\u00a0etc.\u00a0\u00bb<\/p>\n<p>Ce qui leur a plu, aussi, c\u2019est l\u2019ambiance sur la C\u00f4te d\u2019Azur\u00a0: \u00ab\u00a0Les gens sont diff\u00e9rents de Paris, plus authentiques, l\u2019offre culturelle est copieuse, on peut s\u2019\u00e9vader, se reposer et je fais un m\u00e9tier o\u00f9 j\u2019\u00e9cris beaucoup. Et, ici, c\u2019est sans doute un lieu parfait pour \u00e9crire, \u00e9crire ensemble notamment, <a href=\"https:\/\/www.parismatch.com\/people\/le-coup-de-gueule-de-muriel-robin-sur-lhomophobie-dans-le-cinema-229525\" rel=\"nofollow noopener\" target=\"_blank\">avec l\u2019id\u00e9e peut-\u00eatre de remonter sur sc\u00e8ne<\/a>. Je le dis souvent, il faut un peu de paradis pour \u00e9crire, et ici c\u2019est parfait parce qu\u2019on voit l\u2019horizon\u00a0\u00bb, a ajout\u00e9 Muriel Robin, 70\u00a0ans, qui r\u00eavait \u00ab\u00a0d\u2019avoir [sa] maison avec un terrain, des animaux, la nature, le calme\u00a0\u00bb. Un r\u00eave qu\u2019elle ne voulait pas attendre de r\u00e9aliser\u00a0: \u00ab\u00a0En fait, plus le temps passe, plus on veut aller vers ce qu\u2019on aime [\u2026]. Je veux \u00eatre en forme et profiter. C\u2019est maintenant que j\u2019ai envie de ma maison et de mes animaux, de me poser.\u00a0\u00bb Et profiter de la douceur de vivre du sud de la France\u00a0: \u00ab\u00a0En janvier, on avait d\u00e9jeun\u00e9 tous les midis dehors, avec cette lumi\u00e8re incroyable. J\u2019adore les endroits o\u00f9 il y a deux saisons dans la m\u00eame journ\u00e9e. \u00c7a me bouleverse beaucoup.\u00a0\u00bb<\/p>\n<p>    La suite apr\u00e8s cette publicit\u00e9<\/p>\n<p>Le projet culinaire de Muriel Robin et Anne Le Nen<\/p>\n<p>Pour autant, \u00e0 Nice, elles ne sont pas oisives. Elles se sont associ\u00e9es \u00e0 une connaissance, Jessica Nahon, qu\u2019Anne Le Nen a rencontr\u00e9e \u00e0 la fac de sciences \u00e9co, \u00e0 Nice justement, pour ouvrir un restaurant, La Cantine de Jo, pr\u00e8s de la Promenade des Anglais. \u00ab\u00a0\u00c7a a toujours \u00e9t\u00e9 un peu notre envie et notre r\u00eave d\u2019avoir quelque chose professionnellement ensemble, d\u2019avoir quelque chose en commun. Et puis voil\u00e0, Jessica a eu l\u2019id\u00e9e de la Cantine, de ce concept qui nous a s\u00e9duits, Muriel et moi, et on a eu envie de nous y associer\u00a0\u00bb, a gliss\u00e9 Anne Le Nen. Et Muriel Robin d\u2019ajouter avec humour\u00a0: \u00ab\u00a0Vous passez commande directement \u00e0 table\u00a0via\u00a0votre t\u00e9l\u00e9phone, vous payez et <a href=\"https:\/\/www.parismatch.com\/Culture\/muriel-robin-a-70-ans-les-11-sketchs-indispensables-pour-survivre-en-milieu-hostile-255093\" rel=\"nofollow noopener\" target=\"_blank\">comme je suis une sp\u00e9cialiste de l\u2019addition<\/a>, le probl\u00e8me est r\u00e9gl\u00e9.\u00a0\u00bb Un concept qu\u2019elles aimeraient franchiser.<\/p>\n<p>    La suite apr\u00e8s cette publicit\u00e9<\/p>\n<p>\u00a0<\/p>\n","protected":false},"excerpt":{"rendered":"Depuis un an maintenant, Muriel Robin et Anne le Nen sont propri\u00e9taires d\u2019une maison \u00e0 Nice, un pied-\u00e0-terre&hellip;\n","protected":false},"author":2,"featured_media":385790,"comment_status":"","ping_status":"","sticky":false,"template":"","format":"standard","meta":{"footnotes":""},"categories":[8],"tags":[58,59,1011,27],"class_list":{"0":"post-385789","1":"post","2":"type-post","3":"status-publish","4":"format-standard","5":"has-post-thumbnail","7":"category-divertissement","8":"tag-divertissement","9":"tag-entertainment","10":"tag-fr","11":"tag-france"},"share_on_mastodon":{"url":"https:\/\/pubeurope.com\/@fr\/115192466238310720","error":""},"_links":{"self":[{"href":"https:\/\/www.europesays.com\/fr\/wp-json\/wp\/v2\/posts\/385789","targetHints":{"allow":["GET"]}}],"collection":[{"href":"https:\/\/www.europesays.com\/fr\/wp-json\/wp\/v2\/posts"}],"about":[{"href":"https:\/\/www.europesays.com\/fr\/wp-json\/wp\/v2\/types\/post"}],"author":[{"embeddable":true,"href":"https:\/\/www.europesays.com\/fr\/wp-json\/wp\/v2\/users\/2"}],"replies":[{"embeddable":true,"href":"https:\/\/www.europesays.com\/fr\/wp-json\/wp\/v2\/comments?post=385789"}],"version-history":[{"count":0,"href":"https:\/\/www.europesays.com\/fr\/wp-json\/wp\/v2\/posts\/385789\/revisions"}],"wp:featuredmedia":[{"embeddable":true,"href":"https:\/\/www.europesays.com\/fr\/wp-json\/wp\/v2\/media\/385790"}],"wp:attachment":[{"href":"https:\/\/www.europesays.com\/fr\/wp-json\/wp\/v2\/media?parent=385789"}],"wp:term":[{"taxonomy":"category","embeddable":true,"href":"https:\/\/www.europesays.com\/fr\/wp-json\/wp\/v2\/categories?post=385789"},{"taxonomy":"post_tag","embeddable":true,"href":"https:\/\/www.europesays.com\/fr\/wp-json\/wp\/v2\/tags?post=385789"}],"curies":[{"name":"wp","href":"https:\/\/api.w.org\/{rel}","templated":true}]}}