{"id":385797,"date":"2025-09-12T17:21:11","date_gmt":"2025-09-12T17:21:11","guid":{"rendered":"https:\/\/www.europesays.com\/fr\/385797\/"},"modified":"2025-09-12T17:21:11","modified_gmt":"2025-09-12T17:21:11","slug":"qui-etait-ashur-sarnaya-ce-chretien-irakien-poignarde-a-mort-dans-son-fauteuil-roulant-durant-un-live-tiktok-a-lyon","status":"publish","type":"post","link":"https:\/\/www.europesays.com\/fr\/385797\/","title":{"rendered":"Qui \u00e9tait Ashur Sarnaya, ce chr\u00e9tien irakien poignard\u00e9 \u00e0 mort dans son fauteuil roulant durant un live TikTok \u00e0 Lyon\u00a0?"},"content":{"rendered":"<p>Cet homme de 45 ans, r\u00e9fugi\u00e9 en France, a \u00e9t\u00e9 tu\u00e9 d\u2019un coup de machette \u00e0 la gorge, mercredi soir, alors qu\u2019il rentrait chez lui, dans le quartier de Gorge de Loup, en se filmant sur le r\u00e9seau social TikTok o\u00f9 il t\u00e9moignait de sa foi chr\u00e9tienne.<\/p>\n<p class=\"fig-paragraph\">Au pied du m\u00e9tro\u00a0<a href=\"http:\/\/www.lefigaro.fr\/lyon\/lyon-violente-altercation-au-couteau-dans-une-residence-universitaire-20250624\" data-fig-type=\"NewsFlash\" data-gtm-custom-categorie=\"navigation\" data-gtm-custom-action=\"crossclick\" data-gtm-custom-label=\"Contextuel\" data-gtm-event=\"customEventSPE\" data-fig-domain=\"LEFIGARO\" rel=\"nofollow noopener\" target=\"_blank\">Gorge de Loup<\/a>, sur le seuil de l\u2019immeuble o\u00f9 Ashur Sarnaya a \u00e9t\u00e9 tu\u00e9 mercredi, personne ne comprend cette fin tragique. Les voisins de\u00a0<a href=\"http:\/\/www.lefigaro.fr\/lyon\/lyon-un-homme-en-fauteuil-roulant-tue-a-l-arme-blanche-20250911\" data-fig-type=\"NewsFlash\" data-gtm-custom-categorie=\"navigation\" data-gtm-custom-action=\"crossclick\" data-gtm-custom-label=\"Contextuel\" data-gtm-event=\"customEventSPE\" data-fig-domain=\"LEFIGARO\" rel=\"nofollow noopener\" target=\"_blank\">cet Irakien de 45 ans, poignard\u00e9 \u00e0 la machette dans son fauteuil roulant<\/a>, le d\u00e9crivent comme un homme \u00abtr\u00e8s gentil\u00bb, \u00abdiscret\u00a0\u00bb, \u00abqui ne faisait de mal \u00e0 personne\u00bb. Entr\u00e9 sur le territoire fran\u00e7ais en 2014 avec un visa polonais, il avait obtenu en 2016 le statut de r\u00e9fugi\u00e9 en raison de son appartenance religieuse. Son titre de s\u00e9jour \u00e9tait valable jusqu\u2019en 2026. \u00abCompl\u00e8tement d\u00e9pendant de son fauteuil roulant\u00bb, il \u00e9tait appr\u00e9ci\u00e9 dans le quartier, de ses voisins au g\u00e9rant de la sup\u00e9rette Casino, qui ne pouvait cacher son \u00e9motion apr\u00e8s le drame.<\/p>\n<p class=\"fig-paragraph\">Sourire bonhomme derri\u00e8re sa barbe blanche, Ashur vivait dans un ensemble social de trois b\u00e2timents. Les riverains \u00e9voquent un quotidien sans tension particuli\u00e8re depuis le d\u00e9mant\u00e8lement d\u2019un point de deal pr\u00e9c\u00e9demment install\u00e9 au pied de l\u2019immeuble. Tous voyaient le visage rond d\u2019Ashur s\u2019animer en parlant au t\u00e9l\u00e9phone ou lors de ses lives TikTok, dans lesquels il entonnait des chants religieux et t\u00e9moignait de sa foi chr\u00e9tienne. C\u2019est au cours de l\u2019une de ces diffusions, en direct, qu\u2019il a \u00e9t\u00e9 tu\u00e9 mercredi soir, en rentrant \u00e0 son domicile.<\/p>\n<p>                                    <a class=\"fig-a11y-skip a11y-hidden\" href=\"#fig-a11y-skip-main-inarticle\"><br \/>\n        Passer la publicit\u00e9<br \/>\n    <\/a><\/p>\n<p>Tu\u00e9 en direct<\/p>\n<p class=\"fig-paragraph\">Une vid\u00e9o &#8211; que la pr\u00e9fecture du Rh\u00f4ne a demand\u00e9 de ne pas relayer &#8211; montre les derniers instants d\u2019Ashur. Il y appara\u00eet face cam\u00e9ra, le visage ensanglant\u00e9 par le coup qu\u2019il vient de recevoir, se tenant la gorge avec sa main. Le motif religieux est aujourd\u2019hui explor\u00e9 par les enqu\u00eateurs, comme d\u2019autres. En l\u2019\u00e9tat actuel des investigations, rien ne permet de l\u2019accr\u00e9diter. Plusieurs sources polici\u00e8res appellent d\u2019ailleurs \u00e0 la plus grande prudence concernant cette piste. \u00abAucune hypoth\u00e8se n\u2019est \u00e9cart\u00e9e \u00e0 ce stade\u00bb, indique le parquet de Lyon.<\/p>\n<p class=\"fig-body-link\">\n            \u00c0 lire aussi<br \/>\n        <a class=\"fig-body-link__link fig-premium-mark\" href=\"http:\/\/www.lefigaro.fr\/lyon\/il-a-fait-quoi-pour-qu-on-le-tue-a-lyon-le-meurtre-de-ashur-poignarde-a-la-gorge-dans-son-fauteuil-roulant-interroge-les-riverains-20250911\" data-fig-type=\"NewsFlash\" data-gtm-custom-categorie=\"navigation\" data-gtm-custom-action=\"crossclick\" data-gtm-custom-label=\"Contextuel\" data-gtm-event=\"customEventSPE\" data-fig-domain=\"LEFIGARO\" rel=\"nofollow noopener\" target=\"_blank\">\u00abIl a fait quoi pour qu\u2019on le tue\u00a0?\u00bb\u00a0: \u00e0 Lyon, le meurtre de Ashur, poignard\u00e9 \u00e0 la gorge dans son fauteuil roulant, interroge les riverains<br \/>\n    <\/a>\n<\/p>\n<p class=\"fig-paragraph\">Les investigations se poursuivent pour identifier l\u2019auteur du coup de machette et le retrouver afin d\u2019\u00e9claircir ses motivations. En situation r\u00e9guli\u00e8re en France et sans casier judiciaire, Ashur vivait avec sa s\u0153ur depuis quelques ann\u00e9es au 51, rue Sergent Michel Berthet, dans le 9e arrondissement de Lyon. Celle-ci travaille et s\u2019occupait de lui. \u00abJe ne pense pas qu\u2019il avait de probl\u00e8mes, \u00e7a fait des ann\u00e9es qu\u2019il habitait l\u00e0, il sortait faire son petit tour et il rentrait. Ce sont des gens tr\u00e8s calmes, tr\u00e8s discrets\u00bb, confie une voisine, la trentaine, qui a alert\u00e9 son mari apr\u00e8s avoir entendu des cris, mercredi soir. Ashur n\u2019avait a priori pas d\u2019ennemi connu. Depuis mercredi soir il re\u00e7oit de nombreux messages d\u2019hommages sous ses vid\u00e9os en ligne.<\/p>\n","protected":false},"excerpt":{"rendered":"Cet homme de 45 ans, r\u00e9fugi\u00e9 en France, a \u00e9t\u00e9 tu\u00e9 d\u2019un coup de machette \u00e0 la gorge,&hellip;\n","protected":false},"author":2,"featured_media":385798,"comment_status":"","ping_status":"","sticky":false,"template":"","format":"standard","meta":{"footnotes":""},"categories":[4],"tags":[11,7623,1011,27,12,25],"class_list":{"0":"post-385797","1":"post","2":"type-post","3":"status-publish","4":"format-standard","5":"has-post-thumbnail","7":"category-france","8":"tag-actualites","9":"tag-coup-de-couteau","10":"tag-fr","11":"tag-france","12":"tag-news","13":"tag-republique-francaise"},"share_on_mastodon":{"url":"https:\/\/pubeurope.com\/@fr\/115192482040691723","error":""},"_links":{"self":[{"href":"https:\/\/www.europesays.com\/fr\/wp-json\/wp\/v2\/posts\/385797","targetHints":{"allow":["GET"]}}],"collection":[{"href":"https:\/\/www.europesays.com\/fr\/wp-json\/wp\/v2\/posts"}],"about":[{"href":"https:\/\/www.europesays.com\/fr\/wp-json\/wp\/v2\/types\/post"}],"author":[{"embeddable":true,"href":"https:\/\/www.europesays.com\/fr\/wp-json\/wp\/v2\/users\/2"}],"replies":[{"embeddable":true,"href":"https:\/\/www.europesays.com\/fr\/wp-json\/wp\/v2\/comments?post=385797"}],"version-history":[{"count":0,"href":"https:\/\/www.europesays.com\/fr\/wp-json\/wp\/v2\/posts\/385797\/revisions"}],"wp:featuredmedia":[{"embeddable":true,"href":"https:\/\/www.europesays.com\/fr\/wp-json\/wp\/v2\/media\/385798"}],"wp:attachment":[{"href":"https:\/\/www.europesays.com\/fr\/wp-json\/wp\/v2\/media?parent=385797"}],"wp:term":[{"taxonomy":"category","embeddable":true,"href":"https:\/\/www.europesays.com\/fr\/wp-json\/wp\/v2\/categories?post=385797"},{"taxonomy":"post_tag","embeddable":true,"href":"https:\/\/www.europesays.com\/fr\/wp-json\/wp\/v2\/tags?post=385797"}],"curies":[{"name":"wp","href":"https:\/\/api.w.org\/{rel}","templated":true}]}}