{"id":385801,"date":"2025-09-12T17:23:21","date_gmt":"2025-09-12T17:23:21","guid":{"rendered":"https:\/\/www.europesays.com\/fr\/385801\/"},"modified":"2025-09-12T17:23:21","modified_gmt":"2025-09-12T17:23:21","slug":"la-talaudiere-un-rendez-vous-equestre-aux-ecuries-de-pont-bayard","status":"publish","type":"post","link":"https:\/\/www.europesays.com\/fr\/385801\/","title":{"rendered":"La Talaudi\u00e8re. Un rendez-vous \u00e9questre aux \u00e9curies de Pont-Bayard"},"content":{"rendered":"<p>Dimanche 21\u00a0septembre, l\u2019association Les Cavaliers de Pont-Bayard organise le concours interne de d\u00e9but de saison, ouvert aux adh\u00e9rents. Le sable de la carri\u00e8re sera cens\u00e9 rappeler les plages des vacances d\u2019\u00e9t\u00e9, les accessoires originaux \u00e9tant les bienvenus.<\/p>\n<p>Ajoutons que le repas et les boissons partag\u00e9s, au tarif unique de 15\u00a0euros, devraient rendre l\u2019ambiance g\u00e9n\u00e9rale de cette journ\u00e9e tr\u00e8s conviviale.<\/p>\n<p class=\"note\">\u00c9curies Pont Bayard, La Roussi\u00e8re, 42\u00a0350 La Talaudi\u00e8re. T\u00e9l. 06.83.70.82.76.<\/p>\n","protected":false},"excerpt":{"rendered":"Dimanche 21\u00a0septembre, l\u2019association Les Cavaliers de Pont-Bayard organise le concours interne de d\u00e9but de saison, ouvert aux adh\u00e9rents.&hellip;\n","protected":false},"author":2,"featured_media":385802,"comment_status":"","ping_status":"","sticky":false,"template":"","format":"standard","meta":{"footnotes":""},"categories":[9653],"tags":[1111,11,2430,7539,1777,674,1011,27,12053,12,25,4001,9664,517],"class_list":{"0":"post-385801","1":"post","2":"type-post","3":"status-publish","4":"format-standard","5":"has-post-thumbnail","7":"category-saint-etienne","8":"tag-actu","9":"tag-actualites","10":"tag-auvergne-rhone-alpes","11":"tag-edition-loire-sud","12":"tag-eu","13":"tag-europe","14":"tag-fr","15":"tag-france","16":"tag-la-talaudiere","17":"tag-news","18":"tag-republique-francaise","19":"tag-saint-etienne","20":"tag-saint-etienne-bassin","21":"tag-sport"},"share_on_mastodon":{"url":"https:\/\/pubeurope.com\/@fr\/115192489853640175","error":""},"_links":{"self":[{"href":"https:\/\/www.europesays.com\/fr\/wp-json\/wp\/v2\/posts\/385801","targetHints":{"allow":["GET"]}}],"collection":[{"href":"https:\/\/www.europesays.com\/fr\/wp-json\/wp\/v2\/posts"}],"about":[{"href":"https:\/\/www.europesays.com\/fr\/wp-json\/wp\/v2\/types\/post"}],"author":[{"embeddable":true,"href":"https:\/\/www.europesays.com\/fr\/wp-json\/wp\/v2\/users\/2"}],"replies":[{"embeddable":true,"href":"https:\/\/www.europesays.com\/fr\/wp-json\/wp\/v2\/comments?post=385801"}],"version-history":[{"count":0,"href":"https:\/\/www.europesays.com\/fr\/wp-json\/wp\/v2\/posts\/385801\/revisions"}],"wp:featuredmedia":[{"embeddable":true,"href":"https:\/\/www.europesays.com\/fr\/wp-json\/wp\/v2\/media\/385802"}],"wp:attachment":[{"href":"https:\/\/www.europesays.com\/fr\/wp-json\/wp\/v2\/media?parent=385801"}],"wp:term":[{"taxonomy":"category","embeddable":true,"href":"https:\/\/www.europesays.com\/fr\/wp-json\/wp\/v2\/categories?post=385801"},{"taxonomy":"post_tag","embeddable":true,"href":"https:\/\/www.europesays.com\/fr\/wp-json\/wp\/v2\/tags?post=385801"}],"curies":[{"name":"wp","href":"https:\/\/api.w.org\/{rel}","templated":true}]}}