{"id":385813,"date":"2025-09-12T17:29:10","date_gmt":"2025-09-12T17:29:10","guid":{"rendered":"https:\/\/www.europesays.com\/fr\/385813\/"},"modified":"2025-09-12T17:29:10","modified_gmt":"2025-09-12T17:29:10","slug":"pourquoi-une-restauratrice-sest-accrochee-au-capot-dune-voiture","status":"publish","type":"post","link":"https:\/\/www.europesays.com\/fr\/385813\/","title":{"rendered":"pourquoi une restauratrice s&rsquo;est accroch\u00e9e au capot d&rsquo;une voiture\u00a0?"},"content":{"rendered":"<p>            Par<br \/>\n        <strong><br \/>\n            <a href=\"https:\/\/actu.fr\/auteur\/jm-aubert\" title=\"Consulter tous les articles de Jean-Marc Aubert\" rel=\"nofollow noopener\" target=\"_blank\">Jean-Marc Aubert<\/a><br \/>\n        <\/strong><\/p>\n<p>        Publi\u00e9 le<\/p>\n<p>            12 sept. 2025 \u00e0 18h27        <\/p>\n<p>Une restauratrice de <strong>P\u00e9rols<\/strong>, au sud de Montpellier, s\u2019est accroch\u00e9e au capot de la voiture d\u2019un \u00ab\u00a0client\u00a0\u00bb qui partait sans payer. Elle a \u00e9t\u00e9 bless\u00e9e.<\/p>\n<p class=\" wall-content\">La sc\u00e8ne s\u2019est d\u00e9roul\u00e9e ce mercredi 10 septembre 2025, en soir\u00e9e, sur le parking du restaurant sp\u00e9cialis\u00e9 dans les buffets \u00e0 volont\u00e9 situ\u00e9 sur la route de la Foire, \u00e0 proximit\u00e9 de la Sud de France Arena et du parc des expositions.<\/p>\n<p>    <a href=\"https:\/\/www.google.com\/maps\/embed?pb=!1m18!1m12!1m3!1d4335.944070979527!2d3.944503073707454!3d43.57416344688622!2m3!1f0!2f0!3f0!3m2!1i1024!2i768!4f13.1!3m3!1m2!1s0x12b6a4d5fc3dcf11%3A0xcca9e855b6f24f1a!2sRte%20de%20la%20Foire%2C%2034470%20P%C3%A9rols!5e0!3m2!1sfr!2sfr!4v1757690687403!5m2!1sfr!2sfr\" title=\"Ouvrie le lien\" rel=\"nofollow noopener\" target=\"_blank\">Cliquez ici pour visualiser le contenu<\/a><\/p>\n<p class=\" wall-content\">Apr\u00e8s avoir d\u00een\u00e9 pour 44\u20ac, ce \u00ab\u00a0client\u00a0\u00bb, une fois arriv\u00e9 \u00e0 la caisse a expliqu\u00e9 qu\u2019il n\u2019avait pas d\u2019argent pour r\u00e9gler l\u2019addition et, sans plus attendre, a prestement quitt\u00e9 les lieux pour rejoindre une voiture stationn\u00e9e sur le parking.<\/p>\n<p>Tra\u00een\u00e9e sur 250m<\/p>\n<p class=\" wall-content\">L\u00a0\u00bbexploitante du restaurant l\u2019a cours\u00e9, s\u2019opposant \u00e0 ce qu\u2019il grimpe au volant, en vain. Au moment o\u00f9 l\u2019auteur de cette filouterie d\u2019aliments mettait le contact et d\u00e9marrait, elle s\u2019est agripp\u00e9e au capot. Courageusement accroch\u00e9e dans cette dangereuse posture sans chuter en d\u00e9pit de manoeuvres d\u00e9lib\u00e9r\u00e9es du chauffard, \u00a0elle a l\u00e2ch\u00e9 prise apr\u00e8s avoir \u00e9t\u00e9 tra\u00een\u00e9e sur 250 m\u00e8tres, tombant lourdement sur la chauss\u00e9e et manquant de passer sous les roues.<\/p>\n<p>Vid\u00e9os : en ce moment sur Actu<\/p>\n<p class=\" wall-content\">Bless\u00e9e, la restauratrice a \u00e9t\u00e9 secourue par les sapeurs-pompiers du<strong> Sdis 34<\/strong> et transport\u00e9e au service des urgences de l\u2019h\u00f4pital Lapeyronie. Une <strong>enqu\u00eate de police<\/strong> est en cours pour identifier l\u2019auteur pr\u00e9sum\u00e9.<\/p>\n<p>Que dit la loi ?<\/p>\n<p class=\" wall-content\">La<strong> filouterie<\/strong> est le fait par une personne qui sait \u00eatre dans l\u2019impossibilit\u00e9 absolue de payer ou qui est d\u00e9termin\u00e9e \u00e0 ne pas payer, de se faire servir des boissons ou des aliments dans un \u00e9tablissement, de\u00a0se faire attribuer et d\u2019occuper effectivement une ou plusieurs chambres dans un \u00e9tablissement louant des chambres, lorsque l\u2019occupation n\u2019a pas exc\u00e9d\u00e9 dix jours, de se faire servir des carburants ou lubrifiants dont elle fait remplir tout ou partie des r\u00e9servoirs d\u2019un v\u00e9hicule par des professionnels de la distribution ou de se faire transporter en taxi ou en voiture de place.<\/p>\n<p>Votre r\u00e9gion, votre actu !<\/p>\n<p>Recevez chaque jour les infos qui comptent pour vous.<\/p>\n<p>\t<a href=\"https:\/\/actu.fr\/newsletter\" class=\"ac-btn ac-btn--corner ac-btn--medium ac-btn--blue800\" rel=\"nofollow noopener\" target=\"_blank\">S&rsquo;incrire<\/a><\/p>\n<p class=\" wall-content\">La filouterie est punie de<strong> six mois d\u2019emprisonnement et de 7 500 euros d\u2019amende<\/strong>.\u00a0L\u2019action publique peut \u00eatre \u00e9teinte, y compris en cas de r\u00e9cidive par le versement d\u2019une amende forfaitaire d\u2019un montant de 300\u20ac. Le montant de l\u2019amende forfaitaire minor\u00e9e est de 250 euros et le montant de l\u2019amende forfaitaire major\u00e9e est de 600 euros.<\/p>\n<p class=\" wall-content\">Personnalisez votre actualit\u00e9 en ajoutant vos villes et m\u00e9dias en favori avec <a href=\"https:\/\/moncompte.actu.fr\" title=\"D\u00e9couvez Mon Actu\" rel=\"nofollow noopener\" data-trk=\"{&quot;cta&quot;:{&quot;action&quot;:&quot;https:\\\/\\\/moncompte.actu.fr&quot;,&quot;category&quot;:&quot;mon compte&quot;,&quot;from&quot;:&quot;article footer&quot;,&quot;name&quot;:&quot;Mon actu&quot;,&quot;type&quot;:&quot;cta&quot;}}\" target=\"_blank\">Mon Actu<\/a>.<\/p>\n","protected":false},"excerpt":{"rendered":"Par Jean-Marc Aubert Publi\u00e9 le 12 sept. 2025 \u00e0 18h27 Une restauratrice de P\u00e9rols, au sud de Montpellier,&hellip;\n","protected":false},"author":2,"featured_media":385814,"comment_status":"","ping_status":"","sticky":false,"template":"","format":"standard","meta":{"footnotes":""},"categories":[9599],"tags":[1111,11,1777,674,118,1011,27,303,2208,12,2680,1072,1311,25],"class_list":{"0":"post-385813","1":"post","2":"type-post","3":"status-publish","4":"format-standard","5":"has-post-thumbnail","7":"category-montpellier","8":"tag-actu","9":"tag-actualites","10":"tag-eu","11":"tag-europe","12":"tag-faits-divers","13":"tag-fr","14":"tag-france","15":"tag-justice","16":"tag-montpellier","17":"tag-news","18":"tag-occitanie","19":"tag-police","20":"tag-pompiers","21":"tag-republique-francaise"},"share_on_mastodon":{"url":"https:\/\/pubeurope.com\/@fr\/115192513459753729","error":""},"_links":{"self":[{"href":"https:\/\/www.europesays.com\/fr\/wp-json\/wp\/v2\/posts\/385813","targetHints":{"allow":["GET"]}}],"collection":[{"href":"https:\/\/www.europesays.com\/fr\/wp-json\/wp\/v2\/posts"}],"about":[{"href":"https:\/\/www.europesays.com\/fr\/wp-json\/wp\/v2\/types\/post"}],"author":[{"embeddable":true,"href":"https:\/\/www.europesays.com\/fr\/wp-json\/wp\/v2\/users\/2"}],"replies":[{"embeddable":true,"href":"https:\/\/www.europesays.com\/fr\/wp-json\/wp\/v2\/comments?post=385813"}],"version-history":[{"count":0,"href":"https:\/\/www.europesays.com\/fr\/wp-json\/wp\/v2\/posts\/385813\/revisions"}],"wp:featuredmedia":[{"embeddable":true,"href":"https:\/\/www.europesays.com\/fr\/wp-json\/wp\/v2\/media\/385814"}],"wp:attachment":[{"href":"https:\/\/www.europesays.com\/fr\/wp-json\/wp\/v2\/media?parent=385813"}],"wp:term":[{"taxonomy":"category","embeddable":true,"href":"https:\/\/www.europesays.com\/fr\/wp-json\/wp\/v2\/categories?post=385813"},{"taxonomy":"post_tag","embeddable":true,"href":"https:\/\/www.europesays.com\/fr\/wp-json\/wp\/v2\/tags?post=385813"}],"curies":[{"name":"wp","href":"https:\/\/api.w.org\/{rel}","templated":true}]}}