{"id":385817,"date":"2025-09-12T17:32:21","date_gmt":"2025-09-12T17:32:21","guid":{"rendered":"https:\/\/www.europesays.com\/fr\/385817\/"},"modified":"2025-09-12T17:32:21","modified_gmt":"2025-09-12T17:32:21","slug":"un-homme-heliporte-au-chu-de-rouen-avec-15-piqures-de-frelons","status":"publish","type":"post","link":"https:\/\/www.europesays.com\/fr\/385817\/","title":{"rendered":"Un homme h\u00e9liport\u00e9 au CHU de Rouen avec 15 piq\u00fbres de frelons"},"content":{"rendered":"<p class=\"mb-4 text-lg md:leading-8 break-words\"><strong>Dard-Devil &#8211; Attaqu\u00e9 par des frelons pr\u00e8s de Neufch\u00e2tel-en-Bray mercredi, un homme de 43 ans a \u00e9t\u00e9 transport\u00e9 vers le CHU de Rouen dans un \u00e9tat critique<\/strong><\/p>\n<p class=\"mb-4 text-lg md:leading-8 break-words\">Ces trois agriculteurs ne sont pas pr\u00e8s d\u2019oublier cette journ\u00e9e du 10\u00a0septembre 2025. Alors qu\u2019ils travaillaient dans un champ entre Neufch\u00e2tel-en-Bray et Aumale (<a href=\"https:\/\/www.20minutes.fr\/dossier\/seine_maritime-1?at_medium=RSS%20feed&amp;at_campaign=ynews&amp;utm_source=yahoo&amp;utm_medium=rss&amp;utm_campaign=news_feed&amp;utm_content=in_article_link\" rel=\"nofollow noopener\" target=\"_blank\" data-ylk=\"slk:Seine-Maritime;elm:context_link;itc:0;sec:content-canvas\" class=\"link \">Seine-Maritime<\/a>), ils ont \u00e9t\u00e9 attaqu\u00e9s par un essaim de frelons particuli\u00e8rement agressifs, d\u2019apr\u00e8s <a href=\"https:\/\/actu.fr\/normandie\/flamets-fretils_76265\/attaque-et-pique-15-fois-par-des-frelons-en-seine-maritime-un-homme-a-ete-heliporte-au-chu-de-rouen_63149430.html?at_medium=RSS%20feed&amp;at_campaign=ynews&amp;utm_source=yahoo&amp;utm_medium=rss&amp;utm_campaign=news_feed&amp;utm_content=in_article_link\" rel=\"nofollow noopener\" target=\"_blank\" data-ylk=\"slk:Le R\u00e9veil;elm:context_link;itc:0;sec:content-canvas\" class=\"link \">Le R\u00e9veil<\/a>.<\/p>\n<p class=\"mb-4 text-lg md:leading-8 break-words\">Les trois hommes ont \u00e9t\u00e9 piqu\u00e9s \u00e0 plusieurs reprises, mais l\u2019un d\u2019eux, \u00e2g\u00e9 de 43 ans, a tr\u00e8s mal r\u00e9agi. En voulant se r\u00e9fugier dans son tracteur, il a \u00e9t\u00e9 <a href=\"https:\/\/www.20minutes.fr\/faits_divers\/4171786-20250908-var-sexagenaire-meurt-apres-avoir-pique-frelon-bateau?at_medium=RSS%20feed&amp;at_campaign=ynews&amp;utm_source=yahoo&amp;utm_medium=rss&amp;utm_campaign=news_feed&amp;utm_content=in_article_link\" rel=\"nofollow noopener\" target=\"_blank\" data-ylk=\"slk:suivi par des frelons et piqu\u00e9 une quinzaine de fois;elm:context_link;itc:0;sec:content-canvas\" class=\"link \">suivi par des frelons et piqu\u00e9 une quinzaine de fois<\/a> sur le haut du corps, ainsi qu\u2019\u00e0 la t\u00eate. Sa gorge s\u2019est ensuite mise \u00e0 gonfler, avant d\u2019\u00eatre pris de convulsions.<\/p>\n<p>H\u00e9liport\u00e9 dans un \u00e9tat critique<\/p>\n<p class=\"mb-4 text-lg md:leading-8 break-words\">\u00ab\u00a0Il a fait un \u0153d\u00e8me de la luette\u00a0\u00bb, selon les pompiers. Une situation potentiellement fatale. Heureusement, l\u2019<a href=\"https:\/\/www.20minutes.fr\/strasbourg\/2123859-20170830-strasbourg-vraiment-dragon-67-helicoptere-peut-sauver-vie?at_medium=RSS%20feed&amp;at_campaign=ynews&amp;utm_source=yahoo&amp;utm_medium=rss&amp;utm_campaign=news_feed&amp;utm_content=in_article_link\" rel=\"nofollow noopener\" target=\"_blank\" data-ylk=\"slk:h\u00e9licopt\u00e8re de la S\u00e9curit\u00e9 civile;elm:context_link;itc:0;sec:content-canvas\" class=\"link \">h\u00e9licopt\u00e8re de la S\u00e9curit\u00e9 civile<\/a> a vite \u00e9t\u00e9 appel\u00e9 en renfort des pompiers et des autres services de secours pr\u00e9sents sur place. L\u2019homme a ainsi pu \u00eatre h\u00e9liport\u00e9 \u00e0 temps vers le CHU de <a href=\"https:\/\/www.20minutes.fr\/dossier\/rouen?at_medium=RSS%20feed&amp;at_campaign=ynews&amp;utm_source=yahoo&amp;utm_medium=rss&amp;utm_campaign=news_feed&amp;utm_content=in_article_link\" rel=\"nofollow noopener\" target=\"_blank\" data-ylk=\"slk:Rouen;elm:context_link;itc:0;sec:content-canvas\" class=\"link \">Rouen<\/a>, o\u00f9 il a \u00e9t\u00e9 pris en charge par des m\u00e9decins.<\/p>\n<p class=\"mb-4 text-lg md:leading-8 break-words\">Depuis sa m\u00e9saventure, son \u00e9tat de sant\u00e9 s\u2019est am\u00e9lior\u00e9. Le nid de frelons, lui, a \u00e9t\u00e9 d\u00e9truit par un sp\u00e9cialiste par mesure de pr\u00e9caution. Il \u00e9tait situ\u00e9 juste \u00e0 l\u2019entr\u00e9e de la parcelle et \u00e9tait gros comme un ballon de football, selon les t\u00e9moins.<\/p>\n<p class=\"mb-4 text-lg md:leading-8 break-words\"><a href=\"https:\/\/www.20minutes.fr\/faits_divers\/4172814-20250912-homme-heliporte-chu-rouen-15-piqures-frelons?at_medium=RSS%20feed&amp;at_campaign=ynews&amp;utm_source=yahoo&amp;utm_medium=rss&amp;utm_campaign=news_feed&amp;utm_content=read_more_link&quot;\" rel=\"nofollow noopener\" target=\"_blank\" data-ylk=\"slk:Lire la suite sur 20minutes;elm:context_link;itc:0;sec:content-canvas\" class=\"link \">Lire la suite sur 20minutes<\/a><\/p>\n<p>\u00c0 lire aussi :<br \/><a href=\"https:\/\/www.20minutes.fr\/faits_divers\/4171205-20250904-ariege-deux-blesses-accident-voiture-cause-insecte?at_medium=RSS%20feed&amp;at_campaign=ynews&amp;utm_source=yahoo&amp;utm_medium=rss&amp;utm_campaign=news_feed&amp;utm_content=related_content_link\" rel=\"nofollow noopener\" target=\"_blank\" data-ylk=\"slk:Ari\u00e8ge\u00a0: Deux bless\u00e9s dans un accident de voiture \u00e0 cause d\u2019un insecte;elm:context_link;itc:0;sec:content-canvas\" class=\"link \">Ari\u00e8ge\u00a0: Deux bless\u00e9s dans un accident de voiture \u00e0 cause d\u2019un insecte<\/a><br \/><a href=\"https:\/\/www.20minutes.fr\/societe\/4169803-20250827-herault-attaques-essaim-guepes-pere-deux-enfants-transportes-hopital?at_medium=RSS%20feed&amp;at_campaign=ynews&amp;utm_source=yahoo&amp;utm_medium=rss&amp;utm_campaign=news_feed&amp;utm_content=related_content_link\" rel=\"nofollow noopener\" target=\"_blank\" data-ylk=\"slk:H\u00e9rault\u00a0: Attaqu\u00e9s par un essaim de gu\u00eapes, un p\u00e8re et ses deux enfants transport\u00e9s \u00e0 l\u2019h\u00f4pital;elm:context_link;itc:0;sec:content-canvas\" class=\"link \">H\u00e9rault\u00a0: Attaqu\u00e9s par un essaim de gu\u00eapes, un p\u00e8re et ses deux enfants transport\u00e9s \u00e0 l\u2019h\u00f4pital<\/a><\/p>\n","protected":false},"excerpt":{"rendered":"Dard-Devil &#8211; Attaqu\u00e9 par des frelons pr\u00e8s de Neufch\u00e2tel-en-Bray mercredi, un homme de 43 ans a \u00e9t\u00e9 transport\u00e9&hellip;\n","protected":false},"author":2,"featured_media":385818,"comment_status":"","ping_status":"","sticky":false,"template":"","format":"standard","meta":{"footnotes":""},"categories":[9587],"tags":[1111,11,51838,11685,1777,674,1011,27,4308,51837,12,51839,5161,25,9590],"class_list":{"0":"post-385817","1":"post","2":"type-post","3":"status-publish","4":"format-standard","5":"has-post-thumbnail","7":"category-rouen","8":"tag-actu","9":"tag-actualites","10":"tag-chu-de-rouen","11":"tag-etat-critique","12":"tag-eu","13":"tag-europe","14":"tag-fr","15":"tag-france","16":"tag-heliporte","17":"tag-neufchatel-en-bray","18":"tag-news","19":"tag-nid-de-frelons","20":"tag-normandie","21":"tag-republique-francaise","22":"tag-rouen"},"share_on_mastodon":{"url":"https:\/\/pubeurope.com\/@fr\/115192525212437889","error":""},"_links":{"self":[{"href":"https:\/\/www.europesays.com\/fr\/wp-json\/wp\/v2\/posts\/385817","targetHints":{"allow":["GET"]}}],"collection":[{"href":"https:\/\/www.europesays.com\/fr\/wp-json\/wp\/v2\/posts"}],"about":[{"href":"https:\/\/www.europesays.com\/fr\/wp-json\/wp\/v2\/types\/post"}],"author":[{"embeddable":true,"href":"https:\/\/www.europesays.com\/fr\/wp-json\/wp\/v2\/users\/2"}],"replies":[{"embeddable":true,"href":"https:\/\/www.europesays.com\/fr\/wp-json\/wp\/v2\/comments?post=385817"}],"version-history":[{"count":0,"href":"https:\/\/www.europesays.com\/fr\/wp-json\/wp\/v2\/posts\/385817\/revisions"}],"wp:featuredmedia":[{"embeddable":true,"href":"https:\/\/www.europesays.com\/fr\/wp-json\/wp\/v2\/media\/385818"}],"wp:attachment":[{"href":"https:\/\/www.europesays.com\/fr\/wp-json\/wp\/v2\/media?parent=385817"}],"wp:term":[{"taxonomy":"category","embeddable":true,"href":"https:\/\/www.europesays.com\/fr\/wp-json\/wp\/v2\/categories?post=385817"},{"taxonomy":"post_tag","embeddable":true,"href":"https:\/\/www.europesays.com\/fr\/wp-json\/wp\/v2\/tags?post=385817"}],"curies":[{"name":"wp","href":"https:\/\/api.w.org\/{rel}","templated":true}]}}