{"id":385823,"date":"2025-09-12T17:35:11","date_gmt":"2025-09-12T17:35:11","guid":{"rendered":"https:\/\/www.europesays.com\/fr\/385823\/"},"modified":"2025-09-12T17:35:11","modified_gmt":"2025-09-12T17:35:11","slug":"le-departement-place-en-vigilance-par-meteo-france","status":"publish","type":"post","link":"https:\/\/www.europesays.com\/fr\/385823\/","title":{"rendered":"le d\u00e9partement plac\u00e9 en vigilance par M\u00e9t\u00e9o France"},"content":{"rendered":"<p>            Par<br \/>\n        <strong><br \/>\n            <a href=\"https:\/\/actu.fr\/auteur\/brian-legoff\" title=\"Consulter tous les articles de Brian Le Goff\" target=\"_blank\" rel=\"noopener\">Brian Le Goff<\/a><br \/>\n        <\/strong><\/p>\n<p>        Publi\u00e9 le<\/p>\n<p>            12 sept. 2025 \u00e0 17h50        <\/p>\n<p>Les habitants d\u2019<a href=\"https:\/\/actu.fr\/bretagne\/ille-et-vilaine_35\" target=\"_blank\" rel=\"noopener\">Ille-et-Vilaine<\/a> devront rester prudents ce samedi 13\u00a0septembre. <a href=\"https:\/\/actu.fr\/meteo\/\" target=\"_blank\" rel=\"noopener\">M\u00e9t\u00e9o-France<\/a> a plac\u00e9 le d\u00e9partement en <strong>vigilance jaune<\/strong> pour risque d\u2019<a href=\"https:\/\/actu.fr\/tag\/orages\" target=\"_blank\" rel=\"noopener\">orages<\/a> \u00e0 partir de 15\u2009h.<\/p>\n<p>Un risque orageux \u00e0 surveiller<\/p>\n<p class=\" wall-content\">La vigilance jaune<strong> ne signifie pas que tout le territoire sera touch\u00e9,<\/strong> mais que des ph\u00e9nom\u00e8nes orageux sont possibles et qu\u2019ils <strong>peuvent \u00eatre localement dangereux<\/strong>. Les averses pourront \u00eatre soutenues, accompagn\u00e9es de rafales de vent, d\u2019impacts de foudre et parfois de gr\u00eale.<\/p>\n<p class=\" wall-content\">\u00ab\u2009Nous serons concern\u00e9s par des <strong>averses orageuses<\/strong> qui vont circuler entre les c\u00f4tes de la Manche et l\u2019Ille-et-Vilaine. On peut donc s\u2019attendre \u00e0 des pr\u00e9cipitations br\u00e8ves, autrement dit des grains, mais soutenues, comme on a pu en voir ces derniers jours\u2009\u00bb, d\u00e9veloppe<strong> S\u00e9bastien Decaux<\/strong>, de M\u00e9t\u00e9o Bretagne.<\/p>\n<blockquote class=\"ac-article-quote wall-content\">\n<p>Il y a en ce moment beaucoup d&rsquo;instabilit\u00e9 qui r\u00e9sulte d&rsquo;un air froid en altitude. Par exemple, alors que l&rsquo;on a ce vendredi 20 \u00b0C \u00e0 Rennes, on a \u00e0 1 500 m d&rsquo;altitude une temp\u00e9rature de 6 \u00b0C et, \u00e0 5 000 m d&rsquo;altitude, &#8211; 18 \u00b0C. Ce fort gradient thermique entretient cette m\u00e9t\u00e9o.<\/p>\n<p>    <strong>S\u00e9bastien Decaux<\/strong><br \/>\n        M\u00e9t\u00e9o Bretagne    <\/p><\/blockquote>\n<p class=\" wall-content\">Les autorit\u00e9s recommandent <strong>d\u2019adopter des gestes simples<\/strong> en cas de d\u00e9gradation\u2009: \u00e9viter les activit\u00e9s en plein air, mettre \u00e0 l\u2019abri les objets sensibles au vent et rester attentif aux consignes diffus\u00e9es par M\u00e9t\u00e9o-France ou la pr\u00e9fecture.<\/p>\n<p>Une situation plus stable en soir\u00e9e, mais le vent se l\u00e8ve<\/p>\n<p class=\" wall-content\">La mesure restera en vigueur <strong>jusqu\u2019\u00e0 samedi, 22h<\/strong>. La situation sera r\u00e9\u00e9valu\u00e9e au fil des heures, en fonction de l\u2019\u00e9volution des orages. La soir\u00e9e, \u00e0 partir de 20h, devrait \u00eatre moins d\u00e9sagr\u00e9able avec un ciel de tra\u00eene et une alternance de nuages et d\u2019\u00e9claircies. Le vent soufflera fort autour de 50-60\u00a0km\/h dans une ambiance automnale.<\/p>\n<p class=\" wall-content\">Dimanche matin, il faut s\u2019attendre \u00e0<strong> l\u2019arriv\u00e9e d\u2019une nouvelle perturbation<\/strong> de l\u2019Atlantique qui traversera la r\u00e9gion vers le nord-est. Apr\u00e8s, le ciel sera toujours variable avec, l\u00e0 encore, nuages, \u00e9claircies, averses et le vent qui va se lever<strong> autour de 60-70\u00a0km\/h dans les terres et jusqu\u2019\u00e0 100\u00a0km\/h sur les c\u00f4tes finist\u00e9riennes et le Tr\u00e9gor<\/strong>. \u00ab\u2009Il faut s\u2019attendre \u00e0 une nuit un peu d\u00e9coiffante\u2009\u00bb, note S\u00e9bastien Decaux.<\/p>\n<p>Votre r\u00e9gion, votre actu !<\/p>\n<p>Recevez chaque jour les infos qui comptent pour vous.<\/p>\n<p>\t<a href=\"https:\/\/actu.fr\/newsletter\" class=\"ac-btn ac-btn--corner ac-btn--medium ac-btn--blue800\" target=\"_blank\" rel=\"noopener\">S&rsquo;incrire<\/a><\/p>\n<p class=\" wall-content\">Bonne nouvelle, le ciel de <strong>lundi<\/strong> sera beaucoup <strong>plus propice aux \u00e9claircies qu\u2019aux averses<\/strong>.<\/p>\n<p class=\" wall-content\">Personnalisez votre actualit\u00e9 en ajoutant vos villes et m\u00e9dias en favori avec <a href=\"https:\/\/moncompte.actu.fr\" title=\"D\u00e9couvez Mon Actu\" rel=\"nofollow noopener\" data-trk=\"{&quot;cta&quot;:{&quot;action&quot;:&quot;https:\\\/\\\/moncompte.actu.fr&quot;,&quot;category&quot;:&quot;mon compte&quot;,&quot;from&quot;:&quot;article footer&quot;,&quot;name&quot;:&quot;Mon actu&quot;,&quot;type&quot;:&quot;cta&quot;}}\" target=\"_blank\">Mon Actu<\/a>.<\/p>\n","protected":false},"excerpt":{"rendered":"Par Brian Le Goff Publi\u00e9 le 12 sept. 2025 \u00e0 17h50 Les habitants d\u2019Ille-et-Vilaine devront rester prudents ce&hellip;\n","protected":false},"author":2,"featured_media":385824,"comment_status":"","ping_status":"","sticky":false,"template":"","format":"standard","meta":{"footnotes":""},"categories":[2821],"tags":[1111,11,829,1777,674,1011,27,2487,2357,12,4594,584,25],"class_list":{"0":"post-385823","1":"post","2":"type-post","3":"status-publish","4":"format-standard","5":"has-post-thumbnail","7":"category-rennes","8":"tag-actu","9":"tag-actualites","10":"tag-bretagne","11":"tag-eu","12":"tag-europe","13":"tag-fr","14":"tag-france","15":"tag-meteo","16":"tag-meteo-france","17":"tag-news","18":"tag-orages","19":"tag-rennes","20":"tag-republique-francaise"},"share_on_mastodon":{"url":"https:\/\/pubeurope.com\/@fr\/115192537046884661","error":""},"_links":{"self":[{"href":"https:\/\/www.europesays.com\/fr\/wp-json\/wp\/v2\/posts\/385823","targetHints":{"allow":["GET"]}}],"collection":[{"href":"https:\/\/www.europesays.com\/fr\/wp-json\/wp\/v2\/posts"}],"about":[{"href":"https:\/\/www.europesays.com\/fr\/wp-json\/wp\/v2\/types\/post"}],"author":[{"embeddable":true,"href":"https:\/\/www.europesays.com\/fr\/wp-json\/wp\/v2\/users\/2"}],"replies":[{"embeddable":true,"href":"https:\/\/www.europesays.com\/fr\/wp-json\/wp\/v2\/comments?post=385823"}],"version-history":[{"count":0,"href":"https:\/\/www.europesays.com\/fr\/wp-json\/wp\/v2\/posts\/385823\/revisions"}],"wp:featuredmedia":[{"embeddable":true,"href":"https:\/\/www.europesays.com\/fr\/wp-json\/wp\/v2\/media\/385824"}],"wp:attachment":[{"href":"https:\/\/www.europesays.com\/fr\/wp-json\/wp\/v2\/media?parent=385823"}],"wp:term":[{"taxonomy":"category","embeddable":true,"href":"https:\/\/www.europesays.com\/fr\/wp-json\/wp\/v2\/categories?post=385823"},{"taxonomy":"post_tag","embeddable":true,"href":"https:\/\/www.europesays.com\/fr\/wp-json\/wp\/v2\/tags?post=385823"}],"curies":[{"name":"wp","href":"https:\/\/api.w.org\/{rel}","templated":true}]}}