{"id":385829,"date":"2025-09-12T17:38:13","date_gmt":"2025-09-12T17:38:13","guid":{"rendered":"https:\/\/www.europesays.com\/fr\/385829\/"},"modified":"2025-09-12T17:38:13","modified_gmt":"2025-09-12T17:38:13","slug":"des-ouistitis-en-liberte-apres-une-intrusion-dans-un-laboratoire-de-strasbourg","status":"publish","type":"post","link":"https:\/\/www.europesays.com\/fr\/385829\/","title":{"rendered":"Des ouistitis en libert\u00e9 apr\u00e8s une intrusion dans un laboratoire de Strasbourg"},"content":{"rendered":"<ul class=\"jsx-862013697 ArticleChapo__List\">\n<li class=\"jsx-862013697 ArticleChapo__List_Item flex\">Douze jeunes singes de laboratoire manquent \u00e0 l&rsquo;appel apr\u00e8s l&rsquo;intrusion d&rsquo;individus dans le centre de primatologie de l&rsquo;Universit\u00e9 de Strasbourg.<\/li>\n<li class=\"jsx-862013697 ArticleChapo__List_Item flex\">Selon les autorit\u00e9s, ils ne repr\u00e9sentent \u00ab\u00a0aucun danger pour les populations locales\u00a0\u00bb.<\/li>\n<\/ul>\n<p data-module=\"article-paragraph\" class=\"jsx-3046738180 Paragraph Paragraph__End\">Douze ouistitis en cavale. Des petits primates ont disparu \u00e0 la suite d&rsquo;une intrusion dans le centre de primatologie de l&rsquo;Universit\u00e9 de Strasbourg (Unistra), a appris l&rsquo;AFP, confirmant une information des Derni\u00e8res nouvelles d&rsquo;Alsace. \u00ab\u00a0Trois combinaisons\u00a0\u00bb int\u00e9grales ont \u00e9t\u00e9 retrouv\u00e9es dans le complexe qui abrite plus de 800 singes, situ\u00e9 dans une forteresse du XIXe si\u00e8cle \u00e0 Niederhausbergen (Bas-Rhin), mais la direction ne conna\u00eet pas le nombre pr\u00e9cis d&rsquo;individus impliqu\u00e9s.\u00a0<\/p>\n<p>\u00ab\u00a0Aucun risque pour les populations locales\u00a0\u00bb<\/p>\n<p data-module=\"article-paragraph\" class=\"jsx-3046738180 Paragraph\">Vendredi, 12 <a href=\"https:\/\/www.tf1info.fr\/sciences-et-innovation\/une-etude-revele-que-les-ouistitis-se-donnent-des-noms-pour-s-appeler-entre-eux-2317539.html\" target=\"_blank\" rel=\"noopener\">ouistitis<\/a> manquaient toujours \u00ab\u00a0ainsi que trois bo\u00eetes \u00e0 nid\u00a0\u00bb, d\u00e9taille l&rsquo;Unistra. \u00ab\u00a0Nous supposons que certains animaux ont \u00e9t\u00e9 vol\u00e9s, sans exclure que certains puissent \u00eatre aux abords du site\u00a0\u00bb, pr\u00e9cise l&rsquo;institut. Pesant entre 300 et 500 grammes \u00e0 l&rsquo;\u00e2ge adulte, ces jeunes singes ne repr\u00e9sentent \u00ab\u00a0aucun risque pour les populations locales\u00a0\u00bb. A contrario, cet animal est \u00ab\u00a0plut\u00f4t stress\u00e9 de se retrouver en dehors de son environnement et de ses cong\u00e9n\u00e8res\u00a0\u00bb et ses chances de survie \u00e0 l&rsquo;ext\u00e9rieur \u00ab\u00a0sont tr\u00e8s faibles\u00a0\u00bb. Par ailleurs, deux animaux ont d\u00e9j\u00e0 \u00e9t\u00e9 r\u00e9cup\u00e9r\u00e9s dans l&rsquo;enceinte du site \u00ab\u00a0et sont en bonne sant\u00e9\u00a0\u00bb. Les autres sp\u00e9cimens sont activement recherch\u00e9s par des zootechniciens et des responsables du bien-\u00eatre animal.\u00a0<\/p>\n<p data-module=\"article-paragraph\" class=\"jsx-3046738180 Paragraph Paragraph__End\">L&rsquo;universit\u00e9 a d\u00e9pos\u00e9 une plainte aupr\u00e8s de la gendarmerie de Mundolsheim \u00ab\u00a0et les services des douanes ont \u00e9t\u00e9 inform\u00e9s pour les contr\u00f4les aux fronti\u00e8res\u00a0\u00bb. \u00ab\u00a0Les cambrioleurs, par leurs actes, n&rsquo;ont aucune pr\u00e9occupation du bien-\u00eatre de ces animaux\u00a0\u00bb, d\u00e9nonce-t-elle.\u00a0<\/p>\n<p><a href=\"https:\/\/www.tf1info.fr\/sante\/les-laboratoires-pharmaceutiques-soumis-a-des-nouvelles-obligations-pour-eviter-les-ruptures-de-medicaments-essentiels-2387127.html\" rel=\"noopener\" class=\"jsx-3308031228 Link flex\" target=\"_blank\"><img decoding=\"async\" src=\"https:\/\/www.europesays.com\/fr\/wp-content\/uploads\/2025\/09\/medicaments-inefficaces-et-dangeureux-dcded0-0@1x.jpeg\" alt=\"Getty Images\" loading=\"lazy\" importance=\"low\" fetchpriority=\"low\" class=\"\" aria-hidden=\"true\"\/><\/p>\n<p class=\"jsx-3657663356 ReadMoreArticle__Title\">Lire aussi<\/p>\n<p class=\"jsx-3657663356\">Les laboratoires soumis \u00e0 des nouvelles obligations pour \u00e9viter les ruptures de m\u00e9dicaments essentiels<\/p>\n<p><\/a><\/p>\n<p data-module=\"article-paragraph\" class=\"jsx-3046738180 Paragraph\">Le centre de primatologie de l&rsquo;Universit\u00e9 de Strasbourg a \u00e9t\u00e9 cr\u00e9\u00e9 en 1978 et s&rsquo;\u00e9tend sur sept hectares de terrain bois\u00e9. Aujourd\u2019hui <a href=\"https:\/\/primatologie.unistra.fr\/\" target=\"_blank\" rel=\"nofollow noopener\">rebaptis\u00e9 \u00ab\u00a0SILABE\u00a0\u00bb (pour Simian Laboratory Europe), (nouvelle fen\u00eatre)<\/a> le site a \u00e9t\u00e9 install\u00e9 dans un fort construit par les Allemands en 1870 pr\u00e8s de Strasbourg. Plus de 800 animaux de sept esp\u00e8ces diff\u00e9rentes y sont h\u00e9berg\u00e9s et sont utilis\u00e9s pour diff\u00e9rents types de recherche, du biom\u00e9dical \u00e0 l&rsquo;\u00e9tude du comportement animal. \u00ab\u00a0Les primates (&#8230;) ne proviennent pas de pr\u00e9l\u00e8vements dans les populations sauvages vivant dans la nature, mais ils sont n\u00e9s en captivit\u00e9 depuis de nombreuses g\u00e9n\u00e9rations et sont impliqu\u00e9s dans des programmes de conservation au niveau europ\u00e9en\u00a0\u00bb, explique le SILABE sur son site internet.<\/p>\n<p data-module=\"article-paragraph\" class=\"jsx-3046738180 Paragraph\">\u00a0<\/p>\n<p data-module=\"article-paragraph\" class=\"jsx-3046738180 Paragraph Paragraph__End\">Plusieurs associations, comme Pro Anima, militent depuis plusieurs ann\u00e9es pour la fermeture de ce laboratoire.\u00a0<\/p>\n<p>Maxence GEVIN<\/p>\n","protected":false},"excerpt":{"rendered":"Douze jeunes singes de laboratoire manquent \u00e0 l&rsquo;appel apr\u00e8s l&rsquo;intrusion d&rsquo;individus dans le centre de primatologie de l&rsquo;Universit\u00e9&hellip;\n","protected":false},"author":2,"featured_media":385830,"comment_status":"","ping_status":"","sticky":false,"template":"","format":"standard","meta":{"footnotes":""},"categories":[2820],"tags":[1111,11,1867,1921,1777,674,1011,27,775,1922,2954,11601,12,25,43,640,133,2953],"class_list":{"0":"post-385829","1":"post","2":"type-post","3":"status-publish","4":"format-standard","5":"has-post-thumbnail","7":"category-strasbourg","8":"tag-actu","9":"tag-actualites","10":"tag-animaux","11":"tag-article-video","12":"tag-eu","13":"tag-europe","14":"tag-fr","15":"tag-france","16":"tag-grand-est","17":"tag-info","18":"tag-justice-et-faits-divers","19":"tag-nature-et-animaux","20":"tag-news","21":"tag-republique-francaise","22":"tag-science","23":"tag-strasbourg","24":"tag-video","25":"tag-video-police"},"share_on_mastodon":{"url":"https:\/\/pubeurope.com\/@fr\/115192549174140628","error":""},"_links":{"self":[{"href":"https:\/\/www.europesays.com\/fr\/wp-json\/wp\/v2\/posts\/385829","targetHints":{"allow":["GET"]}}],"collection":[{"href":"https:\/\/www.europesays.com\/fr\/wp-json\/wp\/v2\/posts"}],"about":[{"href":"https:\/\/www.europesays.com\/fr\/wp-json\/wp\/v2\/types\/post"}],"author":[{"embeddable":true,"href":"https:\/\/www.europesays.com\/fr\/wp-json\/wp\/v2\/users\/2"}],"replies":[{"embeddable":true,"href":"https:\/\/www.europesays.com\/fr\/wp-json\/wp\/v2\/comments?post=385829"}],"version-history":[{"count":0,"href":"https:\/\/www.europesays.com\/fr\/wp-json\/wp\/v2\/posts\/385829\/revisions"}],"wp:featuredmedia":[{"embeddable":true,"href":"https:\/\/www.europesays.com\/fr\/wp-json\/wp\/v2\/media\/385830"}],"wp:attachment":[{"href":"https:\/\/www.europesays.com\/fr\/wp-json\/wp\/v2\/media?parent=385829"}],"wp:term":[{"taxonomy":"category","embeddable":true,"href":"https:\/\/www.europesays.com\/fr\/wp-json\/wp\/v2\/categories?post=385829"},{"taxonomy":"post_tag","embeddable":true,"href":"https:\/\/www.europesays.com\/fr\/wp-json\/wp\/v2\/tags?post=385829"}],"curies":[{"name":"wp","href":"https:\/\/api.w.org\/{rel}","templated":true}]}}