{"id":385835,"date":"2025-09-12T17:41:14","date_gmt":"2025-09-12T17:41:14","guid":{"rendered":"https:\/\/www.europesays.com\/fr\/385835\/"},"modified":"2025-09-12T17:41:14","modified_gmt":"2025-09-12T17:41:14","slug":"les-gerants-des-bars-maintiennent-leur-barathon-la-mairie-craint-des-debordements","status":"publish","type":"post","link":"https:\/\/www.europesays.com\/fr\/385835\/","title":{"rendered":"Les g\u00e9rants des bars maintiennent leur \u00ab\u00a0barathon\u00a0\u00bb, la mairie craint des d\u00e9bordements"},"content":{"rendered":"<p>Vous \u00e9tiez pass\u00e9s entre les mailles de l\u2019engouement pour le <a href=\"https:\/\/www.20minutes.fr\/sante\/4168916-20250821-marathoniens-plus-exposes-cancer-colorectal-selon-etude\" target=\"_blank\" class=\"c-link c-link--is-underlined\" rel=\"nofollow noopener\">marathon<\/a> sur les r\u00e9seaux mais cette ann\u00e9e, c\u2019est un nouveau concept qui fait parler. Si vous \u00eates plus <a href=\"https:\/\/www.20minutes.fr\/societe\/4039628-20230621-remis-danser-trois-ans-apres-covid-19-comment-jeunesse-reapproprie-nuit\" target=\"_blank\" class=\"c-link c-link--is-underlined\" rel=\"nofollow noopener\">f\u00eatard<\/a> que sportif alors vous avez s\u00fbrement d\u00e9j\u00e0 entendu parler des barathons. Le concept, souvent destin\u00e9 aux \u00e9tudiants, consiste \u00e0 encha\u00eener les verres, payants et offerts, dans plusieurs bars d\u2019une m\u00eame ville dans un esprit \u00ab\u00a0festif\u00a0\u00bb.<\/p>\n<p>Les 16 et 17\u00a0octobre, la \u00ab\u00a0tourn\u00e9e des bars nantaise\u00a0\u00bb, comme se d\u00e9finit l\u2019\u00e9v\u00e9nement sur son <a href=\"https:\/\/legrandbarathon.com\/nantes\/\" target=\"_blank\" class=\"c-link c-link--is-underlined\" rel=\"nofollow noopener\">site Internet<\/a>, promet une soir\u00e9e \u00ab\u00a0ann\u00e9es\u00a02000\u00a0\u00bb dans 18 \u00e9tablissements de la cit\u00e9 des ducs. Si l\u2019ambiance s\u2019annonce bon enfant, les \u00e9lus locaux et plusieurs collectifs voient rouge.<\/p>\n<p>Consommation d\u2019alcool<\/p>\n<p>Dans un communiqu\u00e9 cosign\u00e9 et publi\u00e9 le 8\u00a0septembre, plusieurs adjoints \u00e0 la maire de Nantes, des repr\u00e9sentants de l\u2019universit\u00e9 de la ville ainsi que plusieurs organismes de l\u2019h\u00f4tellerie et de la restauration dans la r\u00e9gion accusent les organisateurs du barathon de \u00ab\u00a0promouvoir une tourn\u00e9e des bars aupr\u00e8s d\u2019un public majoritairement jeune, en mettant en avant une <a href=\"https:\/\/www.20minutes.fr\/sante\/4089376-20240502-alcool-regions-boit-plus-plus-souvent\" target=\"_blank\" class=\"c-link c-link--is-underlined\" rel=\"nofollow noopener\">consommation d\u2019alcool<\/a> \u00e0 des tarifs attractif, dans un format festif et incitatif\u00a0\u00bb.<\/p>\n<p>\u00ab\u00a0Nous nous \u00e9tions d\u00e9j\u00e0 oppos\u00e9s \u00e0 la premi\u00e8re \u00e9dition du barathon \u00e0 Nantes\u00a0\u00bb, rappelle Gildas Sala\u00fcn, adjoint \u00e0 <a href=\"https:\/\/www.20minutes.fr\/nantes\/4143232-20250319-municipales-2026-nantes-johanna-rolland-menacee-alliance-forte-extremes-ambitieux\" target=\"_blank\" class=\"c-link c-link--is-underlined\" rel=\"nofollow noopener\">la maire de Nantes<\/a> en charge du centre-ville, des commerces et de la ville de nuit. Mais l\u2019\u00e9v\u00e9nement se d\u00e9roulant dans des \u00e9tablissements priv\u00e9s, la mairie ne peut en interdire son organisation. \u00ab\u00a0Au cours de cette soir\u00e9e, quatre jeunes en \u00e9tat d\u2019\u00e9bri\u00e9t\u00e9 ont \u00e9t\u00e9 interpell\u00e9s, dont un pour agression sexuelle\u00a0\u00bb, avance l\u2019\u00e9lu. Pour lui, les conditions de l\u2019\u00e9v\u00e9nement vont \u00e0 l\u2019encontre des messages de pr\u00e9vention mis en place par la mairie\u00a0: \u00ab\u00a0nous ne sommes pas contre les soir\u00e9es \u00e9tudiantes mais elles doivent se d\u00e9rouler dans un cadre qui permet la s\u00e9curit\u00e9 de tout le monde et d\u2019assurer le respect du voisinage et les r\u00e8gles collectives\u00a0\u00bb.<\/p>\n<p>\u00ab\u00a0Si un client est ivre, je ne le sers pas\u00a0\u00bb<\/p>\n<p>Contact\u00e9s par les services de la ville, les bars partenaires ont soulign\u00e9 \u00ab\u00a0l\u2019importance de ces festivit\u00e9s pour leur activit\u00e9\u00a0\u00bb. \u00ab\u00a0La rentr\u00e9e se d\u00e9roule dans un contexte compliqu\u00e9 pour tout le monde\u00a0\u00bb, nuance le dirigeant d\u2019un des 18 \u00e9tablissements concern\u00e9s, \u00ab\u00a0nous sommes l\u00e0 pour faire en sorte que les jeunes passent un bon moment\u00a0\u00bb.<\/p>\n<p>A la t\u00eate d\u2019un <a href=\"https:\/\/www.20minutes.fr\/societe\/2291719-20180618-nantes-nuit-bars-engagent-apporter-aide-cas-urgence\" target=\"_blank\" class=\"c-link c-link--is-underlined\" rel=\"nofollow noopener\">bar embl\u00e9matique de Nantes<\/a> depuis plusieurs ann\u00e9es, le patron se dit conscient des dangers qu\u2019un tel concept peut engendrer. \u00ab\u00a0Nous ne pouvons pas servir n\u2019importe qui n\u2019importe comment sous pr\u00e9texte que nous sommes dans le cadre d\u2019un barathon, appuie-t-il, si un client est ivre, je ne le sers pas.\u00a0\u00bb Pour lui le principe est simple\u00a0: si la f\u00eate vire au fiasco, \u00ab\u00a0on arr\u00eate le service\u00a0\u00bb. S\u2019il entend les r\u00e9ticences de la mairie, ce responsable assure que l\u2019\u00e9v\u00e9nement sera bien encadr\u00e9. \u00ab\u00a0Je ne vois pas l\u2019int\u00e9r\u00eat d\u2019une telle interdiction, des agents de s\u00e9curit\u00e9 seront pr\u00e9sents pour g\u00e9rer les possibles d\u00e9bordements\u00a0\u00bb, continue ce dernier.<\/p>\n<\/p>\n<p>Pourtant, la mairie pointe du doigt le manque de responsabilit\u00e9 des organisateurs de l\u2019\u00e9v\u00e9nement \u00e0 l\u2019\u00e9chelle nationale. A ce jour, \u00ab\u00a0il appara\u00eet difficile d\u2019identifier le ou les responsables [\u2026] de l\u2019organisation du grand barathon, d\u00e9nonce le communiqu\u00e9, or, toute initiative de cette ampleur doit s\u2019appuyer sur un responsable d\u00fbment identifi\u00e9 et en capacit\u00e9 d\u2019assurer la responsabilit\u00e9 juridique et op\u00e9rationnelle de l\u2019\u00e9v\u00e9nement\u00a0\u00bb.<\/p>\n<p>N\u2019\u00e9tant pas en mesure d\u2019interdire le programme, la mairie indique mobiliser la <a href=\"https:\/\/www.20minutes.fr\/dossier\/police_municipale\" target=\"_blank\" class=\"c-link c-link--is-underlined\" rel=\"nofollow noopener\">police municipale<\/a> sur les lieux afin d\u2019\u00e9viter que la f\u00eate vire au drame.<\/p>\n","protected":false},"excerpt":{"rendered":"Vous \u00e9tiez pass\u00e9s entre les mailles de l\u2019engouement pour le marathon sur les r\u00e9seaux mais cette ann\u00e9e, c\u2019est&hellip;\n","protected":false},"author":2,"featured_media":385836,"comment_status":"","ping_status":"","sticky":false,"template":"","format":"standard","meta":{"footnotes":""},"categories":[2818],"tags":[1111,11,5702,9732,4081,1777,674,1011,27,3047,766,12,2636,1306,25,104,953],"class_list":{"0":"post-385835","1":"post","2":"type-post","3":"status-publish","4":"format-standard","5":"has-post-thumbnail","7":"category-nantes","8":"tag-actu","9":"tag-actualites","10":"tag-alcool","11":"tag-bar","12":"tag-etudiant","13":"tag-eu","14":"tag-europe","15":"tag-fr","16":"tag-france","17":"tag-loire-atlantique","18":"tag-nantes","19":"tag-news","20":"tag-pays-de-la-loire","21":"tag-regions","22":"tag-republique-francaise","23":"tag-societe","24":"tag-soiree"},"share_on_mastodon":{"url":"https:\/\/pubeurope.com\/@fr\/115192560695800073","error":""},"_links":{"self":[{"href":"https:\/\/www.europesays.com\/fr\/wp-json\/wp\/v2\/posts\/385835","targetHints":{"allow":["GET"]}}],"collection":[{"href":"https:\/\/www.europesays.com\/fr\/wp-json\/wp\/v2\/posts"}],"about":[{"href":"https:\/\/www.europesays.com\/fr\/wp-json\/wp\/v2\/types\/post"}],"author":[{"embeddable":true,"href":"https:\/\/www.europesays.com\/fr\/wp-json\/wp\/v2\/users\/2"}],"replies":[{"embeddable":true,"href":"https:\/\/www.europesays.com\/fr\/wp-json\/wp\/v2\/comments?post=385835"}],"version-history":[{"count":0,"href":"https:\/\/www.europesays.com\/fr\/wp-json\/wp\/v2\/posts\/385835\/revisions"}],"wp:featuredmedia":[{"embeddable":true,"href":"https:\/\/www.europesays.com\/fr\/wp-json\/wp\/v2\/media\/385836"}],"wp:attachment":[{"href":"https:\/\/www.europesays.com\/fr\/wp-json\/wp\/v2\/media?parent=385835"}],"wp:term":[{"taxonomy":"category","embeddable":true,"href":"https:\/\/www.europesays.com\/fr\/wp-json\/wp\/v2\/categories?post=385835"},{"taxonomy":"post_tag","embeddable":true,"href":"https:\/\/www.europesays.com\/fr\/wp-json\/wp\/v2\/tags?post=385835"}],"curies":[{"name":"wp","href":"https:\/\/api.w.org\/{rel}","templated":true}]}}