{"id":385849,"date":"2025-09-12T17:48:28","date_gmt":"2025-09-12T17:48:28","guid":{"rendered":"https:\/\/www.europesays.com\/fr\/385849\/"},"modified":"2025-09-12T17:48:28","modified_gmt":"2025-09-12T17:48:28","slug":"braderies-glisse-vente-pokemon-des-idees-de-sorties-pour-ce-samedi-a-lille-et-en-nord","status":"publish","type":"post","link":"https:\/\/www.europesays.com\/fr\/385849\/","title":{"rendered":"Braderies, glisse, vente Pokemon\u2026 Des id\u00e9es de sorties pour ce samedi, \u00e0 Lille et en Nord"},"content":{"rendered":"<p>            Par<br \/>\n        <strong><br \/>\n            <a href=\"https:\/\/actu.fr\/auteur\/amandine-vachez\" title=\"Consulter tous les articles de Amandine Vachez\" rel=\"nofollow noopener\" target=\"_blank\">Amandine Vachez<\/a><br \/>\n        <\/strong><\/p>\n<p>        Publi\u00e9 le<\/p>\n<p>            12 sept. 2025 \u00e0 16h34        <\/p>\n<p>Pas toujours simple, de savoir comment occuper sa fin de semaine. Pour celles et ceux qui n\u2019auraient pas d\u2019id\u00e9es mais ont envie de profiter de la journ\u00e9e du <b>samedi 13 septembre 2025<\/b>, voici des <b>suggestions de sorties<\/b>, vers <a href=\"https:\/\/actu.fr\/lille\/\" rel=\"nofollow noopener\" target=\"_blank\">Lille<\/a> et ailleurs dans le Nord \u2013 <a href=\"https:\/\/actu.fr\/pas-de-calais\/\" rel=\"nofollow noopener\" target=\"_blank\">Pas-de-Calais<\/a>.<\/p>\n<p>Braderie solidaire, man\u00e8ges, vente de v\u00e9los\u2026 Nos id\u00e9es \u00e0 Lille<\/p>\n<ul class=\" wall-content\">\n<li><a href=\"https:\/\/actu.fr\/hauts-de-france\/lille_59350\/a-lille-deux-jours-de-braderie-festive-et-solidaire-au-profit-des-clowns-de-lespoir_63140052.html\" rel=\"nofollow noopener\" target=\"_blank\"><b>\u00c0 Lille, deux jours de braderie festive et solidaire au profit des Clowns de l\u2019espoir<\/b><\/a><\/li>\n<\/ul>\n<p class=\" wall-content\">C\u2019est un bon plan, et c\u2019est pour la bonne cause\u2009! Une braderie festive et solidaire au profit des Clowns de l\u2019espoir, est pr\u00e9vue les 12 et 13 septembre \u00e0 Lille.<\/p>\n<ul class=\" wall-content\">\n<li><a href=\"https:\/\/actu.fr\/hauts-de-france\/lille_59350\/la-foire-aux-maneges-de-lille-ouvre-ses-portes-ce-samedi-30-aout_63093159.html\" rel=\"nofollow noopener\" target=\"_blank\"><b>La foire aux man\u00e8ges de Lille bat son plein sur le Champ de Mars<\/b><\/a><\/li>\n<\/ul>\n<p class=\" wall-content\">Elle est de retour ! La troisi\u00e8me plus grande f\u00eate foraine de France revient \u00e0 Lille pour un mois de festivit\u00e9s et de sensations fortes. Les grandes lignes de cette \u00e9dition.<\/p>\n<ul class=\" wall-content\">\n<li><a href=\"https:\/\/actu.fr\/hauts-de-france\/lille_59350\/au-tripostal-de-lille-decouvrez-lexposition-pom-pom-pidou-avec-103-artistes_62806897.html\" rel=\"nofollow noopener\" target=\"_blank\"><b>Au Tripostal de Lille, d\u00e9couvrez l\u2019exposition \u00a0\u00a0\u00bb Pom Pom Pidou \u00a0\u00a0\u00bb avec 103 artistes<\/b><\/a><\/li>\n<\/ul>\n<p class=\" wall-content\">Ne passez pas \u00e0 c\u00f4t\u00e9 de l\u2019exposition Pom Pom Pidou au Tripostal Vous y retrouverez les \u0153uvres parfois d\u00e9routantes de 103 artistes !<\/p>\n<ul class=\" wall-content\">\n<li><a href=\"https:\/\/actu.fr\/hauts-de-france\/lille_59350\/bon-plan-a-lille-decathlon-propose-plus-de-250-velos-a-tout-petits-prix-ce-week-end-au-btwin-village_63136586.html\" rel=\"nofollow noopener\" target=\"_blank\"><b>Decathlon propose plus de 250 v\u00e9los \u00e0 tout petits prix ce week-end au B\u2019twin Village<\/b><\/a><\/li>\n<\/ul>\n<p>Votre r\u00e9gion, votre actu !<\/p>\n<p>Recevez chaque jour les infos qui comptent pour vous.<\/p>\n<p>\t<a href=\"https:\/\/actu.fr\/newsletter\" class=\"ac-btn ac-btn--corner ac-btn--medium ac-btn--blue800\" rel=\"nofollow noopener\" target=\"_blank\">S&rsquo;incrire<\/a><\/p>\n<p class=\" wall-content\">C\u2019est un bon plan bien connu \u00e0 Lille ! Samedi et dimanche, l\u2019enseigne Decathlon propose \u00e0 nouveau sa vente de v\u00e9los \u00e0 petits prix au B\u2019twin Village !\u00a0<\/p>\n<p>Ch\u00e2teau, balade et \u00e9v\u00e9nements, ailleurs dans le Nord<\/p>\n<ul class=\" wall-content\">\n<li><b><a href=\"https:\/\/actu.fr\/hauts-de-france\/esquelbecq_59210\/balade-les-jardins-du-chateau-desquelbecq-rouvrent-leurs-portes-pour-la-saison-2025_62601404.html\" rel=\"nofollow noopener\" target=\"_blank\">Balade : visitez le ch\u00e2teau d\u2019Esquelbecq et ses fabuleux jardins<\/a><\/b><\/li>\n<\/ul>\n<p class=\" wall-content\">Offrez-vous une visite hors du temps, \u00e0 la d\u00e9couverte du ch\u00e2teau d\u2019Esquelbecq et ses jardins, ouverts aux visiteurs pour la saison\u2026<\/p>\n<ul class=\" wall-content\">\n<li><b><a href=\"https:\/\/actu.fr\/hauts-de-france\/liessies_59347\/dans-le-nord-ce-petit-village-vous-offre-quietude-et-balades-exceptionnelles_58176582.html\" rel=\"nofollow noopener\" target=\"_blank\">Dans le Nord, ce petit village vous offre qui\u00e9tude et balades exceptionnelles<\/a><\/b><\/li>\n<\/ul>\n<p class=\" wall-content\">Le Nord regorge de petits villages parfois m\u00e9connus qui m\u00e9ritent pourtant largement le d\u00e9tour. Nous vous faisons d\u00e9couvrir ici un lieu de qui\u00e9tude offrant de superbes balades.<\/p>\n<ul class=\" wall-content\">\n<li><a href=\"https:\/\/actu.fr\/hauts-de-france\/villeneuve-d-ascq_59009\/deux-jours-de-fete-pour-celebrer-les-100-ans-de-lasso-bretons-du-nord-pres-de-lille_63143766.html\" rel=\"nofollow noopener\" target=\"_blank\"><b>Deux jours de f\u00eate pour c\u00e9l\u00e9brer les 100 ans de l\u2019asso Bretons du Nord<\/b><\/a><\/li>\n<\/ul>\n<p class=\" wall-content\">Venez f\u00eater les 100 ans des Bretons du Nord les 12 et 13 septembre \u00e0 Villeneuve-d\u2019Ascq. Spectacle, stage de danse, fest-noz comme si vous y \u00e9tiez\u2009!<\/p>\n<ul class=\" wall-content\">\n<li><a href=\"https:\/\/actu.fr\/loisirs-culture\/les-brocantes-braderies-et-vide-greniers-organises-dans-le-nord-le-week-end-des-13-et-14-septembre_63129873.html\" rel=\"nofollow noopener\" target=\"_blank\"><b>Armenti\u00e8res, Comines, Loos\u2026 Les brocantes et vide-greniers organis\u00e9s dans le Nord ce week-end<\/b><\/a><\/li>\n<\/ul>\n<p class=\" wall-content\">Les 13 et 14 septembre, \u00e9norm\u00e9ment de brocantes, braderies et vide-greniers sont organis\u00e9s dans le Nord, dont pr\u00e8s de Lille. On vous liste les \u00e9v\u00e9nements pr\u00e9vus.<\/p>\n<ul class=\" wall-content\">\n<li><a href=\"https:\/\/actu.fr\/hauts-de-france\/villeneuve-d-ascq_59009\/villeneuve-dascq-fans-et-collectionneurs-une-grande-bourse-de-cartes-pokemon-est-organisee-ce-samedi_63133608.html\" rel=\"nofollow noopener\" target=\"_blank\"><b>Fans et collectionneurs, une grande bourse de cartes Pok\u00e9mon est organis\u00e9e ce samedi<\/b><\/a><\/li>\n<\/ul>\n<p class=\" wall-content\">Un \u00e9v\u00e9nement \u00e0 ne surtout pas louper pour tous les fans ! Samedi 13 septembre, une grande bourse de cartes Pok\u00e9mon est organis\u00e9e \u00e0 Villeneuve d\u2019Ascq.<\/p>\n<ul class=\" wall-content\">\n<li><a href=\"https:\/\/actu.fr\/hauts-de-france\/villeneuve-d-ascq_59009\/villeneuve-dascq-fans-et-collectionneurs-une-grande-bourse-de-cartes-pokemon-est-organisee-ce-samedi_63133608.html\" rel=\"nofollow noopener\" target=\"_blank\"><b>Cl\u00f4ture de l\u2019\u00e9v\u00e9nement entre jeux et humour Faches se l\u00e2che<\/b><\/a><\/li>\n<\/ul>\n<p class=\" wall-content\">Un festival original se cl\u00f4ture ce samedi au centre Aushopping de Faches-Thumesnil. Vous y attendent : une kermesse g\u00e9ante avec des jeux en bois, une p\u00eache aux canards et autres surprises, mais aussi des spectacles pour les enfants.\u00a0<\/p>\n<p>Festival de la glisse, comp\u00e9tition de rallyes, bourse aux films\u2026Un samedi charg\u00e9 dans le Pas-de-Calais<\/p>\n<ul class=\" wall-content\">\n<li><b><a href=\"https:\/\/actu.fr\/hauts-de-france\/camiers_62201\/skate-bmx-roller-un-festival-de-la-glisse-sur-la-cote-dopale-ce-week-end_63145287.html\" rel=\"nofollow noopener\" target=\"_blank\">Skate, BMX, roller\u2026 Un festival de la glisse sur la C\u00f4te d\u2019Opale ce week-end<\/a><\/b><\/li>\n<\/ul>\n<p class=\" wall-content\">La 8e \u00e9dition du C\u00f4te d\u2019Opale Freerider Fest est de retour \u00e0 Camiers les 12, 13 et 14 septembre. Un \u00e9v\u00e9nement de haute voltige \u00e0 ne pas manquer.<\/p>\n<ul class=\" wall-content\">\n<li><b><a href=\"https:\/\/actu.fr\/hauts-de-france\/bethune_62119\/coupe-de-france-des-rallyes-a-bethune-quelles-sont-les-regles-de-stationnement-et-de-circulation_63143857.html\" rel=\"nofollow noopener\" target=\"_blank\">Coupe de France des rallyes \u00e0 B\u00e9thune<\/a><br \/><\/b><\/li>\n<\/ul>\n<p class=\" wall-content\">La ville de B\u00e9thune accueille la coupe de France des rallyes les 12, 13 et 14 septembre. Ce qu\u2019il faut savoir sur les r\u00e8gles de circulation et stationnement.<\/p>\n<ul class=\" wall-content\">\n<li><b><a href=\"https:\/\/actu.fr\/hauts-de-france\/bethune_62119\/bethune-vhs-blu-ray-une-bourse-aux-films-organisee-ce-week-end_63143799.html\" rel=\"nofollow noopener\" target=\"_blank\">B\u00e9thune. VHS, BLU-Ray\u2026 Une bourse aux films organis\u00e9e ce week-end<\/a><\/b><\/li>\n<\/ul>\n<p class=\" wall-content\">La bourse aux films de B\u00e9thune revient cette ann\u00e9e les 13 et 14\u00a0septembre. Un rendez-vous incontournable pour les passionn\u00e9s de cin\u00e9ma.<\/p>\n<ul class=\" wall-content\">\n<li><b><a href=\"https:\/\/actu.fr\/loisirs-culture\/voici-les-brocantes-et-vide-greniers-prevus-dans-le-pas-de-calais-ces-samedi-13-et-dimanche-14-septembre_63140328.html\" rel=\"nofollow noopener\" target=\"_blank\">Voici les brocantes et vide-greniers pr\u00e9vus dans le Pas-de-Calais les 13 et 14\u00a0septembre<\/a><\/b><\/li>\n<\/ul>\n<p class=\" wall-content\">Avis aux passionn\u00e9s de chine et de bonnes affaires. Ce week-end, de nombreuses brocantes et autres vide-greniers auront lieu dans le Pas-de-Calais. La liste.<\/p>\n<ul class=\" wall-content\">\n<li><b><a href=\"https:\/\/actu.fr\/hauts-de-france\/boulogne-sur-mer_62160\/une-fete-pour-celebrer-le-patrimoine-maritime-de-la-cote-dopale-ce-week-end_63136858.html\" rel=\"nofollow noopener\" target=\"_blank\">Une f\u00eate pour c\u00e9l\u00e9brer le patrimoine maritime de la C\u00f4te d\u2019Opale ce week-end<\/a><\/b><\/li>\n<\/ul>\n<p class=\" wall-content\">La f\u00eate de la Beuri\u00e8re de Boulogne-sur-Mer aura lieu les 13 et 14 septembre. Voici la programmation.<\/p>\n<ul class=\" wall-content\">\n<li><b><a href=\"https:\/\/actu.fr\/hauts-de-france\/calais_62193\/forte-de-son-succes-cette-exposition-du-pas-de-calais-est-prolongee-jusquen-mars-2026_63106699.html\" rel=\"nofollow noopener\" target=\"_blank\">Forte de son succ\u00e8s, cette exposition du Pas-de-Calais est prolong\u00e9e jusqu\u2019en mars\u00a02026<\/a><\/b><\/li>\n<\/ul>\n<p class=\" wall-content\">Initialement pr\u00e9vue jusqu\u2019au 11 novembre, l\u2019exposition \u00ab\u2009Dragon, Varan et Chim\u00e8res\u2009\u00bb \u00e0 Calais est prolong\u00e9e jusqu\u2019au 1er mars. Voici ce qu\u2019il faut savoir.<\/p>\n<p class=\" wall-content\">Voil\u00e0 de quoi vous donner quelques id\u00e9es.<\/p>\n<p class=\" wall-content\">Personnalisez votre actualit\u00e9 en ajoutant vos villes et m\u00e9dias en favori avec <a href=\"https:\/\/moncompte.actu.fr\" title=\"D\u00e9couvez Mon Actu\" rel=\"nofollow noopener\" data-trk=\"{&quot;cta&quot;:{&quot;action&quot;:&quot;https:\\\/\\\/moncompte.actu.fr&quot;,&quot;category&quot;:&quot;mon compte&quot;,&quot;from&quot;:&quot;article footer&quot;,&quot;name&quot;:&quot;Mon actu&quot;,&quot;type&quot;:&quot;cta&quot;}}\" target=\"_blank\">Mon Actu<\/a>.<\/p>\n","protected":false},"excerpt":{"rendered":"Par Amandine Vachez Publi\u00e9 le 12 sept. 2025 \u00e0 16h34 Pas toujours simple, de savoir comment occuper sa&hellip;\n","protected":false},"author":2,"featured_media":385850,"comment_status":"","ping_status":"","sticky":false,"template":"","format":"standard","meta":{"footnotes":""},"categories":[2815],"tags":[1111,11,677,1777,674,652,1011,27,811,1307,1652,12,25],"class_list":{"0":"post-385849","1":"post","2":"type-post","3":"status-publish","4":"format-standard","5":"has-post-thumbnail","7":"category-lille","8":"tag-actu","9":"tag-actualites","10":"tag-bons-plans","11":"tag-eu","12":"tag-europe","13":"tag-famille","14":"tag-fr","15":"tag-france","16":"tag-hauts-de-france","17":"tag-lille","18":"tag-loisirs-culture","19":"tag-news","20":"tag-republique-francaise"},"share_on_mastodon":{"url":"https:\/\/pubeurope.com\/@fr\/115192588250701690","error":""},"_links":{"self":[{"href":"https:\/\/www.europesays.com\/fr\/wp-json\/wp\/v2\/posts\/385849","targetHints":{"allow":["GET"]}}],"collection":[{"href":"https:\/\/www.europesays.com\/fr\/wp-json\/wp\/v2\/posts"}],"about":[{"href":"https:\/\/www.europesays.com\/fr\/wp-json\/wp\/v2\/types\/post"}],"author":[{"embeddable":true,"href":"https:\/\/www.europesays.com\/fr\/wp-json\/wp\/v2\/users\/2"}],"replies":[{"embeddable":true,"href":"https:\/\/www.europesays.com\/fr\/wp-json\/wp\/v2\/comments?post=385849"}],"version-history":[{"count":0,"href":"https:\/\/www.europesays.com\/fr\/wp-json\/wp\/v2\/posts\/385849\/revisions"}],"wp:featuredmedia":[{"embeddable":true,"href":"https:\/\/www.europesays.com\/fr\/wp-json\/wp\/v2\/media\/385850"}],"wp:attachment":[{"href":"https:\/\/www.europesays.com\/fr\/wp-json\/wp\/v2\/media?parent=385849"}],"wp:term":[{"taxonomy":"category","embeddable":true,"href":"https:\/\/www.europesays.com\/fr\/wp-json\/wp\/v2\/categories?post=385849"},{"taxonomy":"post_tag","embeddable":true,"href":"https:\/\/www.europesays.com\/fr\/wp-json\/wp\/v2\/tags?post=385849"}],"curies":[{"name":"wp","href":"https:\/\/api.w.org\/{rel}","templated":true}]}}