{"id":385851,"date":"2025-09-12T17:49:09","date_gmt":"2025-09-12T17:49:09","guid":{"rendered":"https:\/\/www.europesays.com\/fr\/385851\/"},"modified":"2025-09-12T17:49:09","modified_gmt":"2025-09-12T17:49:09","slug":"a-marseille-la-drogue-a-fait-de-cette-universite-une-zone-de-non-droit","status":"publish","type":"post","link":"https:\/\/www.europesays.com\/fr\/385851\/","title":{"rendered":"\u00c0 Marseille, la drogue a fait de cette universit\u00e9 une \u00ab\u00a0zone de non-droit\u00a0\u00bb"},"content":{"rendered":"<p>Ralph Atrach, repr\u00e9sentant des \u00e9tudiants au conseil de la facult\u00e9 Colbert \u00e0 Marseille (Bouches-du-Rh\u00f4ne) a r\u00e9cemment d\u00e9nonc\u00e9 l\u2019ins\u00e9curit\u00e9 qui r\u00e8gne dans le secteur \u00e0 cause du trafic de drogue. <strong>\u00ab\u00a0Entre les dealers de drogue et leurs clients, [\u2026] on peut \u00eatre consid\u00e9r\u00e9 dans une zone de non-droit\u00a0\u00bb,<\/strong> a-t-il d\u00e9plor\u00e9 lors d\u2019un conseil de l\u2019\u00e9tablissement, cit\u00e9 par Europe 1, mardi 9\u00a0septembre 2025. Le lieu, situ\u00e9 en plein centre-ville dans le 1er arrondissement de la ville, est en effet un point de revente de coca\u00efne, de cannabis et de crack bien connu. Les efforts de la police pour faire cesser le trafic sont rest\u00e9s sans effet. Les destructions des six cam\u00e9ras de surveillance couvrant la zone se multiplient. Et pour cause. Yann Solterman, du syndicat \u00e9tudiant UNI, a racont\u00e9 \u00e0 nos confr\u00e8res qu\u2019une prime \u00e9tait offerte pour chaque appareil mis hors fonction.<\/p>\n<p>Trop d\u2019intervenants diff\u00e9rents<\/p>\n<p>Les \u00e9tudiants ne sont pas les seuls \u00e0 regretter <a href=\"https:\/\/rennes.maville.com\/actu\/actudet_-la-faculte-d-economie-gestion-de-marseille-fermee-temporairement-a-cause-du-trafic-de-drogue-_53546-5969785_actu.Htm\" target=\"_blank\" rel=\"noopener\">ce manque de s\u00e9curit\u00e9<\/a>. Plusieurs habitants ont eux aussi confi\u00e9 leur ras-le-bol \u00e0 France 3\u00a0Provence-Alpes-C\u00f4te d\u2019Azur. Le pr\u00e9sident du comit\u00e9 de quartier Philippe Billion a ainsi jug\u00e9 les budgets, dont disposent la mairie d\u2019arrondissement et celle de la ville, insuffisants ou trop complexes \u00e0 mobiliser. Il a par ailleurs estim\u00e9 que le manque de coordination entre la multitude de services intervenant pour r\u00e9tablir l\u2019ordre <strong>\u00ab\u00a0paralyse les actions\u00a0\u00bb<\/strong>.<\/p>\n<p>\u00a0<\/p>\n","protected":false},"excerpt":{"rendered":"Ralph Atrach, repr\u00e9sentant des \u00e9tudiants au conseil de la facult\u00e9 Colbert \u00e0 Marseille (Bouches-du-Rh\u00f4ne) a r\u00e9cemment d\u00e9nonc\u00e9 l\u2019ins\u00e9curit\u00e9&hellip;\n","protected":false},"author":2,"featured_media":385852,"comment_status":"","ping_status":"","sticky":false,"template":"","format":"standard","meta":{"footnotes":""},"categories":[2814],"tags":[1111,11,1052,1777,674,21,1011,27,9958,884,12,51840,882,25,5768,8436],"class_list":{"0":"post-385851","1":"post","2":"type-post","3":"status-publish","4":"format-standard","5":"has-post-thumbnail","7":"category-marseille","8":"tag-actu","9":"tag-actualites","10":"tag-drogue","11":"tag-eu","12":"tag-europe","13":"tag-fait","14":"tag-fr","15":"tag-france","16":"tag-hyeres","17":"tag-marseille","18":"tag-news","19":"tag-non-droit","20":"tag-provence-alpes-cote-dazur","21":"tag-republique-francaise","22":"tag-universite","23":"tag-zone"},"share_on_mastodon":{"url":"https:\/\/pubeurope.com\/@fr\/115192592207013303","error":""},"_links":{"self":[{"href":"https:\/\/www.europesays.com\/fr\/wp-json\/wp\/v2\/posts\/385851","targetHints":{"allow":["GET"]}}],"collection":[{"href":"https:\/\/www.europesays.com\/fr\/wp-json\/wp\/v2\/posts"}],"about":[{"href":"https:\/\/www.europesays.com\/fr\/wp-json\/wp\/v2\/types\/post"}],"author":[{"embeddable":true,"href":"https:\/\/www.europesays.com\/fr\/wp-json\/wp\/v2\/users\/2"}],"replies":[{"embeddable":true,"href":"https:\/\/www.europesays.com\/fr\/wp-json\/wp\/v2\/comments?post=385851"}],"version-history":[{"count":0,"href":"https:\/\/www.europesays.com\/fr\/wp-json\/wp\/v2\/posts\/385851\/revisions"}],"wp:featuredmedia":[{"embeddable":true,"href":"https:\/\/www.europesays.com\/fr\/wp-json\/wp\/v2\/media\/385852"}],"wp:attachment":[{"href":"https:\/\/www.europesays.com\/fr\/wp-json\/wp\/v2\/media?parent=385851"}],"wp:term":[{"taxonomy":"category","embeddable":true,"href":"https:\/\/www.europesays.com\/fr\/wp-json\/wp\/v2\/categories?post=385851"},{"taxonomy":"post_tag","embeddable":true,"href":"https:\/\/www.europesays.com\/fr\/wp-json\/wp\/v2\/tags?post=385851"}],"curies":[{"name":"wp","href":"https:\/\/api.w.org\/{rel}","templated":true}]}}