{"id":385853,"date":"2025-09-12T17:50:19","date_gmt":"2025-09-12T17:50:19","guid":{"rendered":"https:\/\/www.europesays.com\/fr\/385853\/"},"modified":"2025-09-12T17:50:19","modified_gmt":"2025-09-12T17:50:19","slug":"operation-escargot-samedi-contre-les-vols-de-nuit-a-laeroport-de-marignane","status":"publish","type":"post","link":"https:\/\/www.europesays.com\/fr\/385853\/","title":{"rendered":"op\u00e9ration escargot samedi contre les vols de nuit \u00e0 l&rsquo;a\u00e9roport de Marignane"},"content":{"rendered":"<p>Ce samedi 13 septembre 2025, associations, CIQ et collectifs de riverains appellent \u00e0 une mobilisation citoyenne contre les vols de nuit \u00e0 l\u2019a\u00e9roport Marseille-Provence. Une op\u00e9ration escargot est notamment pr\u00e9vue entre Vitrolles et Marignane.<\/p>\n<p>\u00ab\u00a0En 2024, il y a eu \u00e0 l&rsquo;a\u00e9roport Marseille Provence 90 000 mouvements entre atterrissages et d\u00e9collages. \u00c7a repr\u00e9sente une moyenne de 250 par jour.\u00a0 L&rsquo;\u00e9t\u00e9, on arrive m\u00eame \u00e0 des fr\u00e9quences de 30 avions par heure, soit un toutes les deux minutes\u00a0\u00bb.\u00a0Gilbert Cacciotto, pr\u00e9sident de l\u2019APEM, Association pour la Protection de l&rsquo;Environnement des Marignanais, ne d\u00e9col\u00e8re pas en \u00e9num\u00e9rant ces chiffres. Et il n&rsquo;est pas le seul. Plusieurs associations, CIQ et collectifs de riverains de l&rsquo;a\u00e9roport Marseille-Provence ont pr\u00e9vu de se mobiliser samedi pour d\u00e9noncer l\u2019impact des vols de nuit sur la sant\u00e9 publique et le climat, comme \u00e7a a d\u00e9j\u00e0 \u00e9t\u00e9 le cas notamment en juin 2023 et\u00a0<a href=\"https:\/\/maritima.fr\/actualites\/environnement\/bouches-du-rhone\/1923\/bruit-des-avions-operation-escargot-devant-laeroport-de-marignane\" target=\"_blank\" rel=\"noopener\">en juin 2024<\/a>.<\/p>\n<p>Une mobilisation avec op\u00e9ration escargot qui se justifie pleinement selon Gilbert Cacciotto : \u00ab\u00a0\u00c7a fait maintenant plusieurs ann\u00e9es que les gens \u00e0 Marignane, au Rove, \u00e0 l&rsquo;Estaque ou encore \u00e0 Saint-Victoret, se plaignent des nuisances de l&rsquo;a\u00e9roport qui leur procurent des troubles de jouissance &#8211; le soir, c&rsquo;est vraiment difficile de prendre l&rsquo;ap\u00e9ritif tranquillement dehors &#8211; et surtout des effets sur leur sant\u00e9. Il y a aussi bien des effets imm\u00e9diats avec du mal-\u00eatre, de l&rsquo;anxi\u00e9t\u00e9, de l&rsquo;\u00e9nervement, que des effets secondaires \u00e0 long terme avec un d\u00e9veloppement de certaines pathologies cardiaques et vasculaires\u00a0\u00bb.<\/p>\n<p>\u00a0<\/p>\n<p><strong>\u00ab\u00a0Respecter enfin le sommeil et l\u2019environnement de tous les riverains\u00a0\u00bb<\/strong><\/p>\n<p>\u00a0<\/p>\n<p>Si <a href=\"https:\/\/maritima.fr\/actualites\/transport\/marignane\/963\/nuisances-aeriennes-une-etude-dimpact-lancee-autour-de-laeroport-marseille-provence\" target=\"_blank\" rel=\"noopener\">une \u00e9tude d&rsquo;impact a \u00e9t\u00e9 lanc\u00e9e l&rsquo;an dernier pour r\u00e9duire les nuisances sonores<\/a>, les effets sont encore trop peu visibles ou audibles pour Gilbert Cacciotto : \u00ab\u00a0Pour le moment, on ne ressent pas les effets sur les changements de couloirs d&rsquo;approche ou sur les man\u0153uvres moins bruyantes mis en place par l&rsquo;a\u00e9roport. En tant que pr\u00e9sident de l&rsquo;association APEM, je regarde les rapports sur les relev\u00e9s de bruit des balises autour de l&rsquo;a\u00e9roport tous les mois. Et je constate depuis 2022 que le niveau moyen de nuisance sonore relev\u00e9 augmente. En 2022, il \u00e9tait en moyenne de 48,4 d\u00e9cibels, il est pass\u00e9 \u00e0 plus de 54 d\u00e9cibels en 2024\u00a0\u00bb.<\/p>\n<p>Contre le bruit, les manifestants ont pr\u00e9vu de faire du bruit pour se faire entendre. Leur rassemblement est pr\u00e9vu \u00e0 partir de 9h avenue de Bruxelles \u00e0 Vitrolles. Le cort\u00e8ge prendra ensuite la direction de l&rsquo;a\u00e9roport, puis de la plage du Ja\u00ef \u00e0 Marignane. Le Ja\u00ef accueillera aussi un ap\u00e9ritif musical d\u00e8s midi et un forum \u00ab Vols de nuit \u00bb d\u00e8s 14h avec conf\u00e9rences, d\u00e9bats et t\u00e9moignages.<\/p>\n<p>\u00ab\u00a0Nous souhaitons que ce 13 septembre marque les esprits et p\u00e8se sur les d\u00e9cisions \u00e0 venir, afin de respecter enfin le\u00a0sommeil et l\u2019environnement de tous les riverains concern\u00e9s autour de l\u2019\u00c9tang de Berre et aux communes voisines\u00a0\u00bb, rappelle le pr\u00e9sident de l&rsquo;APEM.<\/p>\n<p>\u00a0<\/p>\n<p class=\"MsoNormal\"><strong>\u00ab\u00a0Vers une stabilisation du trafic\u00a0\u00bb<\/strong><\/p>\n<p class=\"MsoNormal\">\u00a0<\/p>\n<p class=\"MsoNormal\">Concernant les vols de nuit, l&rsquo;a\u00e9roport Marseille Provence rappelle de son c\u00f4t\u00e9 que la proc\u00e9dure est \u00ab\u00a0conduite par le Pr\u00e9fet conform\u00e9ment aux dispositions de<a href=\"https:\/\/www.legifrance.gouv.fr\/codes\/article_lc\/LEGIARTI000048324334\/2023-11-01\" target=\"_blank\" rel=\"noopener\"> l\u2019article R*6360-1 du code des transports\u00a0\u00bb<\/a>. Il pr\u00e9cise \u00e9galement qu&rsquo;il y a eu \u00ab\u00a0une baisse des mouvements d\u2019avions (- 0,9 % entre janvier et aout inclus)\u00a0\u00bb et que \u00ab\u00a0le trafic estival n\u2019a pas atteint les niveaux records de l\u2019an pass\u00e9 en raison d\u2019\u00e9v\u00e8nements exog\u00e8nes au mois du juillet, comme la gr\u00e8ve des contr\u00f4leurs a\u00e9riens et les incendies qui ont conduit \u00e0 l\u2019annulation de pr\u00e8s de 400 vols, et d\u2019une hausse significative de la fiscalit\u00e9 sur le transport a\u00e9rien en France\u00a0\u00bb. \u00ab\u00a0Au c\u0153ur de l\u2019\u00e9t\u00e9,\u00a02\u00a0323\u00a0908 passagers\u00a0sont tout de m\u00eame pass\u00e9s par le tarmac proven\u00e7al ;\u00a07\u00a0748\u00a0740 passagers\u00a0depuis le d\u00e9but de l\u2019ann\u00e9e\u00a0(+1,8%), soit pr\u00e8s de 135 000 passagers suppl\u00e9mentaires par rapport \u00e0 la m\u00eame p\u00e9riode en 2024 (janvier \u00e0 aout inclus)\u00a0\u00bb, nous indique l&rsquo;AMP.<\/p>\n<p>\u00a0<\/p>\n<p>\u00a0<\/p>\n<p>photo illustration<\/p>\n","protected":false},"excerpt":{"rendered":"Ce samedi 13 septembre 2025, associations, CIQ et collectifs de riverains appellent \u00e0 une mobilisation citoyenne contre les&hellip;\n","protected":false},"author":2,"featured_media":385854,"comment_status":"","ping_status":"","sticky":false,"template":"","format":"standard","meta":{"footnotes":""},"categories":[2814],"tags":[1111,11,663,37,1777,674,1011,27,7067,884,12,882,25],"class_list":{"0":"post-385853","1":"post","2":"type-post","3":"status-publish","4":"format-standard","5":"has-post-thumbnail","7":"category-marseille","8":"tag-actu","9":"tag-actualites","10":"tag-aeroport","11":"tag-avion","12":"tag-eu","13":"tag-europe","14":"tag-fr","15":"tag-france","16":"tag-marignane","17":"tag-marseille","18":"tag-news","19":"tag-provence-alpes-cote-dazur","20":"tag-republique-francaise"},"share_on_mastodon":{"url":"https:\/\/pubeurope.com\/@fr\/115192596050637322","error":""},"_links":{"self":[{"href":"https:\/\/www.europesays.com\/fr\/wp-json\/wp\/v2\/posts\/385853","targetHints":{"allow":["GET"]}}],"collection":[{"href":"https:\/\/www.europesays.com\/fr\/wp-json\/wp\/v2\/posts"}],"about":[{"href":"https:\/\/www.europesays.com\/fr\/wp-json\/wp\/v2\/types\/post"}],"author":[{"embeddable":true,"href":"https:\/\/www.europesays.com\/fr\/wp-json\/wp\/v2\/users\/2"}],"replies":[{"embeddable":true,"href":"https:\/\/www.europesays.com\/fr\/wp-json\/wp\/v2\/comments?post=385853"}],"version-history":[{"count":0,"href":"https:\/\/www.europesays.com\/fr\/wp-json\/wp\/v2\/posts\/385853\/revisions"}],"wp:featuredmedia":[{"embeddable":true,"href":"https:\/\/www.europesays.com\/fr\/wp-json\/wp\/v2\/media\/385854"}],"wp:attachment":[{"href":"https:\/\/www.europesays.com\/fr\/wp-json\/wp\/v2\/media?parent=385853"}],"wp:term":[{"taxonomy":"category","embeddable":true,"href":"https:\/\/www.europesays.com\/fr\/wp-json\/wp\/v2\/categories?post=385853"},{"taxonomy":"post_tag","embeddable":true,"href":"https:\/\/www.europesays.com\/fr\/wp-json\/wp\/v2\/tags?post=385853"}],"curies":[{"name":"wp","href":"https:\/\/api.w.org\/{rel}","templated":true}]}}