{"id":385855,"date":"2025-09-12T17:51:09","date_gmt":"2025-09-12T17:51:09","guid":{"rendered":"https:\/\/www.europesays.com\/fr\/385855\/"},"modified":"2025-09-12T17:51:09","modified_gmt":"2025-09-12T17:51:09","slug":"ce-quil-sest-passe-dans-ces-quartiers-voisins","status":"publish","type":"post","link":"https:\/\/www.europesays.com\/fr\/385855\/","title":{"rendered":"ce qu&rsquo;il s&rsquo;est pass\u00e9 dans ces quartiers voisins"},"content":{"rendered":"<p>            Par<br \/>\n        <strong><br \/>\n            <a href=\"https:\/\/actu.fr\/auteur\/julien-damboise\" title=\"Consulter tous les articles de Julien Damboise\" target=\"_blank\" rel=\"noopener\">Julien Damboise<\/a><br \/>\n        <\/strong><\/p>\n<p>        Publi\u00e9 le<\/p>\n<p>            12 sept. 2025 \u00e0 17h09        <\/p>\n<p>La soir\u00e9e du mercredi 10 septembre 2025 a \u00e9t\u00e9 particuli\u00e8rement sombre \u00e0 <a href=\"https:\/\/actu.fr\/auvergne-rhone-alpes\/lyon_69123\" target=\"_blank\" rel=\"noopener\">Lyon<\/a>. Avant le <a href=\"https:\/\/actu.fr\/auvergne-rhone-alpes\/lyon_69123\/lyon-meurtre-d-un-homme-en-fauteuil-roulant-j-ai-entendu-la-victime-agoniser_63149231.html\" target=\"_blank\" rel=\"noopener\">meurtre d\u2019un homme en fauteuil roulant<\/a> dans le 9e, <strong>deux s\u00e9ries de coups de feu<\/strong> se sont d\u00e9roul\u00e9s dans le 3\u1d49 et le 7\u1d49, \u00e0 proche distance. Un jeune homme a \u00e9t\u00e9 <strong>tu\u00e9<\/strong>. On fait le point sur ce que l\u2019on sait.<\/p>\n<p>Tu\u00e9 de 5 balles<\/p>\n<p class=\" wall-content\">Alors que les incidents lors des <a href=\"https:\/\/actu.fr\/auvergne-rhone-alpes\/lyon_69123\/bloquons-tout-a-lyon-la-soiree-vire-encore-a-la-violence-des-affrontements-en-presqu-ile_63146789.html\" target=\"_blank\" rel=\"noopener\">manifestations sauvages<\/a> du mouvement \u00ab\u00a0Bloquons tout\u00a0\u00bb se dissipaient \u00e0 Lyon, des coups de feu ont d\u2019abord \u00e9t\u00e9 entendus rue Duguesclin \u00e0 proximit\u00e9 de la place Guichard.<\/p>\n<p class=\" wall-content\">Un jeune <strong>homme \u00e2g\u00e9 de 22 ans<\/strong> avait \u00e9t\u00e9 touch\u00e9 par au moins cinq balles, puis prise en charge peu avant 18h en arr\u00eat cardio-respiratoire. Transf\u00e9r\u00e9e \u00e0 l\u2019h\u00f4pital dans un \u00e9tat d\u2019urgence absolue, la victime est finalement morte.<\/p>\n<p class=\" wall-content\">Dans cette affaire, un homme de 19 ans <strong>s\u2019est rendu de lui-m\u00eame<\/strong> au commissariat de <a href=\"https:\/\/actu.fr\/auvergne-rhone-alpes\/villeurbanne_69266\" target=\"_blank\" rel=\"noopener\">Villeurbanne<\/a> au lendemain des faits en se pr\u00e9sentant comme l\u2019auteur des coups de feu. Les investigations dans le cadre de l\u2019enqu\u00eate pour tentative de meurtre continuent. Un diff\u00e9rend personnel entre plusieurs protagonistes \u00e9tait \u00e9voqu\u00e9, \u00ab \u00e0 la suite d\u2019une rixe \u00bb, \u00e9voquait une source s\u00e9curitaire.<\/p>\n<p>De nouveaux tirs<\/p>\n<p class=\" wall-content\">Environ deux heures apr\u00e8s, des d\u00e9tonations ont de nouveau \u00e9t\u00e9 entendues dans le secteur de <a href=\"https:\/\/actu.fr\/tag\/guillotiere\" target=\"_blank\" rel=\"noopener\">Guilloti\u00e8re<\/a>, vers la rue de Marseille, soit proche du meurtre, \u00e0 environ 1km.<\/p>\n<p class=\" wall-content\">La police \u00e9voque un \u00ab\u00a0\u00e9change de tirs\u00a0\u00bb entre deux individus, qui n\u2019a heureusement pas fait de bless\u00e9. Une <strong>fusillade<\/strong> suivie d\u2019un important dispositif de police dans le secteur qui a permis l\u2019arrestation d\u2019un suspect.<\/p>\n<p class=\" wall-content\">Ce dernier, \u00e2g\u00e9 de 30 ans, \u00e9tait en possession d\u2019un <strong>fusil de chasse \u00e0 canon sci\u00e9<\/strong>, selon nos informations. Il est d\u00e9favorablement connu des services de police.<\/p>\n<p>Votre r\u00e9gion, votre actu !<\/p>\n<p>Recevez chaque jour les infos qui comptent pour vous.<\/p>\n<p>\t<a href=\"https:\/\/actu.fr\/newsletter\" class=\"ac-btn ac-btn--corner ac-btn--medium ac-btn--blue800\" target=\"_blank\" rel=\"noopener\">S&rsquo;incrire<\/a><\/p>\n<p class=\" wall-content\">Le mis en cause avait \u00e9t\u00e9 plac\u00e9 en garde \u00e0 vue, il doit \u00eatre pr\u00e9sent\u00e9 \u00e0 la justice pour une <strong>comparution imm\u00e9diate<\/strong> \u00e0 d\u00e9lai diff\u00e9r\u00e9.<\/p>\n<p class=\" wall-content\">Un autre protagoniste serait toujours recherch\u00e9 par les forces de l\u2019ordre dans ce dossier.<\/p>\n<p>Un autre meurtre encore plus tard<\/p>\n<p class=\" wall-content\">Mercredi soir toujours, c\u2019est \u00e0 approximativement 23 h 15 dans le 9\u1d49 arrondissement qu\u2019un homme a \u00e9t\u00e9 <a href=\"https:\/\/actu.fr\/auvergne-rhone-alpes\/lyon_69123\/lyon-qui-etait-ashur-l-homme-en-fauteuil-roulant-tue-a-l-arme-blanche-en-pleine-rue_63152202.html\" target=\"_blank\" rel=\"noopener\">tu\u00e9 \u00e0 l\u2019arme blanche<\/a>, au pied d\u2019un immeuble d\u2019habitations. La victime, un Irakien \u00e2g\u00e9 de 45 ans en situation r\u00e9guli\u00e8re, avait perdu la vie sur place.<\/p>\n<p class=\" wall-content\">L\u2019auteur des faits <strong>reste en fuite<\/strong> \u00e0 cette heure. La brigade criminelle est saisie de l\u2019affaire.<\/p>\n<p class=\" wall-content\">Personnalisez votre actualit\u00e9 en ajoutant vos villes et m\u00e9dias en favori avec <a href=\"https:\/\/moncompte.actu.fr\" title=\"D\u00e9couvez Mon Actu\" rel=\"nofollow noopener\" data-trk=\"{&quot;cta&quot;:{&quot;action&quot;:&quot;https:\\\/\\\/moncompte.actu.fr&quot;,&quot;category&quot;:&quot;mon compte&quot;,&quot;from&quot;:&quot;article footer&quot;,&quot;name&quot;:&quot;Mon actu&quot;,&quot;type&quot;:&quot;cta&quot;}}\" target=\"_blank\">Mon Actu<\/a>.<\/p>\n","protected":false},"excerpt":{"rendered":"Par Julien Damboise Publi\u00e9 le 12 sept. 2025 \u00e0 17h09 La soir\u00e9e du mercredi 10 septembre 2025 a&hellip;\n","protected":false},"author":2,"featured_media":385856,"comment_status":"","ping_status":"","sticky":false,"template":"","format":"standard","meta":{"footnotes":""},"categories":[1889],"tags":[1111,11,2430,1777,674,118,1011,27,23173,2428,12,1072,25],"class_list":{"0":"post-385855","1":"post","2":"type-post","3":"status-publish","4":"format-standard","5":"has-post-thumbnail","7":"category-lyon","8":"tag-actu","9":"tag-actualites","10":"tag-auvergne-rhone-alpes","11":"tag-eu","12":"tag-europe","13":"tag-faits-divers","14":"tag-fr","15":"tag-france","16":"tag-guillotiere","17":"tag-lyon","18":"tag-news","19":"tag-police","20":"tag-republique-francaise"},"share_on_mastodon":{"url":"https:\/\/pubeurope.com\/@fr\/115192599992856001","error":""},"_links":{"self":[{"href":"https:\/\/www.europesays.com\/fr\/wp-json\/wp\/v2\/posts\/385855","targetHints":{"allow":["GET"]}}],"collection":[{"href":"https:\/\/www.europesays.com\/fr\/wp-json\/wp\/v2\/posts"}],"about":[{"href":"https:\/\/www.europesays.com\/fr\/wp-json\/wp\/v2\/types\/post"}],"author":[{"embeddable":true,"href":"https:\/\/www.europesays.com\/fr\/wp-json\/wp\/v2\/users\/2"}],"replies":[{"embeddable":true,"href":"https:\/\/www.europesays.com\/fr\/wp-json\/wp\/v2\/comments?post=385855"}],"version-history":[{"count":0,"href":"https:\/\/www.europesays.com\/fr\/wp-json\/wp\/v2\/posts\/385855\/revisions"}],"wp:featuredmedia":[{"embeddable":true,"href":"https:\/\/www.europesays.com\/fr\/wp-json\/wp\/v2\/media\/385856"}],"wp:attachment":[{"href":"https:\/\/www.europesays.com\/fr\/wp-json\/wp\/v2\/media?parent=385855"}],"wp:term":[{"taxonomy":"category","embeddable":true,"href":"https:\/\/www.europesays.com\/fr\/wp-json\/wp\/v2\/categories?post=385855"},{"taxonomy":"post_tag","embeddable":true,"href":"https:\/\/www.europesays.com\/fr\/wp-json\/wp\/v2\/tags?post=385855"}],"curies":[{"name":"wp","href":"https:\/\/api.w.org\/{rel}","templated":true}]}}