{"id":385867,"date":"2025-09-12T17:58:11","date_gmt":"2025-09-12T17:58:11","guid":{"rendered":"https:\/\/www.europesays.com\/fr\/385867\/"},"modified":"2025-09-12T17:58:11","modified_gmt":"2025-09-12T17:58:11","slug":"rer-b-pour-roissy-ligne-10-du-metro-les-perturbations-du-week-end-des-13-et-14-septembre","status":"publish","type":"post","link":"https:\/\/www.europesays.com\/fr\/385867\/","title":{"rendered":"RER B pour Roissy, ligne 10 du m\u00e9tro&#8230; les perturbations du week-end des 13 et 14 septembre"},"content":{"rendered":"<p class=\"paragraph text_align_left lp-f-body-02\"><b>M\u00e9tro<\/b><\/p>\n<p class=\"paragraph text_align_left lp-f-body-02\"><b>Ligne 10. <\/b>Les travaux pr\u00e9paratoires \u00e0 l\u2019arriv\u00e9e du MF19 (le nouveau mod\u00e8le de m\u00e9tro ferr\u00e9 qui va \u00eatre progressivement d\u00e9ploy\u00e9 sur 8 lignes parisiennes) se poursuivent sur la ligne 10, qui sera la premi\u00e8re \u00e0 \u00eatre \u00e9quip\u00e9e du nouveau mat\u00e9riel roulant. En cons\u00e9quence, la ligne Gare d\u2019Austerlitz &#8211; Boulogne ferme ses portes aux voyageurs d\u00e8s 22h30, du dimanche au jeudi soir. La perturbation restera en place jusqu\u2019au 2 octobre inclus. <\/p>\n<p class=\"paragraph text_align_left lp-f-body-02\"><b>RER<\/b><\/p>\n<p class=\"paragraph text_align_left lp-f-body-02\"><b>RER B.<\/b> Pas de train \u00e0 attendre pour se rendre \u00e0 Roissy ce week-end. Le trafic de la ligne B est totalement interrompu, durant les deux jours, entre la gare du nord et la gare A\u00e9roport CDG2-TGV. Plusieurs services de bus de remplacement, avec desserte des gares interm\u00e9diaires, sont mis en place. La ligne B5 assure une liaison directe jusqu\u2019\u00e0 l\u2019a\u00e9roport, au d\u00e9part de la gare Stade de France &#8211; Saint Denis sur la ligne D.<\/p>\n<p class=\"paragraph text_align_left lp-f-body-02\"><b>RER C. <\/b>Pas de perturbation majeure \u00e0 craindre sur les branches sud du RER C, \u00ab habituellement \u00bb \u00e9maill\u00e9e de nombreux chantiers de maintenance le week-end. La ligne, recommand\u00e9e aux usagers qui souhaitent se rendre \u00e0 la f\u00eate de l\u2019Humanit\u00e9 (\u00e0 Br\u00e9tigny dans l\u2019Essonne) en transports en commun, fonctionnera quasi normalement samedi et dimanche. Les liaisons Paris-Dourdan et Paris-Etampes seront cependant interrompues d\u00e8s le milieu de soir\u00e9e (\u00e0 partir de 21 heures) dans les deux sens, ce dimanche. Des services de bus prennent le relai ensuite. <\/p>\n<p class=\"paragraph text_align_left lp-f-body-02\"><b>RER D. <\/b>Service r\u00e9duit \u00e0 pr\u00e9voir samedi et dimanche sur la branche sud du RER D. Entre Villeneuve-Saint-Georges dans le Val-de-Marne et Melun en Seine-et-Marne, l\u2019offre de trains sera diminu\u00e9e de moiti\u00e9 par rapport \u00e0 un week-end classique et le trafic sera ralenti sur l\u2019ensemble du tron\u00e7on.<\/p>\n<p class=\"paragraph text_align_left lp-f-body-02\"><b>RER E. <\/b>Les trains de la ligne E effectuant la liaison entre Nanterre-la Folie dans les Hauts-de-Seine et Villiers-sur-Marne dans le Val-de-Marne ne circulent pas ce week-end. Ceux qui poursuivent leur route jusqu\u2019\u00e0 Tournan en Seine-et-Marne seront deux fois moins nombreux que lors des week-ends sans travaux et ne marqueront pas d\u2019arr\u00eat entre Villiers et Paris. Un service de bus sp\u00e9cial est mis en place entre Villiers et la gare de Bondy (sur la branche \u00abChelles-Gournay\u00a0\u00bb du RER E qui fonctionne normalement samedi et dimanche). <\/p>\n<p class=\"paragraph text_align_left lp-f-body-02\"><b>Transilien<\/b><\/p>\n<p class=\"paragraph text_align_left lp-f-body-02\"><b>Ligne H. <\/b>La branche Montsoult-Maffliers &#8211; Luzarches de la ligne de Transilien dans le Val-d\u2019Oise ne sera pas desservie par les trains ce week-end mais par un service de bus de remplacement sur le tron\u00e7on concern\u00e9. Les autres axes de la ligne H fonctionnent normalement.<\/p>\n<p class=\"paragraph text_align_left lp-f-body-02\"><b>Ligne J. <\/b>Le trafic ferroviaire est interrompu tout le week-end entre les Mureaux et Mantes-la-Jolie ainsi qu\u2019entre Issou-Porcheville et Mantes-la-Jolie dans les Yvelines. Des services de bus de substitution sont mis en place sur les axes concern\u00e9s. La ligne de bus 7820 (anciennement d\u00e9nomm\u00e9e Express A14) qui relie Mantes \u00e0 la D\u00e9fense est renforc\u00e9e durant les deux jours.<\/p>\n<p class=\"paragraph text_align_left lp-f-body-02\"><b>Ligne K.<\/b> Les travaux de maintenance sur l\u2019axe ferroviaire nord, \u00e0 l\u2019origine de l\u2019interruption de trafic sur le RER B, n\u00e9cessitent \u00e9galement la fermeture de la ligne K entre les gares de Paris-Nord et de Mitry-Claye en Seine-et-Marne, samedi et dimanche. Un service de bus de remplacement est mis en place. Au-del\u00e0 de Mitry-Claye, la ligne K fonctionne normalement jusqu\u2019\u00e0 Cr\u00e9py-en-Valois (Oise).<\/p>\n<p class=\"paragraph text_align_left lp-f-body-02\"><b>Ligne L.<\/b> Samedi et dimanche, le trafic est interrompu entre la gare de Suresnes\/Mont Val\u00e9rien dans les Hauts-de-Seine d\u2019un c\u00f4t\u00e9 et les gares de Versailles Rive Droite et Saint-Nom-la-Bret\u00e8che dans les Yvelines de l\u2019autre. Deux services de bus de remplacement sont mis en place (de Saint-Cloud \u00e0 Versailles-RD et de la D\u00e9fense \u00e0 Saint-Nom-la-Bret\u00e8che). Les lignes de bus r\u00e9guli\u00e8res entre ces diff\u00e9rentes gares sont \u00e9galement renforc\u00e9es.<\/p>\n<p class=\"paragraph text_align_left lp-f-body-02\"><b>Route<\/b><\/p>\n<p class=\"paragraph text_align_left lp-f-body-02\"><b>Paris-centre r\u00e9serv\u00e9 aux sportifs. <\/b>Ce week-end, plus que jamais, \u00e9vitez de vous rendre dans le secteur \u00ab Paris-centre \u00bb en voiture. La F\u00eate des sports qui se tient ce dimanche dans la rue de Rivoli transform\u00e9e en stade \u00e0 ciel ouvert pour l\u2019occasion, entra\u00eene des restrictions de circulation. D\u00e8s ce samedi \u00e0 19 heures, le stationnement et la circulation des v\u00e9hicules \u00e0 moteur seront interdits dans la rue de Rivoli, entre la rue Vieille du Temple (non comprise) et la rue de Castiglione (non comprise)<b>, <\/b>Place Baudoyer, Place de l\u2019H\u00f4tel de Ville, Avenue Victoria, entre la place de l\u2019H\u00f4tel de Ville et la rue Saint-Martin, rue de la Coutellerie, rue Perrault et rue de l\u2019Amiral de Coligny.<b> <\/b>La circulation sera r\u00e9tablie dans le secteur dimanche \u00e0 minuit. <\/p>\n","protected":false},"excerpt":{"rendered":"M\u00e9tro Ligne 10. Les travaux pr\u00e9paratoires \u00e0 l\u2019arriv\u00e9e du MF19 (le nouveau mod\u00e8le de m\u00e9tro ferr\u00e9 qui va&hellip;\n","protected":false},"author":2,"featured_media":385868,"comment_status":"","ping_status":"","sticky":false,"template":"","format":"standard","meta":{"footnotes":""},"categories":[1888],"tags":[11,1777,674,1011,27,1944,12,626,25,2382],"class_list":{"0":"post-385867","1":"post","2":"type-post","3":"status-publish","4":"format-standard","5":"has-post-thumbnail","7":"category-paris","8":"tag-actualites","9":"tag-eu","10":"tag-europe","11":"tag-fr","12":"tag-france","13":"tag-ma-ville","14":"tag-news","15":"tag-paris","16":"tag-republique-francaise","17":"tag-transport-idf-oise"},"share_on_mastodon":{"url":"https:\/\/pubeurope.com\/@fr\/115192627562045392","error":""},"_links":{"self":[{"href":"https:\/\/www.europesays.com\/fr\/wp-json\/wp\/v2\/posts\/385867","targetHints":{"allow":["GET"]}}],"collection":[{"href":"https:\/\/www.europesays.com\/fr\/wp-json\/wp\/v2\/posts"}],"about":[{"href":"https:\/\/www.europesays.com\/fr\/wp-json\/wp\/v2\/types\/post"}],"author":[{"embeddable":true,"href":"https:\/\/www.europesays.com\/fr\/wp-json\/wp\/v2\/users\/2"}],"replies":[{"embeddable":true,"href":"https:\/\/www.europesays.com\/fr\/wp-json\/wp\/v2\/comments?post=385867"}],"version-history":[{"count":0,"href":"https:\/\/www.europesays.com\/fr\/wp-json\/wp\/v2\/posts\/385867\/revisions"}],"wp:featuredmedia":[{"embeddable":true,"href":"https:\/\/www.europesays.com\/fr\/wp-json\/wp\/v2\/media\/385868"}],"wp:attachment":[{"href":"https:\/\/www.europesays.com\/fr\/wp-json\/wp\/v2\/media?parent=385867"}],"wp:term":[{"taxonomy":"category","embeddable":true,"href":"https:\/\/www.europesays.com\/fr\/wp-json\/wp\/v2\/categories?post=385867"},{"taxonomy":"post_tag","embeddable":true,"href":"https:\/\/www.europesays.com\/fr\/wp-json\/wp\/v2\/tags?post=385867"}],"curies":[{"name":"wp","href":"https:\/\/api.w.org\/{rel}","templated":true}]}}