{"id":385869,"date":"2025-09-12T17:59:12","date_gmt":"2025-09-12T17:59:12","guid":{"rendered":"https:\/\/www.europesays.com\/fr\/385869\/"},"modified":"2025-09-12T17:59:12","modified_gmt":"2025-09-12T17:59:12","slug":"que-sont-ces-exercices-militaires-dampleur-lances-par-la-russie-et-le-belarus","status":"publish","type":"post","link":"https:\/\/www.europesays.com\/fr\/385869\/","title":{"rendered":"que sont ces exercices militaires d&rsquo;ampleur lanc\u00e9s par la Russie et le B\u00e9larus ?"},"content":{"rendered":"<p>La Russie et le B\u00e9larus, son alli\u00e9 fid\u00e8le, ont entam\u00e9 ce vendredi des exercices militaires conjoints qui suscitent l\u2019inqui\u00e9tude de leurs voisins membres de l\u2019Otan, quelques jours apr\u00e8s <a href=\"https:\/\/www.ledauphine.com\/defense-guerre-conflit\/2025\/09\/10\/l-armee-abat-des-objets-hostiles-apres-des-violations-de-son-espace-aerien-par-la-russie\" target=\"_blank\" rel=\"noopener\">l\u2019intrusion sans pr\u00e9c\u00e9dent de drones russes en Pologne<\/a>. L\u2019apparition d\u2019une vingtaine de drones dans la nuit de mardi \u00e0 mercredi dans l\u2019espace a\u00e9rien polonais a suscit\u00e9 une vive \u00e9motion dans le pays et \u00e9t\u00e9 qualifi\u00e9e de provocation par les pays occidentaux.<\/p>\n<p>Dans ce contexte de tensions, et sur fond de <a href=\"https:\/\/www.ledauphine.com\/france-monde\/ukraine\" target=\"_blank\" rel=\"noopener\">guerre en Ukraine<\/a>, Moscou et Minsk ont lanc\u00e9 ce vendredi leurs grandes man\u0153uvres militaires baptis\u00e9es\u00a0Zapad-2025\u00a0(\u201cOuest-2025\u201d, en r\u00e9f\u00e9rence au fait qu\u2019elles se d\u00e9roulent dans l\u2019ouest de l\u2019alliance russo-b\u00e9larusse). Elles se tiennent jusqu\u2019\u00e0 mardi au B\u00e9larus et en Russie ainsi qu\u2019en mer de Barents et mer Baltique. Une partie a lieu dans la r\u00e9gion de Grodno, proche de la Pologne et de la Lituanie.<\/p>\n<p>Ce contenu est bloqu\u00e9 car vous n&rsquo;avez pas accept\u00e9 les cookies et autres traceurs.<\/p>\n<p>En cliquant sur \u00ab J\u2019accepte \u00bb, les cookies et autres traceurs seront d\u00e9pos\u00e9s et vous pourrez visualiser les contenus  (<a href=\"\" class=\"consentModule_policy\" target=\"_blank\" title=\"Consulter la politique de protection des donn\u00e9es du fournisseur\">plus d&rsquo;informations<\/a>).<\/p>\n<p>En cliquant sur \u00ab J\u2019accepte tous les cookies \u00bb, vous autorisez des d\u00e9p\u00f4ts de cookies et autres traceurs pour le stockage de vos donn\u00e9es sur nos sites et applications \u00e0 des fins de personnalisation et de ciblage publicitaire.<\/p>\n<p class=\"consentModule_secondaryText\">Vous gardez la possibilit\u00e9 de retirer votre consentement \u00e0 tout moment en consultant notre <a href=\"https:\/\/www.ledauphine.com\/protection-des-donnees\" target=\"_blank\" title=\"Consulter notre politique de protection des donn\u00e9es\" rel=\"noopener\">politique de protection des donn\u00e9es<\/a>. <br \/>&#13;<br \/>\n            <a href=\"https:\/\/www.ledauphine.com\/defense-guerre-conflit\/2025\/09\/12\/javascript:Didomi.notice.show()\" class=\"consentModule_cmp\" target=\"_blank\" rel=\"noopener\">G\u00e9rer mes choix<\/a>&#13;\n        <\/p>\n<p>&#13;<br \/>\n                        J&rsquo;accepte&#13;<br \/>\n            J&rsquo;accepte tous les cookies&#13;\n        <\/p>\n<p>Moscou et Minsk ont ni\u00e9 tout but offensif, mais la Pologne, la Lituanie et la Lettonie, pays membres de l\u2019Otan et voisins du B\u00e9larus, ont <a href=\"https:\/\/www.ledauphine.com\/defense-guerre-conflit\/2025\/09\/11\/la-france-mobilise-trois-rafale-pour-contribuer-a-la-protection-de-l-espace-aerien-polonais\" target=\"_blank\" rel=\"noopener\">restreint le trafic a\u00e9rien<\/a>. La Pologne a aussi ferm\u00e9 sa fronti\u00e8re avec le B\u00e9larus et affirm\u00e9 que quelque 40 000 soldats devraient \u00eatre pr\u00e9sents pr\u00e8s de cette zone pendant les man\u0153uvres.<\/p>\n<p>  Pas de \u00ab menace militaire imm\u00e9diate \u00bb, selon l\u2019Otan<\/p>\n<p>L\u2019Otan a en revanche dit ne voir aucune \u00ab menace militaire imm\u00e9diate \u00bb pos\u00e9e par ces exercices. Les exercices Zapad sont habituellement organis\u00e9s tous les quatre ans, et cette \u00e9dition est la premi\u00e8re depuis le d\u00e9but du conflit en Ukraine, en f\u00e9vrier\u00a02022. Celle de 2021 avait mobilis\u00e9 environ 200 000 soldats russes, quelques mois avant le lancement de leur assaut. Cette fois, l\u2019ampleur des exercices devrait \u00eatre bien plus r\u00e9duite, des centaines de milliers de soldats russes \u00e9tant d\u00e9ploy\u00e9s en Ukraine. Le B\u00e9larus avait affirm\u00e9 en janvier que 13 000 soldats participeraient aux exercices, mais a indiqu\u00e9 en mai que ce nombre serait r\u00e9duit de moiti\u00e9.<\/p>\n<p>Ces man\u0153uvres se d\u00e9roulent alors que l\u2019arm\u00e9e russe progresse toujours sur le front ukrainien et intensifie ses attaques a\u00e9riennes sur les villes d\u2019Ukraine, en d\u00e9pit de tentatives diplomatiques pour mettre fin \u00e0 trois ans et demi d\u2019une offensive \u00e0 grande \u00e9chelle. Des sessions de pourparlers \u00e0 Istanbul plus t\u00f4t cette ann\u00e9e n\u2019ont pas permis de r\u00e9elle avanc\u00e9e, hormis un accord sur des \u00e9changes de prisonniers de guerre. Le porte-parole du Kremlin, Dmitri Peskov, a affirm\u00e9 ce vendredi qu\u2019\u00ab on peut plut\u00f4t parler d\u2019une pause \u00bb dans les n\u00e9gociations, m\u00eame si une reprise est possible.<\/p>\n","protected":false},"excerpt":{"rendered":"La Russie et le B\u00e9larus, son alli\u00e9 fid\u00e8le, ont entam\u00e9 ce vendredi des exercices militaires conjoints qui suscitent&hellip;\n","protected":false},"author":2,"featured_media":385870,"comment_status":"","ping_status":"","sticky":false,"template":"","format":"standard","meta":{"footnotes":""},"categories":[1591],"tags":[11,3206,1887,107,329,12,1885,1886,132],"class_list":{"0":"post-385869","1":"post","2":"type-post","3":"status-publish","4":"format-standard","5":"has-post-thumbnail","7":"category-russie","8":"tag-actualites","9":"tag-defense-guerre-conflit","10":"tag-federation-de-russie","11":"tag-fil-info","12":"tag-france-monde","13":"tag-news","14":"tag-russia","15":"tag-russian-federation","16":"tag-russie"},"share_on_mastodon":{"url":"https:\/\/pubeurope.com\/@fr\/115192631685968488","error":""},"_links":{"self":[{"href":"https:\/\/www.europesays.com\/fr\/wp-json\/wp\/v2\/posts\/385869","targetHints":{"allow":["GET"]}}],"collection":[{"href":"https:\/\/www.europesays.com\/fr\/wp-json\/wp\/v2\/posts"}],"about":[{"href":"https:\/\/www.europesays.com\/fr\/wp-json\/wp\/v2\/types\/post"}],"author":[{"embeddable":true,"href":"https:\/\/www.europesays.com\/fr\/wp-json\/wp\/v2\/users\/2"}],"replies":[{"embeddable":true,"href":"https:\/\/www.europesays.com\/fr\/wp-json\/wp\/v2\/comments?post=385869"}],"version-history":[{"count":0,"href":"https:\/\/www.europesays.com\/fr\/wp-json\/wp\/v2\/posts\/385869\/revisions"}],"wp:featuredmedia":[{"embeddable":true,"href":"https:\/\/www.europesays.com\/fr\/wp-json\/wp\/v2\/media\/385870"}],"wp:attachment":[{"href":"https:\/\/www.europesays.com\/fr\/wp-json\/wp\/v2\/media?parent=385869"}],"wp:term":[{"taxonomy":"category","embeddable":true,"href":"https:\/\/www.europesays.com\/fr\/wp-json\/wp\/v2\/categories?post=385869"},{"taxonomy":"post_tag","embeddable":true,"href":"https:\/\/www.europesays.com\/fr\/wp-json\/wp\/v2\/tags?post=385869"}],"curies":[{"name":"wp","href":"https:\/\/api.w.org\/{rel}","templated":true}]}}