{"id":385871,"date":"2025-09-12T18:00:10","date_gmt":"2025-09-12T18:00:10","guid":{"rendered":"https:\/\/www.europesays.com\/fr\/385871\/"},"modified":"2025-09-12T18:00:10","modified_gmt":"2025-09-12T18:00:10","slug":"poutine-met-les-espoirs-de-paix-sur-pause-trump-trepigne-mais-pas-trop","status":"publish","type":"post","link":"https:\/\/www.europesays.com\/fr\/385871\/","title":{"rendered":"Poutine met les espoirs de paix sur \u00ab\u00a0pause\u00a0\u00bb, Trump tr\u00e9pigne (mais pas trop)"},"content":{"rendered":"<p>Vous avez rat\u00e9 les derniers \u00e9v\u00e9nements sur la <a href=\"https:\/\/www.20minutes.fr\/monde\/ukraine\/\" class=\"c-link c-link--is-underlined\" target=\"_blank\" rel=\"noopener\">guerre en Ukraine<\/a>\u00a0? 20 Minutes fait le point pour vous tous les soirs. Voici l\u2019essentiel de ce vendredi 12\u00a0septembre, 1.297e jour du conflit.<\/p>\n<p>Le fait du jour<\/p>\n<p>\u00ab\u00a0On ne peut pas voir la vie en rose et s\u2019attendre \u00e0 ce que le processus de n\u00e9gociation donne des r\u00e9sultats imm\u00e9diats\u00a0\u00bb. Pour ceux qui croyaient encore \u00e0 une issue rapide, ou m\u00eame \u00e0 une reprise des n\u00e9gociations, Dmitri Peskov, le porte-parole de <a href=\"https:\/\/www.20minutes.fr\/monde\/vladimir_poutine\/\" class=\"c-link c-link--is-underlined\" target=\"_blank\" rel=\"noopener\">Vladimir Poutine<\/a>, s\u2019est charg\u00e9 de la douche froide. \u00ab\u00a0Les canaux de communication existent, ils sont bien \u00e9tablis. Nos n\u00e9gociateurs ont la possibilit\u00e9 de communiquer par ces canaux, mais pour l\u2019instant, on peut plut\u00f4t parler d\u2019une pause\u00a0\u00bb, a-t-il expliqu\u00e9.<\/p>\n<\/p>\n<p>Un constat qui n\u2019a pas surpris le pr\u00e9sident Ukrainien, persuad\u00e9 que les Russes n\u2019arr\u00eateront pas leur offensive de sit\u00f4t. \u00ab\u00a0Le but de Poutine est d\u2019occuper toute l\u2019Ukraine. Et peu importe ce qu\u2019il dit, il est clair qu\u2019il a mis en marche la machine de guerre \u00e0 un point tel qu\u2019il ne peut tout simplement pas l\u2019arr\u00eater, \u00e0 moins qu\u2019il soit forc\u00e9 de changer fondamentalement ses objectifs personnels\u00a0\u00bb, a d\u00e9clar\u00e9 <a href=\"https:\/\/www.20minutes.fr\/monde\/volodymyr-zelensky\/\" class=\"c-link c-link--is-underlined\" target=\"_blank\" rel=\"noopener\">Volodymyr Zelensky<\/a> lors de la conf\u00e9rence annuelle Yalta European Strategy en Ukraine. Pour lui, \u00ab\u00a0\u00e9changer des territoires\u00a0\u00bb, hypoth\u00e8se \u00e9voqu\u00e9e pour mettre fin au conflit, ne suffirait pas \u00e0 atteindre la paix.<\/p>\n<p>La d\u00e9claration du jour<\/p>\n<blockquote class=\"mx-m@xs mx-xxl@md color-ultramarine c-citation\">\n<p class=\"font-weight-regular@xs text-italic font-source-serif-pro text-l@xs c-citation__content\">\u00ab\u00a0Il faut \u00eatre deux pour danser le tango\u00a0\u00bb<\/p>\n<\/blockquote>\n<p>L\u2019expression utilis\u00e9e par <a href=\"https:\/\/www.20minutes.fr\/dossier\/donald_trump\" class=\"c-link c-link--is-underlined\" target=\"_blank\" rel=\"noopener\">Donald Trump<\/a> sur la cha\u00eene Fox News pour renvoyer Volodymyr Zelensky et Vladimir Poutine dos \u00e0 dos. \u00ab\u00a0Quand Poutine voulait le faire, Zelensky ne voulait pas. Quand Zelensky voulait, Poutine ne voulait pas\u00a0\u00bb, a-t-il d\u00e9velopp\u00e9 \u00e0 propos d\u2019\u00e9ventuelles n\u00e9gociations de paix.<\/p>\n<p>Le pr\u00e9sident des <a href=\"https:\/\/www.20minutes.fr\/monde\/etats-unis\/\" class=\"c-link c-link--is-underlined\" target=\"_blank\" rel=\"noopener\">Etats-Unis<\/a> s\u2019est montr\u00e9 toutefois plus f\u00e9roce avec le ma\u00eetre du Kremlin, indiquant que sa patience \u00ab\u00a0s\u2019\u00e9puisait rapidement\u00a0\u00bb et \u00e9voquant, sans rentrer dans les d\u00e9tails, la possibilit\u00e9 de nouvelles sanctions contre les banques et le secteur p\u00e9trolier russes.<\/p>\n<p>Le chiffre du jour<\/p>\n<p>40.000. Le nombre, selon les estimations de Varsovie, de soldats mass\u00e9s \u00e0 sa fronti\u00e8re avec la <a href=\"https:\/\/www.20minutes.fr\/monde\/bielorussie\/\" class=\"c-link c-link--is-underlined\" target=\"_blank\" rel=\"noopener\">Bi\u00e9lorussie<\/a> dans le cadre de l\u2019exercice Zapad-2005, de grandes man\u0153uvres militaires organis\u00e9es conjointement par Minsk et Moscou. Un format r\u00e9duit puisque l\u2019\u00e9dition 2021, juste avant l\u2019offensive russe en Ukraine, avait mobilis\u00e9 environ 200.000 hommes. L\u2019Otan a pris la peine de pr\u00e9ciser qu\u2019elle ne voyait \u00ab\u00a0aucune menace militaire imm\u00e9diate\u00a0\u00bb dans cette op\u00e9ration.<\/p>\n<p>La tendance<\/p>\n<p>Sale temps pour les ambassadeurs russes. Apr\u00e8s l\u2019\u00e9pisode de l\u2019intrusion de drones dans le ciel polonais mercredi, ils sont convoqu\u00e9s les uns apr\u00e8s les autres dans les chancelleries occidentales pour se faire remonter les bretelles.<\/p>\n<p><a href=\"http:\/\/www.20minutes.fr\/monde\/ukraine\" class=\"c-link c-btn c-btn--primary\" target=\"_blank\" rel=\"noopener\">Notre dossier sur la guerre en Ukraine<\/a><\/p>\n<p>La <a href=\"https:\/\/www.20minutes.fr\/dossier\/pologne\" class=\"c-link c-link--is-underlined\" target=\"_blank\" rel=\"noopener\">Pologne<\/a>, l\u2019Allemagne, la Su\u00e8de, les Pays-Bas, la R\u00e9publique tch\u00e8que, la Roumanie, la Belgique et l\u2019Espagne ont convoqu\u00e9 ces derniers jours les ambassadeurs de Russie ou les charg\u00e9s d\u2019affaires des repr\u00e9sentations diplomatiques russes. Paris aussi, a annonc\u00e9 le chef de la diplomatie fran\u00e7aise ce vendredi dans la matinale de France Inter. \u00ab\u00a0Nous allons lui dire [\u00e0 l\u2019ambassadeur] que nous ne nous laisserons pas intimider\u00a0\u00bb, a indiqu\u00e9 Jean-No\u00ebl Barrot. \u00ab\u00a0[Intrusion] Intentionnelle ou non, accidentelle ou non, tout cela est tr\u00e8s grave. Tout cela est absolument inacceptable. Tout cela vient s\u2019ajouter aux innombrables provocations de Vladimir Poutine\u00a0\u00bb.<\/p>\n","protected":false},"excerpt":{"rendered":"Vous avez rat\u00e9 les derniers \u00e9v\u00e9nements sur la guerre en Ukraine\u00a0? 20 Minutes fait le point pour vous&hellip;\n","protected":false},"author":2,"featured_media":385872,"comment_status":"","ping_status":"","sticky":false,"template":"","format":"standard","meta":{"footnotes":""},"categories":[1590],"tags":[47,11,17059,75,1777,674,131,2121,74,12,2437,132,220,135,134],"class_list":{"0":"post-385871","1":"post","2":"type-post","3":"status-publish","4":"format-standard","5":"has-post-thumbnail","7":"category-ukraine","8":"tag-actualite","9":"tag-actualites","10":"tag-bielorussie","11":"tag-donald-trump","12":"tag-eu","13":"tag-europe","14":"tag-guerre-en-ukraine","15":"tag-jean-noel-barrot","16":"tag-monde","17":"tag-news","18":"tag-pologne","19":"tag-russie","20":"tag-ukraine","21":"tag-vladimir-poutine","22":"tag-volodymyr-zelensky"},"share_on_mastodon":{"url":"https:\/\/pubeurope.com\/@fr\/115192635411650133","error":""},"_links":{"self":[{"href":"https:\/\/www.europesays.com\/fr\/wp-json\/wp\/v2\/posts\/385871","targetHints":{"allow":["GET"]}}],"collection":[{"href":"https:\/\/www.europesays.com\/fr\/wp-json\/wp\/v2\/posts"}],"about":[{"href":"https:\/\/www.europesays.com\/fr\/wp-json\/wp\/v2\/types\/post"}],"author":[{"embeddable":true,"href":"https:\/\/www.europesays.com\/fr\/wp-json\/wp\/v2\/users\/2"}],"replies":[{"embeddable":true,"href":"https:\/\/www.europesays.com\/fr\/wp-json\/wp\/v2\/comments?post=385871"}],"version-history":[{"count":0,"href":"https:\/\/www.europesays.com\/fr\/wp-json\/wp\/v2\/posts\/385871\/revisions"}],"wp:featuredmedia":[{"embeddable":true,"href":"https:\/\/www.europesays.com\/fr\/wp-json\/wp\/v2\/media\/385872"}],"wp:attachment":[{"href":"https:\/\/www.europesays.com\/fr\/wp-json\/wp\/v2\/media?parent=385871"}],"wp:term":[{"taxonomy":"category","embeddable":true,"href":"https:\/\/www.europesays.com\/fr\/wp-json\/wp\/v2\/categories?post=385871"},{"taxonomy":"post_tag","embeddable":true,"href":"https:\/\/www.europesays.com\/fr\/wp-json\/wp\/v2\/tags?post=385871"}],"curies":[{"name":"wp","href":"https:\/\/api.w.org\/{rel}","templated":true}]}}