{"id":385878,"date":"2025-09-12T18:04:10","date_gmt":"2025-09-12T18:04:10","guid":{"rendered":"https:\/\/www.europesays.com\/fr\/385878\/"},"modified":"2025-09-12T18:04:10","modified_gmt":"2025-09-12T18:04:10","slug":"clement-beaune-je-ne-suis-pas-convaincu-par-laccord-commercial-avec-les-etats-unis","status":"publish","type":"post","link":"https:\/\/www.europesays.com\/fr\/385878\/","title":{"rendered":"Cl\u00e9ment Beaune: \u00abJe ne suis pas convaincu par l\u2019accord commercial avec les \u00c9tats-Unis\u00bb"},"content":{"rendered":"<p>\n                                                Cette semaine, nous recevons Cl\u00e9ment Beaune, Haut-commissaire \u00e0 la Strat\u00e9gie et au Plan et ancien secr\u00e9taire d\u2019\u00c9tat aux Affaires europ\u00e9ennes.\u00a0Alors qu\u2019Emmanuel Macron vient de nommer un nouveau Premier ministre, le cinqui\u00e8me depuis le d\u00e9but de son second mandat, Cl\u00e9ment Beaune souligne le \u00ab\u00a0besoin d\u2019une stabilit\u00e9\u00a0\u00bb.                    <\/p>\n<p>Le nouveau chef du gouvernement fran\u00e7ais, S\u00e9bastien Lecornu a entam\u00e9 une s\u00e9rie de concertations avec les responsables des partis politiques ainsi que les partenaires sociaux\u00a0: \u00ab\u00a0C&rsquo;est un homme, tout le monde le reconna\u00eet, qu&rsquo;on partage ou pas sa sensibilit\u00e9, comme les partis de gauche l&rsquo;ont dit eux-m\u00eames, de dialogue et de discussion et je crois que tous les partis politiques et les forces syndicales dans leur immense majorit\u00e9 vont participer \u00e0 cette concertation\u00a0\u00bb. \u00ab On a besoin de ce compromis pour la stabilit\u00e9\u00a0\u00bb, insiste Cl\u00e9ment Beaune.<\/p>\n<p>La premi\u00e8re mission du Premier ministre sera de faire voter un budget dans une assembl\u00e9e fragment\u00e9e et sans majorit\u00e9. Selon Cl\u00e9ment Beaune, \u00ab\u00a0on a un temps qui est encore utile, suffisant\u00a0\u00bb pour esp\u00e9rer y parvenir. \u00ab\u00a0On ne peut pas imaginer en effet\u00a0que la France, une deuxi\u00e8me ann\u00e9e, commence l&rsquo;ann\u00e9e sans avoir un budget stable, arr\u00eat\u00e9, pr\u00e9visible pour l&rsquo;ensemble des Fran\u00e7ais, nos services publics et les entreprises aussi\u00a0\u00bb. Il regrette qu\u2019en France, le compromis soit \u00ab\u00a0vu comme un mot repoussant, d\u00e9go\u00fbtant, tout mou\u00a0\u00bb, contrairement \u00e0 nos voisins europ\u00e9ens habitu\u00e9s aux n\u00e9gociations entre partis. \u00ab\u00a0La France, en quelque sorte, s&rsquo;europ\u00e9anise, elle a un Parlement fragment\u00e9, mais elle n\u2019a pas le mode d&#8217;emploi de la coalition, il faut le trouver \u00bb, remarque-t-il.<\/p>\n<p>Un autre d\u00e9fi de taille attend le nouveau Premier ministre, celui de la r\u00e9duction de la dette et le retour sous la barre des 3% du PIB de d\u00e9ficit\u00a0: or en 2024, le d\u00e9ficit de la France s\u2019\u00e9levait \u00e0 5,8% du PIB. Certes, \u00ab\u00a0la situation des finances publiques est pr\u00e9occupante, ce qu&rsquo;a d&rsquo;ailleurs, \u00e0 juste titre, expliqu\u00e9, martel\u00e9 <strong><a target=\"_self\" href=\"https:\/\/www.rfi.fr\/fr\/tag\/fran\u00e7ois-bayrou\/\" rel=\"noopener\">Fran\u00e7ois Bayrou<\/a><\/strong> courageusement \u00bb, reconna\u00eet Cl\u00e9ment Beaune. Cependant, il met en garde contre \u00ab\u00a0un discours 100% n\u00e9gatif\u00a0\u00bb. \u00ab\u00a0Notre \u00e9conomie en g\u00e9n\u00e9ral a des entreprises formidables qui sont des r\u00e9ussites internationales, avec\u00a0un taux d&#8217;emploi qui a augment\u00e9 ces derni\u00e8res ann\u00e9es, un <strong><a target=\"_self\" href=\"https:\/\/www.rfi.fr\/fr\/tag\/emploi-et-travail\/\" rel=\"noopener\">ch\u00f4mage<\/a><\/strong> qui a recul\u00e9\u00a0\u00bb, rappelle-t-il.<\/p>\n<p>La <strong><a target=\"_self\" href=\"https:\/\/www.rfi.fr\/fr\/tag\/finances\/\" rel=\"noopener\">taxation <\/a><\/strong>des plus riches enflamme le d\u00e9bat budg\u00e9taire, l\u2019opposition de gauche soutenant cette solution pour permettre de r\u00e9duire le d\u00e9ficit. Le Haut-commissaire \u00e0 la Strat\u00e9gie et au Plan appelle \u00e0 \u00ab\u00a0mettre un peu de rationalit\u00e9 ou de justesse dans ce d\u00e9bat qui parfois est un peu caricatural ou caricatur\u00e9. On n&rsquo;est pas un paradis fiscal et les taux d&rsquo;imposition pour les plus riches sont d\u00e9j\u00e0 \u00e9lev\u00e9s, y compris en comparaison europ\u00e9enne\u00a0\u00bb. Concernant la proposition de taxe de l\u2019\u00e9conomiste Gabriel Zucman sur le patrimoine des plus riches, il reste circonspect. \u00ab \u00c7a n&rsquo;apporterait sans doute pas toutes les recettes qu&rsquo;on nous dit parfois, plut\u00f4t 5 milliards que 20 milliards, c&rsquo;est un peu diff\u00e9rent. Et puis il faut \u00eatre lucide, \u00e7a ne r\u00e9soudrait pas, quoi qu&rsquo;il arrive, notre probl\u00e8me de dette ou de d\u00e9ficit \u00e0 soi-seule\u00a0\u00bb, estime-t-il, \u00ab\u00a0Il faudra faire des \u00e9conomies aussi\u00a0\u00bb.<\/p>\n<p>Cl\u00e9ment Beaune revient sur le discours sur l\u2019\u00e9tat de l\u2019Union, prononc\u00e9 par <strong><a target=\"_self\" href=\"https:\/\/www.rfi.fr\/fr\/tag\/ursula-von-der-leyen\/\" rel=\"noopener\">Ursula von der Leyen<\/a><\/strong> ce mercredi (10 septembre 2025). S\u2019il juge la pr\u00e9sidente de la Commission europ\u00e9enne \u00ab\u00a0plut\u00f4t convaincante sur les sujets internationaux\u00a0\u00bb, il se dit \u00ab\u00a0moins convaincu sur la question commerciale\u00a0\u00bb. Il critique l\u2019accord commercial conclu cet \u00e9t\u00e9 entre Bruxelles et Washington qui porte \u00e0 15% les taxes sur les exportations europ\u00e9ennes vers les \u00c9tats-Unis. Cet accord lui \u00ab\u00a0para\u00eet d\u00e9favorable, d\u00e9s\u00e9quilibr\u00e9\u00a0\u00bb. Or Cl\u00e9ment Beaune est \u00ab\u00a0convaincu que quand l&rsquo;Europe ne montre pas sa force, elle perd du soutien\u00a0\u00bb, d\u2019autant plus que\u00a0\u00ab\u00a0Monsieur <strong><a target=\"_self\" href=\"https:\/\/www.rfi.fr\/fr\/tag\/donald-trump\/\" rel=\"noopener\">Trump<\/a><\/strong> ne comprendra que le langage de la force, de l&rsquo;unit\u00e9, de la fermet\u00e9 europ\u00e9enne\u00a0\u00bb.<\/p>\n","protected":false},"excerpt":{"rendered":"Cette semaine, nous recevons Cl\u00e9ment Beaune, Haut-commissaire \u00e0 la Strat\u00e9gie et au Plan et ancien secr\u00e9taire d\u2019\u00c9tat aux&hellip;\n","protected":false},"author":2,"featured_media":385879,"comment_status":"","ping_status":"","sticky":false,"template":"","format":"standard","meta":{"footnotes":""},"categories":[1586],"tags":[11,1073,73,1777,674,1011,27,7248,12,13811,25,11067,364],"class_list":{"0":"post-385878","1":"post","2":"type-post","3":"status-publish","4":"format-standard","5":"has-post-thumbnail","7":"category-europe","8":"tag-actualites","9":"tag-emmanuel-macron","10":"tag-etats-unis","11":"tag-eu","12":"tag-europe","13":"tag-fr","14":"tag-france","15":"tag-ici-leurope","16":"tag-news","17":"tag-politique-francaise","18":"tag-republique-francaise","19":"tag-sebastien-lecornu","20":"tag-union-europeenne"},"share_on_mastodon":{"url":"https:\/\/pubeurope.com\/@fr\/115192651061596356","error":""},"_links":{"self":[{"href":"https:\/\/www.europesays.com\/fr\/wp-json\/wp\/v2\/posts\/385878","targetHints":{"allow":["GET"]}}],"collection":[{"href":"https:\/\/www.europesays.com\/fr\/wp-json\/wp\/v2\/posts"}],"about":[{"href":"https:\/\/www.europesays.com\/fr\/wp-json\/wp\/v2\/types\/post"}],"author":[{"embeddable":true,"href":"https:\/\/www.europesays.com\/fr\/wp-json\/wp\/v2\/users\/2"}],"replies":[{"embeddable":true,"href":"https:\/\/www.europesays.com\/fr\/wp-json\/wp\/v2\/comments?post=385878"}],"version-history":[{"count":0,"href":"https:\/\/www.europesays.com\/fr\/wp-json\/wp\/v2\/posts\/385878\/revisions"}],"wp:featuredmedia":[{"embeddable":true,"href":"https:\/\/www.europesays.com\/fr\/wp-json\/wp\/v2\/media\/385879"}],"wp:attachment":[{"href":"https:\/\/www.europesays.com\/fr\/wp-json\/wp\/v2\/media?parent=385878"}],"wp:term":[{"taxonomy":"category","embeddable":true,"href":"https:\/\/www.europesays.com\/fr\/wp-json\/wp\/v2\/categories?post=385878"},{"taxonomy":"post_tag","embeddable":true,"href":"https:\/\/www.europesays.com\/fr\/wp-json\/wp\/v2\/tags?post=385878"}],"curies":[{"name":"wp","href":"https:\/\/api.w.org\/{rel}","templated":true}]}}