{"id":385880,"date":"2025-09-12T18:05:13","date_gmt":"2025-09-12T18:05:13","guid":{"rendered":"https:\/\/www.europesays.com\/fr\/385880\/"},"modified":"2025-09-12T18:05:13","modified_gmt":"2025-09-12T18:05:13","slug":"lue-narrive-pas-a-trancher-sur-son-objectif-climatique-avant-la-cop30","status":"publish","type":"post","link":"https:\/\/www.europesays.com\/fr\/385880\/","title":{"rendered":"L&rsquo;UE n&rsquo;arrive pas \u00e0 trancher sur son objectif climatique avant la COP30"},"content":{"rendered":"<p>L&rsquo;Europe est-elle en train de perdre son leadership climatique\u202f? Le blocage persiste entre les 27 sur leur objectif de r\u00e9duction des \u00e9missions de gaz \u00e0 effet de serre en 2040. Et ils risquent de ne pas trancher avant la conf\u00e9rence de l&rsquo;ONU sur le climat en novembre au Br\u00e9sil. Ce vendredi \u00e0 Bruxelles, une r\u00e9union entre diplomates a permis de constater de nouveau ces divisions entre Europ\u00e9ens.<\/p>\n<p>\u00c0 ce stade, il n&rsquo;y a pas de majorit\u00e9 claire au sein de l&rsquo;Union europ\u00e9enne pour soutenir l&rsquo;objectif de r\u00e9duction de 90\u202f% des \u00e9missions de gaz \u00e0 effet de serre en 2040 par rapport \u00e0 1990 que propose la Commission.<\/p>\n<p>Plusieurs pays, dont la France, l&rsquo;Allemagne, l&rsquo;Italie et la Pologne, ont demand\u00e9 de renvoyer la discussion \u00e0 un sommet entre chefs d&rsquo;\u00c9tat et de gouvernement au mois d&rsquo;octobre.<\/p>\n<p>Compromis pas encore atteint<\/p>\n<p>Le Danemark, qui occupe la pr\u00e9sidence tournante de l&rsquo;Union europ\u00e9enne, esp\u00e9rait arracher un compromis d\u00e8s le 18 septembre lors d&rsquo;une r\u00e9union des ministres de l&rsquo;environnement. Mais les diplomates danois ont d\u00fb reculer, contre leur gr\u00e9, et visent d\u00e9sormais un accord \u00ab\u202favant la fin de l&rsquo;ann\u00e9e\u202f\u00bb.<\/p>\n<p>La grande conf\u00e9rence de l&rsquo;ONU sur le climat (COP30) est pourtant pr\u00e9vue du 10 au 21 novembre \u00e0 B\u00e9lem au Br\u00e9sil. Et la Commission europ\u00e9enne se disait encore convaincue mardi que l&rsquo;Union aurait d&rsquo;ici l\u00e0 un \u00ab\u202fobjectif ambitieux\u202f\u00bb \u00e0 \u00ab\u202fporter sur la sc\u00e8ne internationale\u202f\u00bb. Ce calendrier est d\u00e9sormais menac\u00e9.<\/p>\n<p>Hongrie, Pologne et R\u00e9publique tch\u00e8que bloquent<\/p>\n<p>Dans les couloirs de Bruxelles, certains diplomates \u00e9voquent la possibilit\u00e9 que l&rsquo;Union europ\u00e9enne se pr\u00e9sente \u00e0 B\u00e9lem avec une fourchette de r\u00e9duction des \u00e9missions de gaz \u00e0 effet de serre, mais pas un chiffre d\u00e9finitivement arr\u00eat\u00e9. Au nom de la d\u00e9fense de leur industrie, des \u00c9tats comme la Hongrie, la Pologne et la R\u00e9publique tch\u00e8que ont r\u00e9p\u00e9t\u00e9 \u00e0 plusieurs reprises leur opposition \u00e0 la baisse de 90\u202f% pr\u00e9conis\u00e9e par la Commission.<\/p>\n<p>Pourtant, Bruxelles avait fait un geste d\u00e9but juillet en introduisant des \u00ab\u202fflexibilit\u00e9s\u202f\u00bb dans le mode de calcul\u202f: la possibilit\u00e9 d&rsquo;acqu\u00e9rir des cr\u00e9dits carbone internationaux, \u00e0 hauteur de 3\u202f% du total, qui financeraient des projets en dehors de l&rsquo;Europe. Mais cette concession n&rsquo;a pas suffi \u00e0 les convaincre.<\/p>\n<p>La France dans le flou<\/p>\n<p>La France a de son c\u00f4t\u00e9 entretenu le flou, en critiquant la m\u00e9thode de la Commission et en demandant des gages sur la d\u00e9fense du nucl\u00e9aire ou le financement des \u00ab\u202findustries propres\u202f\u00bb. Du point de vue de ses obligations internationales, Paris souligne que l&rsquo;UE doit seulement pr\u00e9senter une trajectoire 2035 \u2014 et non 2040 \u2014 \u00e0 la COP30, et plaide pour s\u00e9parer les deux discussions.<\/p>\n<p>Vendredi dernier, le Haut conseil pour le climat (HCC) avait vivement critiqu\u00e9 la position de la France.\u00a0\u00ab\u202fLa France ne peut pas \u00eatre \u00e0 l&rsquo;origine d&rsquo;un blocage institutionnel sur le climat, et servir les objectifs des climatosceptiques\u202f\u00bb, d\u00e9nonce aussi Neil Makaroff, expert du climat pour le think tank Strategic Perspectives.<\/p>\n<p>Si l&rsquo;objectif climatique 2040 \u00e9tait soumis \u00e0 un vote au niveau des chefs d&rsquo;\u00c9tat et de gouvernement, une unanimit\u00e9 serait n\u00e9cessaire, et tr\u00e8s difficile \u00e0 atteindre. Un vote au niveau des ministres de l&rsquo;environnement ne demande quant \u00e0 lui qu&rsquo;une majorit\u00e9 qualifi\u00e9e.<\/p>\n<p>\u00ab Fin de l&rsquo;euphorie \u00bb<\/p>\n<p>\u00ab\u202fOn rentre vraiment dans le dur, c&rsquo;est la fin de l&rsquo;euphorie du <a href=\"https:\/\/www.latribune.fr\/la-tribune-dimanche\/opinions\/opinion-le-pacte-vert-est-un-bouclier-par-pascal-demurger-dg-du-groupe-maif-copresident-du-mouvement-impact-france-1016785.html\" rel=\"nofollow noopener\" target=\"_blank\">pacte vert<\/a> europ\u00e9en\u202f\u00bb, consid\u00e8re C\u00e9lia Agostini, de CleanTech for France, une coalition de start-up de technologies \u00ab\u202fpropres\u202f\u00bb, faisant r\u00e9f\u00e9rence aux grandes ambitions \u00e9cologiques du pr\u00e9c\u00e9dent mandat.<\/p>\n<p>L&rsquo;Union europ\u00e9enne est confront\u00e9e \u00e0 la mont\u00e9e de l&rsquo;extr\u00eame droite, qui s&rsquo;en prend r\u00e9guli\u00e8rement \u00e0 \u00ab\u202fl&rsquo;\u00e9cologie punitive\u202f\u00bb. Aux Nations unies, on s&rsquo;inqui\u00e8te que l&rsquo;UE perde l&rsquo;effet d&rsquo;entra\u00eenement qu&rsquo;elle avait jusqu&rsquo;ici sur les questions environnementales.\u00a0\u00ab\u202fTout le monde sait parfaitement que nous restons parmi les plus ambitieux en mati\u00e8re d&rsquo;action climatique\u202f\u00bb, r\u00e9pondait le commissaire europ\u00e9en Wopke Hoekstra mardi \u00e0 l&rsquo;AFP.<\/p>\n<p><strong>\u00ab\u202fNous ne voulons pas devenir un souvenir\u202f\u00bb : l&rsquo;alerte\u00a0du ministre de Tuvalu<\/strong><\/p>\n<p>Agir contre le d\u00e9r\u00e8glement climatique est une \u00ab\u202fresponsabilit\u00e9 morale\u202f\u00bb pour les pays les plus riches et les plus polluants, a estim\u00e9 ce vendredi aupr\u00e8s de l&rsquo;AFP le ministre du Climat de Tuvalu. Et ce, alors que cette nation insulaire cherche \u00e0 obtenir la reconnaissance de l&rsquo;ONU pour son patrimoine menac\u00e9 par la mont\u00e9e des eaux.<\/p>\n<p>Situ\u00e9 dans le Pacifique, cet archipel, situ\u00e9 juste au-dessus du niveau de la mer, pourrait devenir inhabitable au cours de ce si\u00e8cle si les \u00e9missions responsables du changement climatique ne sont pas r\u00e9duites.<\/p>\n<p>\u00ab\u202fPour nous, les Tuvaluans, dispara\u00eetre n&rsquo;est pas une option. La r\u00e9silience fait partie int\u00e9grante de notre \u00eatre, elle est inscrite dans notre ADN\u202f\u00bb, a d\u00e9plor\u00e9 ce vendredi \u00e0 l&rsquo;AFP le ministre du Climat, Maina Talia.<\/p>\n","protected":false},"excerpt":{"rendered":"L&rsquo;Europe est-elle en train de perdre son leadership climatique\u202f? Le blocage persiste entre les 27 sur leur objectif&hellip;\n","protected":false},"author":2,"featured_media":385881,"comment_status":"","ping_status":"","sticky":false,"template":"","format":"standard","meta":{"footnotes":""},"categories":[1586],"tags":[17,11,1129,1777,674,1779,1011,27,1861,51841,12,22569,5261,25,3711,3356,51842,1778,364],"class_list":{"0":"post-385880","1":"post","2":"type-post","3":"status-publish","4":"format-standard","5":"has-post-thumbnail","7":"category-europe","8":"tag-17","9":"tag-actualites","10":"tag-climat","11":"tag-eu","12":"tag-europe","13":"tag-european-union","14":"tag-fr","15":"tag-france","16":"tag-lue","17":"tag-narrive","18":"tag-news","19":"tag-objectif","20":"tag-pas","21":"tag-republique-francaise","22":"tag-son","23":"tag-sur","24":"tag-trancher","25":"tag-ue","26":"tag-union-europeenne"},"share_on_mastodon":{"url":"https:\/\/pubeurope.com\/@fr\/115192655012823573","error":""},"_links":{"self":[{"href":"https:\/\/www.europesays.com\/fr\/wp-json\/wp\/v2\/posts\/385880","targetHints":{"allow":["GET"]}}],"collection":[{"href":"https:\/\/www.europesays.com\/fr\/wp-json\/wp\/v2\/posts"}],"about":[{"href":"https:\/\/www.europesays.com\/fr\/wp-json\/wp\/v2\/types\/post"}],"author":[{"embeddable":true,"href":"https:\/\/www.europesays.com\/fr\/wp-json\/wp\/v2\/users\/2"}],"replies":[{"embeddable":true,"href":"https:\/\/www.europesays.com\/fr\/wp-json\/wp\/v2\/comments?post=385880"}],"version-history":[{"count":0,"href":"https:\/\/www.europesays.com\/fr\/wp-json\/wp\/v2\/posts\/385880\/revisions"}],"wp:featuredmedia":[{"embeddable":true,"href":"https:\/\/www.europesays.com\/fr\/wp-json\/wp\/v2\/media\/385881"}],"wp:attachment":[{"href":"https:\/\/www.europesays.com\/fr\/wp-json\/wp\/v2\/media?parent=385880"}],"wp:term":[{"taxonomy":"category","embeddable":true,"href":"https:\/\/www.europesays.com\/fr\/wp-json\/wp\/v2\/categories?post=385880"},{"taxonomy":"post_tag","embeddable":true,"href":"https:\/\/www.europesays.com\/fr\/wp-json\/wp\/v2\/tags?post=385880"}],"curies":[{"name":"wp","href":"https:\/\/api.w.org\/{rel}","templated":true}]}}