{"id":385882,"date":"2025-09-12T18:06:11","date_gmt":"2025-09-12T18:06:11","guid":{"rendered":"https:\/\/www.europesays.com\/fr\/385882\/"},"modified":"2025-09-12T18:06:11","modified_gmt":"2025-09-12T18:06:11","slug":"assassinat-de-charlie-kirk-qui-est-tyler-robinson-lauteur-presume-du-tir","status":"publish","type":"post","link":"https:\/\/www.europesays.com\/fr\/385882\/","title":{"rendered":"Assassinat de Charlie Kirk\u00a0: qui est Tyler Robinson, l\u2019auteur pr\u00e9sum\u00e9 du tir\u00a0?"},"content":{"rendered":"<p>Deux jours apr\u00e8s que l\u2019influenceur d\u2019extr\u00eame droite <a href=\"https:\/\/www.humanite.fr\/monde\/conservateurs\/assassine-par-balles-sur-un-campus-de-lutah-les-recherches-se-poursuivent-ce-que-lon-sait-de-lassassinat-de-linfluenceur-pro-trump-charlie-kirk\" data-type=\"link\" data-id=\"https:\/\/www.humanite.fr\/monde\/conservateurs\/assassine-par-balles-sur-un-campus-de-lutah-les-recherches-se-poursuivent-ce-que-lon-sait-de-lassassinat-de-linfluenceur-pro-trump-charlie-kirk\" target=\"_blank\" rel=\"noopener\">Charlie Kirk<\/a> a \u00e9t\u00e9 tu\u00e9 par balle lors d\u2019une r\u00e9union publique dans une universit\u00e9 de l\u2019Utah (ouest des \u00c9tats-Unis), un homme de 22\u00a0ans, Tyler Robinson, soup\u00e7onn\u00e9 de l\u2019avoir assassin\u00e9, a \u00e9t\u00e9 arr\u00eat\u00e9, a assur\u00e9 Donald Trump, vendredi 12\u00a0septembre. Une information confirm\u00e9e par le gouverneur de l\u2019Utah, Spencer Cox.<\/p>\n<p>\u00ab\u00a0Je pense, avec un haut degr\u00e9 de certitude, que nous l\u2019avons en d\u00e9tention\u00a0\u00bb, a d\u00e9clar\u00e9 le pr\u00e9sident des \u00c9tats-Unis lors d\u2019une interview avec la cha\u00eene de t\u00e9l\u00e9vision Fox News. Donald Trump a ajout\u00e9 que \u00ab\u00a0quelqu\u2019un de tr\u00e8s proche (du tueur) l\u2019a (vait) d\u00e9nonc\u00e9\u00a0\u00bb, expliquant que le p\u00e8re du suspect lui-m\u00eame ainsi qu\u2019un pasteur avaient jou\u00e9 un r\u00f4le dans cette arrestation. \u00ab\u00a0Nous l\u2019avons eu\u00a0\u00bb, a annonc\u00e9 le gouverneur de l\u2019Utah Spencer Cox, <a href=\"https:\/\/www.bbc.com\/news\/live\/c206zm81z4gt#player\" data-type=\"link\" data-id=\"https:\/\/www.bbc.com\/news\/live\/c206zm81z4gt#player\" target=\"_blank\" rel=\"noopener\">lors d\u2019une conf\u00e9rence de presse retransmise sur la cha\u00eene BBC<\/a>, ce vendredi 12\u00a0septembre.<\/p>\n<p>Tyler Robinson aurait \u00e9voqu\u00e9 Charlie Kirk lors d\u2019un repas de famille<\/p>\n<p>Le gouverneur explique que la veille au soir, \u00ab\u00a0un membre de la famille\u00a0\u00bb du suspect a joint un ami, lequel a ensuite contact\u00e9 les autorit\u00e9s pour les informer que \u00ab\u00a0Robinson leur avait avou\u00e9 ou laiss\u00e9 entendre son implication\u00a0\u00bb dans l\u2019assassinat.<\/p>\n<p>Spencer Cox indique que ce membre de la famille du suspect aurait d\u00e9clar\u00e9 aux enqu\u00eateurs que Tyler Robinson \u00e9tait devenu \u00ab\u00a0plus politique\u00a0\u00bb ces derni\u00e8res ann\u00e9es. Le gouverneur explique que cet interlocuteur s\u2019est souvenu d\u2019un incident r\u00e9cent au cours duquel Robinson \u00e9tait venu d\u00eener et avait mentionn\u00e9 que Charlie Kirk venait \u00e0 l\u2019Universit\u00e9 de la vall\u00e9e de l\u2019Utah. Il aurait ensuite parl\u00e9 des raisons pour lesquelles il \u00ab\u00a0ne l\u2019aimait pas\u00a0\u00bb et \u00ab\u00a0n\u2019aimait pas non plus les points de vue qu\u2019il avait\u00a0\u00bb.<\/p>\n<p><strong>Oui, on s\u2019en doute\u00a0: vous en avez assez<\/strong><\/p>\n<p>Voir ces messages d\u2019appel au don, \u00e7a peut \u00eatre p\u00e9nible. Nous le savons. Et on doit bien vous avouer que nous pr\u00e9f\u00e9rerions ne pas avoir \u00e0 les \u00e9crire\u2026<\/p>\n<p>Mais voil\u00e0\u00a0: c\u2019est crucial pour l\u2019Humanit\u00e9. Si ce titre existe toujours aujourd\u2019hui, c\u2019est gr\u00e2ce au financement r\u00e9gulier de nos lectrices et lecteurs.<\/p>\n<ul class=\"wp-block-list\">\n<li>C\u2019est gr\u00e2ce \u00e0 votre soutien que nous pouvons exercer notre m\u00e9tier avec passion. Nous ne d\u00e9pendons ni des int\u00e9r\u00eats d\u2019un propri\u00e9taire milliardaire, ni de pressions politiques : <strong>personne ne nous dicte ce que nous devons dire ou taire<\/strong>.<\/li>\n<\/ul>\n<ul class=\"wp-block-list\">\n<li>Votre engagement nous lib\u00e8re aussi de la course aux clics et \u00e0 l\u2019audience. <strong>Plut\u00f4t que de chercher \u00e0 capter l\u2019attention \u00e0 tout prix, nous choisissons de traiter les sujets que notre r\u00e9daction juge essentiels<\/strong>\u00a0: parce qu\u2019ils m\u00e9ritent d\u2019\u00eatre lus, compris, partag\u00e9s. Parce que nous estimons qu\u2019ils vous seront utiles<\/li>\n<\/ul>\n<p>\u00c0 l\u2019heure actuelle, <strong>moins d\u2019un quart des lectrices et lecteurs<\/strong> qui viennent plus de 3\u00a0fois sur le site par semaine nous aident \u00e0 financer notre travail, par leur abonnement ou par leurs dons. Si vous voulez prot\u00e9ger le journalisme ind\u00e9pendant, <strong>s\u2019il vous pla\u00eet, rejoignez-les<\/strong>.<\/p>\n","protected":false},"excerpt":{"rendered":"Deux jours apr\u00e8s que l\u2019influenceur d\u2019extr\u00eame droite Charlie Kirk a \u00e9t\u00e9 tu\u00e9 par balle lors d\u2019une r\u00e9union publique&hellip;\n","protected":false},"author":2,"featured_media":385883,"comment_status":"","ping_status":"","sticky":false,"template":"","format":"standard","meta":{"footnotes":""},"categories":[2],"tags":[11,75,1011,27,12,25,770],"class_list":{"0":"post-385882","1":"post","2":"type-post","3":"status-publish","4":"format-standard","5":"has-post-thumbnail","7":"category-actualites","8":"tag-actualites","9":"tag-donald-trump","10":"tag-fr","11":"tag-france","12":"tag-news","13":"tag-republique-francaise","14":"tag-u00e9tats-unis"},"share_on_mastodon":{"url":"https:\/\/pubeurope.com\/@fr\/115192658942746262","error":""},"_links":{"self":[{"href":"https:\/\/www.europesays.com\/fr\/wp-json\/wp\/v2\/posts\/385882","targetHints":{"allow":["GET"]}}],"collection":[{"href":"https:\/\/www.europesays.com\/fr\/wp-json\/wp\/v2\/posts"}],"about":[{"href":"https:\/\/www.europesays.com\/fr\/wp-json\/wp\/v2\/types\/post"}],"author":[{"embeddable":true,"href":"https:\/\/www.europesays.com\/fr\/wp-json\/wp\/v2\/users\/2"}],"replies":[{"embeddable":true,"href":"https:\/\/www.europesays.com\/fr\/wp-json\/wp\/v2\/comments?post=385882"}],"version-history":[{"count":0,"href":"https:\/\/www.europesays.com\/fr\/wp-json\/wp\/v2\/posts\/385882\/revisions"}],"wp:featuredmedia":[{"embeddable":true,"href":"https:\/\/www.europesays.com\/fr\/wp-json\/wp\/v2\/media\/385883"}],"wp:attachment":[{"href":"https:\/\/www.europesays.com\/fr\/wp-json\/wp\/v2\/media?parent=385882"}],"wp:term":[{"taxonomy":"category","embeddable":true,"href":"https:\/\/www.europesays.com\/fr\/wp-json\/wp\/v2\/categories?post=385882"},{"taxonomy":"post_tag","embeddable":true,"href":"https:\/\/www.europesays.com\/fr\/wp-json\/wp\/v2\/tags?post=385882"}],"curies":[{"name":"wp","href":"https:\/\/api.w.org\/{rel}","templated":true}]}}