{"id":385886,"date":"2025-09-12T18:08:10","date_gmt":"2025-09-12T18:08:10","guid":{"rendered":"https:\/\/www.europesays.com\/fr\/385886\/"},"modified":"2025-09-12T18:08:10","modified_gmt":"2025-09-12T18:08:10","slug":"corentin-moutet-permet-a-la-france-de-prendre-les-devants","status":"publish","type":"post","link":"https:\/\/www.europesays.com\/fr\/385886\/","title":{"rendered":"Corentin Moutet permet \u00e0 la France de prendre les devants"},"content":{"rendered":"<p>Gr\u00e2ce \u00e0 la victoire de Corentin Moutet face \u00e0 Dino Prizmic (6-4, 5-7, 6-1), l\u2019\u00e9quipe de France m\u00e8ne 1-0 face \u00e0 la Croatie et compte maintenant sur Rinderknech qui d\u00e9fie Cilic ce soir.<\/p>\n<p class=\"fig-paragraph\">L\u2019\u00e9quipe de France r\u00e9ussi son entr\u00e9e en lice. Pour sa premi\u00e8re s\u00e9lection avec les Bleus en Coupe Davis, ce vendredi \u00e0 Osijek (Croatie),\u00a0<a href=\"http:\/\/www.lefigaro.fr\/sports\/tennis\/coupe-davis\/coupe-davis-moutet-aligne-en-simple-pour-sa-premiere-face-a-la-croatie-rinderknech-l-accompagne-20250911\" target=\"_blank\" data-fig-type=\"NewsFlash\" rel=\"sponsored noopener\" data-gtm-custom-categorie=\"navigation\" data-gtm-custom-action=\"crossclick\" data-gtm-custom-label=\"Contextuel\" data-gtm-event=\"customEventSPE\" data-fig-domain=\"LEFIGARO\">Corentin Moutet<\/a>\u00a0(39e) s\u2019est impos\u00e9 contre le 119e mondial Dino Prizmic en trois sets (6-4, 5-7, 6-1) dans une bataille de plus de trois heures de jeu.<\/p>\n<p class=\"fig-paragraph\">Apr\u00e8s un d\u00e9but de rencontre tr\u00e8s accroch\u00e9 (4-4), Moutet a r\u00e9ussi \u00e0 breaker pour ensuite empocher la premi\u00e8re manche 6-4 gr\u00e2ce \u00e0 un service sur le T. \u00c0 3-3 dans la deuxi\u00e8me manche, le Parisien a eu trois balles de break, mais Prizmic les a toutes \u00e9cart\u00e9es. Puis \u00e0 5-4 pour le Croate, c\u2019est le Fran\u00e7ais qui a d\u00fb sauver cinq balles de set pour finalement recoller \u00e0 5-5 gr\u00e2ce \u00e0 un superbe coup droit le long de la ligne.<\/p>\n<p>                                    <a class=\"fig-a11y-skip a11y-hidden\" href=\"#fig-a11y-skip-main-inarticle\"><br \/>\n        Passer la publicit\u00e9<br \/>\n    <\/a><\/p>\n<p class=\"fig-paragraph\">Dans une fin de manche irrespirable, Moutet a encore effac\u00e9 deux balles de set, mais la huiti\u00e8me lui a \u00e9t\u00e9 fatale permettant \u00e0 Prizmic d\u2019\u00e9galiser \u00e0 une manche partout (7-5). Le Parisien s\u2019est repris dans le troisi\u00e8me set gr\u00e2ce \u00e0 un double break d\u2019entr\u00e9e, avant de d\u00e9rouler en profitant des nombreuses fautes du Croate pour conclure 6-1. Ce succ\u00e8s permet aux Fran\u00e7ais de mener 1-0 dans leur confrontation face aux Croates qui \u00e9voluent \u00e0 domicile et sur leur surface favorite (terre battue indoor).<\/p>\n<p class=\"fig-paragraph\"><a href=\"http:\/\/www.lefigaro.fr\/sports\/tennis\/us-open\/us-open-rinderknech-sorti-par-alcaraz-plus-de-francais-a-new-york-20250831\" target=\"_blank\" data-fig-type=\"NewsFlash\" rel=\"nofollow noopener\" data-gtm-custom-categorie=\"navigation\" data-gtm-custom-action=\"crossclick\" data-gtm-custom-label=\"Contextuel\" data-gtm-event=\"customEventSPE\" data-fig-domain=\"LEFIGARO\">Arthur Rinderknech<\/a>\u00a0(57e) tentera d\u2019imiter son co\u00e9quipier dans la soir\u00e9e (20h10) face \u00e0 l\u2019exp\u00e9riment\u00e9 Marin Cilic (60e), 36 ans, vainqueur de l\u2019\u00e9preuve en 2018, d\u00e9j\u00e0 face \u00e0 la France.<\/p>\n","protected":false},"excerpt":{"rendered":"Gr\u00e2ce \u00e0 la victoire de Corentin Moutet face \u00e0 Dino Prizmic (6-4, 5-7, 6-1), l\u2019\u00e9quipe de France m\u00e8ne&hellip;\n","protected":false},"author":2,"featured_media":385887,"comment_status":"","ping_status":"","sticky":false,"template":"","format":"standard","meta":{"footnotes":""},"categories":[4],"tags":[11,16961,1011,27,12,25],"class_list":{"0":"post-385886","1":"post","2":"type-post","3":"status-publish","4":"format-standard","5":"has-post-thumbnail","7":"category-france","8":"tag-actualites","9":"tag-corentin-moutet","10":"tag-fr","11":"tag-france","12":"tag-news","13":"tag-republique-francaise"},"share_on_mastodon":{"url":"https:\/\/pubeurope.com\/@fr\/115192666815065058","error":""},"_links":{"self":[{"href":"https:\/\/www.europesays.com\/fr\/wp-json\/wp\/v2\/posts\/385886","targetHints":{"allow":["GET"]}}],"collection":[{"href":"https:\/\/www.europesays.com\/fr\/wp-json\/wp\/v2\/posts"}],"about":[{"href":"https:\/\/www.europesays.com\/fr\/wp-json\/wp\/v2\/types\/post"}],"author":[{"embeddable":true,"href":"https:\/\/www.europesays.com\/fr\/wp-json\/wp\/v2\/users\/2"}],"replies":[{"embeddable":true,"href":"https:\/\/www.europesays.com\/fr\/wp-json\/wp\/v2\/comments?post=385886"}],"version-history":[{"count":0,"href":"https:\/\/www.europesays.com\/fr\/wp-json\/wp\/v2\/posts\/385886\/revisions"}],"wp:featuredmedia":[{"embeddable":true,"href":"https:\/\/www.europesays.com\/fr\/wp-json\/wp\/v2\/media\/385887"}],"wp:attachment":[{"href":"https:\/\/www.europesays.com\/fr\/wp-json\/wp\/v2\/media?parent=385886"}],"wp:term":[{"taxonomy":"category","embeddable":true,"href":"https:\/\/www.europesays.com\/fr\/wp-json\/wp\/v2\/categories?post=385886"},{"taxonomy":"post_tag","embeddable":true,"href":"https:\/\/www.europesays.com\/fr\/wp-json\/wp\/v2\/tags?post=385886"}],"curies":[{"name":"wp","href":"https:\/\/api.w.org\/{rel}","templated":true}]}}