{"id":385900,"date":"2025-09-12T18:18:10","date_gmt":"2025-09-12T18:18:10","guid":{"rendered":"https:\/\/www.europesays.com\/fr\/385900\/"},"modified":"2025-09-12T18:18:10","modified_gmt":"2025-09-12T18:18:10","slug":"mask-singer-elodie-poux-remplacee-apres-une-seule-saison-a-lecran-la-production-sexplique-enfin","status":"publish","type":"post","link":"https:\/\/www.europesays.com\/fr\/385900\/","title":{"rendered":"Mask Singer : Elodie Poux remplac\u00e9e apr\u00e8s une seule saison \u00e0 l\u2019\u00e9cran, la production s\u2019explique enfin"},"content":{"rendered":"<p>      R\u00e9sum\u00e9<\/p>\n<p>\u00c9lodie Poux quitte le jury de Mask Singer apr\u00e8s une saison pour prendre une pause, remplac\u00e9e par Micha\u00ebl Youn qui rejoint l&rsquo;\u00e9quipe pour la saison 8.<\/p>\n<p>        Sommaire<\/p>\n<p>Clap de fin (temporaire ?) pour \u00c9lodie Poux dans le jury de Mask Singer. Recrut\u00e9e pour apporter sa touche d\u2019humour et son regard aff\u00fbt\u00e9 sur les performances costum\u00e9es de la saison 7, <strong><a href=\"https:\/\/www.public.fr\/mask-singer-tf1-lidentite-dun-candidat-deja-devoilee-un-youtubeur-connu\" target=\"_blank\" rel=\"noopener\">l\u2019humoriste ne rempilera pas pour la saison 8<\/a><\/strong> du show musical d\u00e9jant\u00e9 de TF1.<\/p>\n<p>Une absence qui a surpris les fans, d\u2019autant que sa complicit\u00e9 avec Kev Adams et son franc-parler avaient rapidement trouv\u00e9 leur place dans le c\u0153ur du public. Mais alors, pourquoi ce changement si soudain ? La production <strong>sort du silence<\/strong> et donne enfin les raisons de ce remplacement.<\/p>\n<p><strong>\u00c9lodie Poux \u00e9vinc\u00e9e apr\u00e8s une saison ? <\/strong><\/p>\n<p>La nouvelle est tomb\u00e9e \u00e0 quelques semaines du lancement de la saison 8 : <strong>\u00c9lodie Poux ne fera pas partie de l\u2019aventure cette ann\u00e9e<\/strong>. Interrog\u00e9 en conf\u00e9rence de presse, <strong>Anthony Meunier<\/strong>, producteur de l\u2019\u00e9mission, a expliqu\u00e9 avec bienveillance ce d\u00e9part inattendu :<\/p>\n<blockquote class=\"wp-block-quote is-layout-flow wp-block-quote-is-layout-flow\">\n<p>\u00ab\u00a0L\u2019ann\u00e9e a \u00e9t\u00e9 longue. \u00c9lodie nous a confi\u00e9 son besoin de souffler cet \u00e9t\u00e9\u00a0\u00bb, a-t-il confi\u00e9.<br \/>\u00ab\u00a0Mais nous sommes en tr\u00e8s bons termes avec elle.\u00a0\u00bb peut-on lire dans les colonnes de Purem\u00e9dias. <\/p>\n<\/blockquote>\n<p>Une d\u00e9claration qui met fin aux rumeurs de m\u00e9sentente ou de tensions en coulisses. L\u2019humoriste, tr\u00e8s demand\u00e9e sur sc\u00e8ne comme \u00e0 l\u2019\u00e9cran, aurait simplement eu besoin d\u2019une vraie pause apr\u00e8s une ann\u00e9e sur les chapeaux de roue. Et avec un tournage de Mask Singer organis\u00e9 en \u00e0 peine deux mois, difficile de caler cet engagement intense dans un agenda d\u00e9j\u00e0 bien charg\u00e9.<\/p>\n<p><strong>Micha\u00ebl Youn d\u00e9barque dans le jury : un choix qui fait l\u2019unanimit\u00e9 en coulisses<\/strong><\/p>\n<p>Pour remplacer \u00c9lodie Poux, <strong>la production n\u2019a pas laiss\u00e9 de place au hasard<\/strong>. C\u2019est <strong>Micha\u00ebl Youn<\/strong> qui a \u00e9t\u00e9 choisi pour int\u00e9grer le quatuor d\u2019enqu\u00eateurs cette saison. Un <strong>retour tr\u00e8s attendu sur le petit \u00e9cran<\/strong> pour l\u2019artiste \u00e0 l\u2019\u00e9nergie d\u00e9bordante, qu\u2019on n\u2019avait pas vu dans un tel r\u00f4le depuis un moment.<\/p>\n<p>Et visiblement, le choix a \u00e9t\u00e9 m\u00fbrement r\u00e9fl\u00e9chi : \u00ab\u00a0L\u2019id\u00e9e nous trottait dans la t\u00eate depuis un moment\u00a0\u00bb, explique la production. \u00ab\u00a0Et puis lui et Kev Adams s\u2019entendent tr\u00e8s bien. Il \u00e9tait disponible aux dates des enregistrements. Alors, les plan\u00e8tes \u00e9taient parfaitement align\u00e9es.\u00a0\u00bb. <\/p>\n<p>Avec <strong>Micha\u00ebl Youn<\/strong> qui rejoint <strong>Kev Adams<\/strong>, <strong>Chantal Ladesou<\/strong> et <a href=\"https:\/\/www.public.fr\/tag\/laurent-ruquier\" target=\"_blank\" rel=\"noopener\"><strong>Laurent Ruquier<\/strong>,<\/a> la saison 8 promet d\u2019\u00eatre particuli\u00e8rement rythm\u00e9e c\u00f4t\u00e9 humour et bonne humeur. <\/p>\n<p>      Mentionn\u00e9s dans cet article<\/p>\n<p>      Sur le m\u00eame sujet<\/p>\n","protected":false},"excerpt":{"rendered":"R\u00e9sum\u00e9 \u00c9lodie Poux quitte le jury de Mask Singer apr\u00e8s une saison pour prendre une pause, remplac\u00e9e par&hellip;\n","protected":false},"author":2,"featured_media":385901,"comment_status":"","ping_status":"","sticky":false,"template":"","format":"standard","meta":{"footnotes":""},"categories":[1359],"tags":[58,59,1011,27,20497,5983,973,199],"class_list":{"0":"post-385900","1":"post","2":"type-post","3":"status-publish","4":"format-standard","5":"has-post-thumbnail","7":"category-people","8":"tag-divertissement","9":"tag-entertainment","10":"tag-fr","11":"tag-france","12":"tag-jury","13":"tag-mask-singer","14":"tag-people","15":"tag-tf1"},"share_on_mastodon":{"url":"https:\/\/pubeurope.com\/@fr\/115192706212144216","error":""},"_links":{"self":[{"href":"https:\/\/www.europesays.com\/fr\/wp-json\/wp\/v2\/posts\/385900","targetHints":{"allow":["GET"]}}],"collection":[{"href":"https:\/\/www.europesays.com\/fr\/wp-json\/wp\/v2\/posts"}],"about":[{"href":"https:\/\/www.europesays.com\/fr\/wp-json\/wp\/v2\/types\/post"}],"author":[{"embeddable":true,"href":"https:\/\/www.europesays.com\/fr\/wp-json\/wp\/v2\/users\/2"}],"replies":[{"embeddable":true,"href":"https:\/\/www.europesays.com\/fr\/wp-json\/wp\/v2\/comments?post=385900"}],"version-history":[{"count":0,"href":"https:\/\/www.europesays.com\/fr\/wp-json\/wp\/v2\/posts\/385900\/revisions"}],"wp:featuredmedia":[{"embeddable":true,"href":"https:\/\/www.europesays.com\/fr\/wp-json\/wp\/v2\/media\/385901"}],"wp:attachment":[{"href":"https:\/\/www.europesays.com\/fr\/wp-json\/wp\/v2\/media?parent=385900"}],"wp:term":[{"taxonomy":"category","embeddable":true,"href":"https:\/\/www.europesays.com\/fr\/wp-json\/wp\/v2\/categories?post=385900"},{"taxonomy":"post_tag","embeddable":true,"href":"https:\/\/www.europesays.com\/fr\/wp-json\/wp\/v2\/tags?post=385900"}],"curies":[{"name":"wp","href":"https:\/\/api.w.org\/{rel}","templated":true}]}}