{"id":385902,"date":"2025-09-12T18:19:14","date_gmt":"2025-09-12T18:19:14","guid":{"rendered":"https:\/\/www.europesays.com\/fr\/385902\/"},"modified":"2025-09-12T18:19:14","modified_gmt":"2025-09-12T18:19:14","slug":"le-photographe-alain-laboile-sublime-linsouciance-de-lenfance-au-festival-barrobjectif","status":"publish","type":"post","link":"https:\/\/www.europesays.com\/fr\/385902\/","title":{"rendered":"Le photographe Alain Laboile sublime l\u2019insouciance de l\u2019enfance au festival Barrobjectif"},"content":{"rendered":"<p>        <img decoding=\"async\" id=\"25718392\" src=\"https:\/\/www.europesays.com\/fr\/wp-content\/uploads\/2025\/09\/laboile-alain-comm3.jpg\" alt=\"Les photos d\u2019Alain Laboile raconte le quotidien d\u2019une famille qui grandit loin des contraintes sociales normatives.\" itemprop=\"contentURL\"\/><\/p>\n<p>    Les photos d\u2019Alain Laboile raconte le quotidien d\u2019une famille qui grandit loin des contraintes sociales normatives.<\/p>\n<p>Alain Laboile<\/p>\n<p>Ses magnifiques photos noir et blanc sont une ode \u00e0 la libert\u00e9 et \u00e0 l\u2019insouciance de l\u2019enfance. C\u2019est une exposition rafra\u00eechissante que le festival <a href=\"https:\/\/barrobjectif.com\/\" target=\"_blank\" rel=\"nofollow noopener\">Barrobjectif<\/a> propose du 13 au 21\u00a0septembre dans la grande prairie de Barro en mettant \u00e0 l\u2019honneur le photographe fran\u00e7ais <a href=\"https:\/\/laboile.com\/\" target=\"_blank\" rel=\"nofollow noopener\">Alain Laboile<\/a>. Devenu photographe par hasard, il a tir\u00e9 le portrait de sa famille&#8230;<\/p>\n<p>        <img decoding=\"async\" id=\"25718392\" src=\"https:\/\/www.europesays.com\/fr\/wp-content\/uploads\/2025\/09\/laboile-alain-comm3.jpg\" alt=\"Les photos d\u2019Alain Laboile raconte le quotidien d\u2019une famille qui grandit loin des contraintes sociales normatives.\" itemprop=\"contentURL\"\/><\/p>\n<p>    Les photos d\u2019Alain Laboile raconte le quotidien d\u2019une famille qui grandit loin des contraintes sociales normatives.<\/p>\n<p>Alain Laboile<\/p>\n<p>Ses magnifiques photos noir et blanc sont une ode \u00e0 la libert\u00e9 et \u00e0 l\u2019insouciance de l\u2019enfance. C\u2019est une exposition rafra\u00eechissante que le festival <a href=\"https:\/\/barrobjectif.com\/\" target=\"_blank\" rel=\"nofollow noopener\">Barrobjectif<\/a> propose du 13 au 21\u00a0septembre dans la grande prairie de Barro en mettant \u00e0 l\u2019honneur le photographe fran\u00e7ais <a href=\"https:\/\/laboile.com\/\" target=\"_blank\" rel=\"nofollow noopener\">Alain Laboile<\/a>. Devenu photographe par hasard, il a tir\u00e9 le portrait de sa famille dont ses six enfants pendant pr\u00e8s de vingt ans en Gironde, accouchant d\u2019une \u0153uvre intemporelle et universelle, reconnue internationalement. 40 photos grand format issues de la s\u00e9rie \u00ab\u00a0La famille\u00a0\u00bb sont \u00e0 d\u00e9couvrir.<\/p>\n<p>        <img decoding=\"async\" id=\"25718393\" src=\"https:\/\/www.europesays.com\/fr\/wp-content\/uploads\/2025\/09\/barrobjectif-alain-boile-3.jpg\" alt=\"Les images d\u2019Alain Laboile sont une ode \u00e0 l\u2019insouciance et la libert\u00e9.\" itemprop=\"contentURL\"\/><\/p>\n<p>    Les images d\u2019Alain Laboile sont une ode \u00e0 l\u2019insouciance et la libert\u00e9.<\/p>\n<p>Alain Laboile<\/p>\n<blockquote><p>\u201cPour mes enfants, qui m\u2019ont toujours vu avec un appareil photo, j\u2019\u00e9tais invisible.\u201d<\/p><\/blockquote>\n<p class=\"interview-question\">Vous chroniquez en images le quotidien de vos six enfants, entre insouciance et exploration de la nature. Quel a \u00e9t\u00e9 le d\u00e9clencheur de cette s\u00e9rie tr\u00e8s intime\u00a0?<\/p>\n<p class=\"interview-answer\"><strong>Alain Laboile. <\/strong>Quand j\u2019ai lev\u00e9 mon appareil photo vers mes enfants en 2009-2010, je l\u2019ai fait sans id\u00e9e pr\u00e9con\u00e7ue, sans d\u00e9marche particuli\u00e8re. J\u2019ai partag\u00e9 mes premi\u00e8res images sur les r\u00e9seaux sociaux comme Facebook, au moment o\u00f9 ils \u00e9taient en train d\u2019exploser et ai re\u00e7u tr\u00e8s vite des retours tr\u00e8s positifs, avec des t\u00e9moignages poignants de gens \u00e0 qui elles rappelaient leur enfance, ou d\u2019autres qui auraient aim\u00e9 avoir cette vie de famille. Ce sont plut\u00f4t ces retours, mondiaux, qui ont construit ma d\u00e9marche photographique<a href=\"https:\/\/archive.nytimes.com\/lens.blogs.nytimes.com\/2012\/12\/27\/capturing-a-childhood-idyll-in-france\/\" target=\"_blank\" rel=\"nofollow noopener\">. Un article du \u00ab\u00a0New York Times\u00a0\u00bb<\/a> a aussi mis un grand coup d\u2019acc\u00e9l\u00e9rateur, ouvrant la porte \u00e0 des expositions un peu partout. Des magazines sociologiques s\u2019y sont aussi int\u00e9ress\u00e9s\u00a0: le noir et blanc a cette facult\u00e9 de rendre les sujets intemporels et universels.<\/p>\n<p class=\"interview-question\">Vos enfants grandissent loin des contraintes sociales habituelles et loin des \u00e9crans qui ont remplac\u00e9 la nature comme terrain de jeu. Est-ce une fa\u00e7on aussi de questionner nos modes de vie consum\u00e9ristes\u00a0?<\/p>\n<p class=\"interview-answer\">\u00c7a s\u2019est impos\u00e9 comme un constat, m\u00eame si \u00e7a n\u2019a pas \u00e9t\u00e9 r\u00e9fl\u00e9chi au d\u00e9part. Quand on est parents de six enfants, c\u2019est de l\u2019impro. On a toujours v\u00e9cu au milieu de nos enfants qui ont grandi dans une grande libert\u00e9, dans un cadre beaucoup plus large que la plupart des enfants. On a fait l\u2019\u00e9cole \u00e0 la maison, sans les contraintes horaires habituelles, suivant nos valeurs, comme la proximit\u00e9 avec la nature. L\u2019eau est par exemple omnipr\u00e9sente, jusqu\u2019\u00e0 entrer dans notre maison, au bord d\u2019un ruisseau. Ces images t\u00e9moignent d\u2019une vie au c\u0153ur de notre environnement, o\u00f9 l\u2019on ressent beaucoup plus par exemple les saisons qu\u2019en ville.<\/p>\n<p class=\"interview-question\">Vous \u00eates sculpteur \u00e0 l\u2019origine. Comment la photographie est-elle entr\u00e9e dans votre vie\u00a0?<\/p>\n<p class=\"interview-answer\">Par hasard. J\u2019ai achet\u00e9 mon premier appareil photo pour constituer un book de mes sculptures. J\u2019\u00e9tais passionn\u00e9 d\u2019entomologie et ai d\u00e9couvert la position macro qui m\u2019a permis de photographier les insectes. J\u2019ai commenc\u00e9 \u00e0 partager ces images sur les forums photos, profitant des conseils de photographes surtout amateurs\u2026 C\u2019est comme \u00e7a que j\u2019ai appris, en autodidacte. J\u2019ai rapidement gagn\u00e9 des concours, m\u00eame un safari-photo au Kenya. C\u2019est all\u00e9 assez vite, sans pour autant faire bouillir la marmite. J\u2019\u00e9tais en train de me reconcentrer sur mon activit\u00e9 de sculpteur quand mes photos de la famille ont suscit\u00e9 de l\u2019int\u00e9r\u00eat.<\/p>\n<p class=\"interview-question\">Vos photos sont prises sur le vif, sans mise en sc\u00e8ne. Vos enfants se sont-ils toujours pr\u00eat\u00e9s au jeu\u00a0?<\/p>\n<p class=\"interview-answer\">Mes enfants, ma famille enti\u00e8re ont \u00e9t\u00e9 embarqu\u00e9s d\u00e8s le d\u00e9but dans cette histoire photographique, sans jamais que j\u2019intervienne pour interrompre leurs jeux. Je suis toujours rest\u00e9 spectateur, saisissant au vol l\u2019instant pr\u00e9sent. Pour mes enfants, qui m\u2019ont toujours vu avec un appareil photo, j\u2019\u00e9tais invisible.<\/p>\n<p class=\"interview-question\">Continuez-vous encore ce travail aujourd\u2019hui que vos enfants ont grandi\u00a0?<\/p>\n<p class=\"interview-answer\">La derni\u00e8re a\u00a017 ans, l\u2019a\u00een\u00e9e a\u00a030 ans. Les deux derni\u00e8res ont forc\u00e9ment figur\u00e9 plus longtemps sur les photos mais j\u2019ai d\u00e9marr\u00e9 ce travail il y a pr\u00e8s de vingt ans. Je consid\u00e8re cet album-l\u00e0 un peu boucl\u00e9. Je suis retourn\u00e9 \u00e0 la sculpture, m\u00eame si je poursuis la photographie dans mon nouvel environnement du Lot.<\/p>\n<p class=\"interview-question\">Vous y avez ouvert cet \u00e9t\u00e9 un parc artistique, o\u00f9 vos sculptures dialoguent avec vos photos. Est-ce important pour vous d\u2019exposer dans la nature, comme dans la prairie de Barro\u00a0?<\/p>\n<p>    La r\u00e9daction vous conseille<\/p>\n<p class=\"interview-answer\">C\u2019est le summum\u00a0! Pour moi, les meilleures expos sont hors les murs, quand les gens peuvent d\u00e9ambuler au milieu du vert, mieux ressentir les choses et s\u2019isoler davantage devant une photo.<\/p>\n<p>        <img decoding=\"async\" id=\"25718422\" src=\"https:\/\/www.europesays.com\/fr\/wp-content\/uploads\/2025\/09\/1757701154_905_virginie-seiller.jpg\" alt=\"La vie quotidienne de Laurence et Sylvain, dans leur univers vintage, un retour dans l\u2019ambiance color\u00e9e et rock\u2019n\u2019roll des ann\u00e9es 50.\" itemprop=\"contentURL\"\/><\/p>\n<p>    La vie quotidienne de Laurence et Sylvain, dans leur univers vintage, un retour dans l\u2019ambiance color\u00e9e et rock\u2019n\u2019roll des ann\u00e9es 50.<\/p>\n<p>Virginie Seiller<\/p>\n<p>    26 photographes, 540 photos \u00e0 d\u00e9couvrir \u00e0 Barro<br \/>\nHomosexuels sous pression et r\u00e9pression en Chine avec <a href=\"https:\/\/www.instagram.com\/francois.silvestre.desacy\/\" target=\"_blank\" rel=\"nofollow noopener\">Fran\u00e7ois Silvestre de Sacy<\/a>, solidarit\u00e9s et r\u00e9sistances en Ukraine avec <a href=\"https:\/\/jeromebarbosa.com\/fr\/accueil\" target=\"_blank\" rel=\"nofollow noopener\">J\u00e9r\u00f4me Barbosa<\/a>, travail des d\u00e9mineurs en Angola avec<a href=\"https:\/\/www.instagram.com\/cassandre_nativel\/\" target=\"_blank\" rel=\"nofollow noopener\"> Cassandre Nativel<\/a> ou encore malades psychiatriques mis \u00e0 l\u2019\u00e9cart en Inde avec <a href=\"https:\/\/www.instagram.com\/mr.dallant\/\" target=\"_blank\" rel=\"nofollow noopener\">Victor d\u2019Allant<\/a>\u2026 La r\u00e9alit\u00e9 douloureuse du monde c\u00f4toiera des sujets beaucoup plus l\u00e9gers pour la 24e \u00e9dition du festival de photoreportage Barrobjectif \u00e0 Barro (1). \u00c0 l\u2019image de \u00ab\u00a0Be bop days\u00a0\u00bb, de <a href=\"https:\/\/www.virginieseiller.com\/\" target=\"_blank\" rel=\"nofollow noopener\">Virginie Seille<\/a>r, qui capte le quotidien d\u00e9coiffant d\u2019un couple vivant dans un cocon rock\u2019n\u2019roll vintage, ou encore l\u2019univers de la boxe photographi\u00e9 par <a href=\"https:\/\/www.facebook.com\/giuseppe.cardoni.1272\/\" target=\"_blank\" rel=\"nofollow noopener\">Giuseppe Cardoni<\/a>. \u00ab\u00a0Des th\u00e8mes qui restent tr\u00e8s diversifi\u00e9s\u00a0\u00bb, note Christian Beloteau, vice-pr\u00e9sident du festival, marqu\u00e9 par le reportage d<a href=\"https:\/\/www.erwanfloch.fr\/\" target=\"_blank\" rel=\"nofollow noopener\">\u2019Erwan Floc\u2019h<\/a> \u00ab\u00a0sur un couple \u00e2g\u00e9 vivant en autarcie en Bretagne, comme dans les ann\u00e9es 1950\u00a0\u00bb.<br \/>Le programme d\u00e9taill\u00e9 du festival, vendu 1\u20ac, permettra aux visiteurs de voter pour le prix du public 2025 et d\u2019\u00eatre tir\u00e9 au sort pour gagner un tirage de la s\u00e9rie \u00ab\u00a0Le gentil g\u00e9ant rouge\u00a0\u00bb, d\u2019<a href=\"https:\/\/www.charentelibre.fr\/charente\/barro\/angela-poggioni-decroche-le-prix-du-public-de-barrobjectif-2024-21520259.php\" rel=\"nofollow noopener\" target=\"_blank\">Angela Poggion<\/a>i, laur\u00e9ate 2024 du prix du public.<br \/>(1) Festival Barrobjectif, du samedi 13\u00a0septembre \u00e0 14h au dimanche 21\u00a0septembre \u00e0 19h dans les rues de Barro. Buvette et restauration sur place. Entr\u00e9e libre. Programme d\u00e9taill\u00e9 sur le site <a href=\"https:\/\/barrobjectif.com\/\" target=\"_blank\" rel=\"nofollow noopener\">barrobjectif.com<\/a><br \/>\n    <script async src=\"\/\/www.instagram.com\/embed.js\"><\/script><\/p>\n","protected":false},"excerpt":{"rendered":"Les photos d\u2019Alain Laboile raconte le quotidien d\u2019une famille qui grandit loin des contraintes sociales normatives. Alain Laboile&hellip;\n","protected":false},"author":2,"featured_media":385903,"comment_status":"","ping_status":"","sticky":false,"template":"","format":"standard","meta":{"footnotes":""},"categories":[1358],"tags":[1348,1384,1385,1386,58,59,1011,27],"class_list":{"0":"post-385902","1":"post","2":"type-post","3":"status-publish","4":"format-standard","5":"has-post-thumbnail","7":"category-arts-et-design","8":"tag-arts","9":"tag-arts-and-design","10":"tag-arts-et-design","11":"tag-design","12":"tag-divertissement","13":"tag-entertainment","14":"tag-fr","15":"tag-france"},"share_on_mastodon":{"url":"https:\/\/pubeurope.com\/@fr\/115192710757672655","error":""},"_links":{"self":[{"href":"https:\/\/www.europesays.com\/fr\/wp-json\/wp\/v2\/posts\/385902","targetHints":{"allow":["GET"]}}],"collection":[{"href":"https:\/\/www.europesays.com\/fr\/wp-json\/wp\/v2\/posts"}],"about":[{"href":"https:\/\/www.europesays.com\/fr\/wp-json\/wp\/v2\/types\/post"}],"author":[{"embeddable":true,"href":"https:\/\/www.europesays.com\/fr\/wp-json\/wp\/v2\/users\/2"}],"replies":[{"embeddable":true,"href":"https:\/\/www.europesays.com\/fr\/wp-json\/wp\/v2\/comments?post=385902"}],"version-history":[{"count":0,"href":"https:\/\/www.europesays.com\/fr\/wp-json\/wp\/v2\/posts\/385902\/revisions"}],"wp:featuredmedia":[{"embeddable":true,"href":"https:\/\/www.europesays.com\/fr\/wp-json\/wp\/v2\/media\/385903"}],"wp:attachment":[{"href":"https:\/\/www.europesays.com\/fr\/wp-json\/wp\/v2\/media?parent=385902"}],"wp:term":[{"taxonomy":"category","embeddable":true,"href":"https:\/\/www.europesays.com\/fr\/wp-json\/wp\/v2\/categories?post=385902"},{"taxonomy":"post_tag","embeddable":true,"href":"https:\/\/www.europesays.com\/fr\/wp-json\/wp\/v2\/tags?post=385902"}],"curies":[{"name":"wp","href":"https:\/\/api.w.org\/{rel}","templated":true}]}}