{"id":385904,"date":"2025-09-12T18:20:11","date_gmt":"2025-09-12T18:20:11","guid":{"rendered":"https:\/\/www.europesays.com\/fr\/385904\/"},"modified":"2025-09-12T18:20:11","modified_gmt":"2025-09-12T18:20:11","slug":"la-bibliotheque-fete-ses-quinze-ans-dexistence","status":"publish","type":"post","link":"https:\/\/www.europesays.com\/fr\/385904\/","title":{"rendered":"la biblioth\u00e8que f\u00eate ses quinze ans d\u2019existence"},"content":{"rendered":"<p>Alors que la biblioth\u00e8que de Manthelan c\u00e9l\u00e8bre en 2025 ses quinze ann\u00e9es d\u2019existence, quatre nouvelles b\u00e9n\u00e9voles viennent de rejoindre l\u2019\u00e9quipe\u00a0de l\u2019association Les Amis du livre\u00a0: Florence, Nicole, Catherine et Anne-Marie. La biblioth\u00e8que abrite une quantit\u00e9 incroyable de romans pour adultes, des livres pour enfants, avec un renouvellement mensuel pour avoir toujours plus \u00e0 proposer \u00e0 la cinquantaine d\u2019adh\u00e9rents.<\/p>\n<p>Durant l\u2019ann\u00e9e, \u00c9dith Tartarin, pr\u00e9sidente depuis sept ans, et les membres de son \u00e9quipe re\u00e7oivent les petits de la microcr\u00e8che, les enfants de l\u2019\u00e9cole une fois par mois et le centre a\u00e9r\u00e9.<\/p>\n<p>Tarifs \u00e0 l\u2019ann\u00e9e\u00a0: 4\u00a0\u20ac par enfant\u00a0; 10\u00a0\u20ac par adulte\u00a0; 14\u00a0\u20ac pour les familles.<\/p>\n","protected":false},"excerpt":{"rendered":"Alors que la biblioth\u00e8que de Manthelan c\u00e9l\u00e8bre en 2025 ses quinze ann\u00e9es d\u2019existence, quatre nouvelles b\u00e9n\u00e9voles viennent de&hellip;\n","protected":false},"author":2,"featured_media":385905,"comment_status":"","ping_status":"","sticky":false,"template":"","format":"standard","meta":{"footnotes":""},"categories":[1357],"tags":[1379,1674,58,59,1011,27,1380,51843],"class_list":{"0":"post-385904","1":"post","2":"type-post","3":"status-publish","4":"format-standard","5":"has-post-thumbnail","7":"category-livres","8":"tag-books","9":"tag-communes","10":"tag-divertissement","11":"tag-entertainment","12":"tag-fr","13":"tag-france","14":"tag-livres","15":"tag-manthelan"},"share_on_mastodon":{"url":"https:\/\/pubeurope.com\/@fr\/115192714071342661","error":""},"_links":{"self":[{"href":"https:\/\/www.europesays.com\/fr\/wp-json\/wp\/v2\/posts\/385904","targetHints":{"allow":["GET"]}}],"collection":[{"href":"https:\/\/www.europesays.com\/fr\/wp-json\/wp\/v2\/posts"}],"about":[{"href":"https:\/\/www.europesays.com\/fr\/wp-json\/wp\/v2\/types\/post"}],"author":[{"embeddable":true,"href":"https:\/\/www.europesays.com\/fr\/wp-json\/wp\/v2\/users\/2"}],"replies":[{"embeddable":true,"href":"https:\/\/www.europesays.com\/fr\/wp-json\/wp\/v2\/comments?post=385904"}],"version-history":[{"count":0,"href":"https:\/\/www.europesays.com\/fr\/wp-json\/wp\/v2\/posts\/385904\/revisions"}],"wp:featuredmedia":[{"embeddable":true,"href":"https:\/\/www.europesays.com\/fr\/wp-json\/wp\/v2\/media\/385905"}],"wp:attachment":[{"href":"https:\/\/www.europesays.com\/fr\/wp-json\/wp\/v2\/media?parent=385904"}],"wp:term":[{"taxonomy":"category","embeddable":true,"href":"https:\/\/www.europesays.com\/fr\/wp-json\/wp\/v2\/categories?post=385904"},{"taxonomy":"post_tag","embeddable":true,"href":"https:\/\/www.europesays.com\/fr\/wp-json\/wp\/v2\/tags?post=385904"}],"curies":[{"name":"wp","href":"https:\/\/api.w.org\/{rel}","templated":true}]}}