{"id":385912,"date":"2025-09-12T18:24:21","date_gmt":"2025-09-12T18:24:21","guid":{"rendered":"https:\/\/www.europesays.com\/fr\/385912\/"},"modified":"2025-09-12T18:24:21","modified_gmt":"2025-09-12T18:24:21","slug":"sante-linquietante-propagation-dun-champignon-resistant-dans-les-hopitaux-europeens","status":"publish","type":"post","link":"https:\/\/www.europesays.com\/fr\/385912\/","title":{"rendered":"Sant\u00e9. L&rsquo;inqui\u00e9tante propagation d&rsquo;un champignon r\u00e9sistant dans les h\u00f4pitaux europ\u00e9ens"},"content":{"rendered":"<p>Un champignon r\u00e9sistant aux m\u00e9dicaments se r\u00e9pand \u00e0 une vitesse alarmante dans les h\u00f4pitaux europ\u00e9ens, mena\u00e7ant les patients vuln\u00e9rables et mettant sous pression les syst\u00e8mes de sant\u00e9.<\/p>\n<p>Le germe est en effet responsable d\u2019infections fongiques nosocomiales pouvant \u00eatre mortelles chez les plus fragiles. C\u2019est ce que r\u00e9v\u00e8le la derni\u00e8re enqu\u00eate du Centre europ\u00e9en de pr\u00e9vention et de contr\u00f4le des maladies (ECDC), qui appelle \u00e0 une action urgente face \u00e0 cette menace croissante.<\/p>\n<p><strong>4\u00a0000 cas en 10 ans<\/strong><\/p>\n<p>Candidozyma auris a \u00e9t\u00e9 identifi\u00e9 pour la premi\u00e8re fois en 2009. Il s\u2019est depuis diffus\u00e9 dans de nombreux pays, dont la France. Il est consid\u00e9r\u00e9 par l\u2019Organisation mondiale de la sant\u00e9 comme un agent pathog\u00e8ne prioritaire critique.\u00a0<\/p>\n<p>Il poss\u00e8de en effet une capacit\u00e9 \u00e0 persister sur diff\u00e9rentes surfaces et \u00e9quipements m\u00e9dicaux et \u00e0 se propager entre les patients. Ce qui le rend particuli\u00e8rement difficile \u00e0 contr\u00f4ler.<\/p>\n<p>Entre 2013 et 2023, les pays de l\u2019UE\/EEE ont signal\u00e9 plus de 4 000 cas. Mais c\u2019est l\u2019acc\u00e9l\u00e9ration r\u00e9cente qui inqui\u00e8te particuli\u00e8rement les experts, avec 1 346 cas signal\u00e9s par 18 pays pour la seule ann\u00e9e 2023.<\/p>\n<p>Cinq pays europ\u00e9ens \u2013 l\u2019Espagne, la Gr\u00e8ce, l\u2019Italie, la Roumanie et l\u2019Allemagne \u2013 concentrent la majorit\u00e9 des cas d\u00e9tect\u00e9s au cours de la derni\u00e8re d\u00e9cennie.<\/p>\n<p>Malgr\u00e9 cette augmentation, seuls 17 des 36 pays participants \u00e0 l\u2019enqu\u00eate disposent actuellement d\u2019un syst\u00e8me national de surveillance pour le C. auris. \u00ab\u00a0Sans surveillance syst\u00e9matique et d\u00e9claration obligatoire, l\u2019ampleur r\u00e9elle du probl\u00e8me est probablement sous-estim\u00e9e\u00a0\u00bb, avertit l\u2019ECDC.<\/p>\n<p>Malgr\u00e9 ce tableau pr\u00e9occupant, les experts soulignent qu\u2019il est encore possible d\u2019agir efficacement. \u00ab\u00a0Ce n\u2019est pas in\u00e9vitable, affirment-ils. Une d\u00e9tection pr\u00e9coce et un contr\u00f4le rapide et coordonn\u00e9 des infections peuvent encore pr\u00e9venir une transmission plus large.\u00a0\u00bb<\/p>\n","protected":false},"excerpt":{"rendered":"Un champignon r\u00e9sistant aux m\u00e9dicaments se r\u00e9pand \u00e0 une vitesse alarmante dans les h\u00f4pitaux europ\u00e9ens, mena\u00e7ant les patients&hellip;\n","protected":false},"author":2,"featured_media":385913,"comment_status":"","ping_status":"","sticky":false,"template":"","format":"standard","meta":{"footnotes":""},"categories":[10],"tags":[107,1011,27,72,1031,5362,71],"class_list":{"0":"post-385912","1":"post","2":"type-post","3":"status-publish","4":"format-standard","5":"has-post-thumbnail","7":"category-sante","8":"tag-fil-info","9":"tag-fr","10":"tag-france","11":"tag-health","12":"tag-magazine","13":"tag-magazine-sante","14":"tag-sante"},"share_on_mastodon":{"url":"https:\/\/pubeurope.com\/@fr\/115192729723960799","error":""},"_links":{"self":[{"href":"https:\/\/www.europesays.com\/fr\/wp-json\/wp\/v2\/posts\/385912","targetHints":{"allow":["GET"]}}],"collection":[{"href":"https:\/\/www.europesays.com\/fr\/wp-json\/wp\/v2\/posts"}],"about":[{"href":"https:\/\/www.europesays.com\/fr\/wp-json\/wp\/v2\/types\/post"}],"author":[{"embeddable":true,"href":"https:\/\/www.europesays.com\/fr\/wp-json\/wp\/v2\/users\/2"}],"replies":[{"embeddable":true,"href":"https:\/\/www.europesays.com\/fr\/wp-json\/wp\/v2\/comments?post=385912"}],"version-history":[{"count":0,"href":"https:\/\/www.europesays.com\/fr\/wp-json\/wp\/v2\/posts\/385912\/revisions"}],"wp:featuredmedia":[{"embeddable":true,"href":"https:\/\/www.europesays.com\/fr\/wp-json\/wp\/v2\/media\/385913"}],"wp:attachment":[{"href":"https:\/\/www.europesays.com\/fr\/wp-json\/wp\/v2\/media?parent=385912"}],"wp:term":[{"taxonomy":"category","embeddable":true,"href":"https:\/\/www.europesays.com\/fr\/wp-json\/wp\/v2\/categories?post=385912"},{"taxonomy":"post_tag","embeddable":true,"href":"https:\/\/www.europesays.com\/fr\/wp-json\/wp\/v2\/tags?post=385912"}],"curies":[{"name":"wp","href":"https:\/\/api.w.org\/{rel}","templated":true}]}}