{"id":385916,"date":"2025-09-12T18:26:11","date_gmt":"2025-09-12T18:26:11","guid":{"rendered":"https:\/\/www.europesays.com\/fr\/385916\/"},"modified":"2025-09-12T18:26:11","modified_gmt":"2025-09-12T18:26:11","slug":"les-pays-bas-boycotteront-le-concours-si-israel-y-participe","status":"publish","type":"post","link":"https:\/\/www.europesays.com\/fr\/385916\/","title":{"rendered":"Les Pays-Bas boycotteront le concours si Isra\u00ebl y participe"},"content":{"rendered":"<p>Les <a href=\"https:\/\/www.20minutes.fr\/monde\/pays-bas\/\" class=\"c-link c-link--is-underlined\" target=\"_blank\" rel=\"noopener\">Pays-Bas<\/a> boycotteront l\u2019<a href=\"https:\/\/www.20minutes.fr\/arts-stars\/culture\/eurovision\/\" class=\"c-link c-link--is-underlined\" target=\"_blank\" rel=\"noopener\">Eurovision<\/a> l\u2019an prochain \u00e0 <a href=\"https:\/\/www.20minutes.fr\/monde\/vienne-autriche\/\" class=\"c-link c-link--is-underlined\" target=\"_blank\" rel=\"noopener\">Vienne<\/a> (Autriche) si Isra\u00ebl y participe, a annonc\u00e9 Avrotros, vendredi. L\u2019association de l\u2019<a href=\"https:\/\/www.20minutes.fr\/dossier\/audiovisuel_public\" class=\"c-link c-link--is-underlined\" target=\"_blank\" rel=\"noopener\">audiovisuel public<\/a> n\u00e9erlandaise invoque la guerre \u00e0 <a href=\"https:\/\/www.20minutes.fr\/monde\/gaza\/\" class=\"c-link c-link--is-underlined\" target=\"_blank\" rel=\"noopener\">Gaza<\/a> et les \u00ab\u00a0interf\u00e9rences\u00a0\u00bb d\u2019<a href=\"https:\/\/www.20minutes.fr\/monde\/israel\/\" class=\"c-link c-link--is-underlined\" target=\"_blank\" rel=\"noopener\">Isra\u00ebl<\/a> lors de la derni\u00e8re \u00e9dition du concours de chansons. L&rsquo;organisation a r\u00e9agi.<\/p>\n<p>Dans les pas de l\u2019Irlande et de l\u2019Espagne<\/p>\n<p>\u00ab\u00a0La participation d\u2019Avrotros \u00e0 l\u2019Eurovision 2026 ne sera pas possible aussi longtemps qu\u2019Isra\u00ebl restera au sein de l\u2019UER [l\u2019Union europ\u00e9enne de radio-t\u00e9l\u00e9vision]\u00a0\u00bb, a indiqu\u00e9 le communiqu\u00e9 de l\u2019audiovisuel public n\u00e9erlandais. Au contraire, \u00ab\u00a0si l\u2019UER d\u00e9cide de ne pas admettre Isra\u00ebl, Avrotros sera heureux de participer l\u2019an prochain\u00a0\u00bb, ajoute-t-il.<\/p>\n<p>La radio-t\u00e9l\u00e9vision n\u00e9erlandaise s\u2019ajoute \u00e0 une liste de pays qui menacent de se retirer de la comp\u00e9tition l\u2019an prochain, pr\u00e9vue \u00e0 <a href=\"https:\/\/www.20minutes.fr\/arts-stars\/culture\/eurovision\/4168656-20250820-eurovision-2026-enjeux-vienne-accueillera-concours-chansons-troisieme-fois\" target=\"_blank\" class=\"c-link c-link--is-underlined\" rel=\"noopener\">Vienne<\/a> en Autriche, <a href=\"https:\/\/www.20minutes.fr\/arts-stars\/television\/4154098-20250518-eurovison-2025-jj-vainqueur-autrichien\" target=\"_blank\" class=\"c-link c-link--is-underlined\" rel=\"noopener\">pays victorieux cette ann\u00e9e<\/a>. Jeudi, l\u2019Irlande, sept fois vainqueur \u00e0 l\u2019Eurovision, <a href=\"https:\/\/www.20minutes.fr\/arts-stars\/culture\/eurovision\/4172524-20250911-irlande-participera-eurovision-2026-si-israel-prend-part\" class=\"c-link c-link--is-underlined\" target=\"_blank\" rel=\"noopener\">a fait part de son intention<\/a> de ne pas concourir au c\u00f4t\u00e9 d\u2019Isra\u00ebl. En mai, le Premier ministre espagnol <a href=\"https:\/\/www.20minutes.fr\/monde\/pedro-sanchez\/\" class=\"c-link c-link--is-underlined\" target=\"_blank\" rel=\"noopener\">Pedro Sanchez<\/a> avait d\u00e9j\u00e0 estim\u00e9 qu\u2019Isra\u00ebl devait \u00eatre exclu de la comp\u00e9tition \u00e0 l\u2019avenir.<\/p>\n<p>\u00ab\u00a0Des interf\u00e9rences\u00a0\u00bb d\u2019Isra\u00ebl d\u00e9nonc\u00e9es<\/p>\n<p>Avrotros a justifi\u00e9 sa d\u00e9cision par les \u00ab\u00a0s\u00e9rieuses violations de la libert\u00e9 de la presse\u00a0\u00bb commises par les Isra\u00e9liens \u00e0 Gaza, selon son communiqu\u00e9. Elle accuse aussi Isra\u00ebl d\u2019avoir commis \u00ab\u00a0des interf\u00e9rences prouv\u00e9es lors de la derni\u00e8re \u00e9dition, se livrant \u00e0 une instrumentalisation politique de l\u2019\u00e9v\u00e9nement\u00a0\u00bb.<\/p>\n<\/p>\n<p>Le concours est organis\u00e9 par l\u2019Union europ\u00e9enne de radio-t\u00e9l\u00e9vision (UER), la premi\u00e8re alliance mondiale de m\u00e9dias de service public, fond\u00e9e en\u00a01950, en coop\u00e9ration avec ses membres dans plus de 35 pays.<\/p>\n<p>\u00ab Il appartient \u00e0 chaque membre de participer \u00bb<\/p>\n<p>L&rsquo;organisation a tenu \u00e0 r\u00e9agir \u00e0 cette \u00e9ventualit\u00e9 des Pays-Bas de ne pas prendre part \u00e0 l&rsquo;\u00e9dition 2026 de l&rsquo;Eurovision. \u00ab Nous comprenons les inqui\u00e9tudes et les opinions (&#8230;) concernant le conflit en cours au Moyen-Orient, a indiqu\u00e9 \u00e0 l&rsquo;AFP le directeur du concours, Martin Green. Les diffuseurs ont jusqu&rsquo;\u00e0 mi-d\u00e9cembre pour confirmer leur participation \u00e0 l&rsquo;\u00e9dition de l&rsquo;ann\u00e9e prochaine \u00e0 Vienne. Il appartient \u00e0 chaque membre de d\u00e9cider s&rsquo;il souhaite participer au concours et nous respecterons toute d\u00e9cision des diffuseurs. \u00bb, a-t-il ajout\u00e9.<\/p>\n<p>Lors de la derni\u00e8re assembl\u00e9e g\u00e9n\u00e9rale de l&rsquo;UER qui s&rsquo;est tenue en juillet \u00e0 Londres, ses membres ont \u00ab discut\u00e9 des \u00ab\u00a0pressions\u00a0\u00bb \u00bb li\u00e9es \u00e0 la politique et aux conflits \u00e0 travers le monde, y compris \u00e0 Gaza, et d\u00e9cid\u00e9 de lancer un \u00ab dialogue \u00bb interne \u00e0 ce sujet. Des recommandations sont attendues d&rsquo;ici la fin de l&rsquo;ann\u00e9e. \u00ab Nous continuons de consulter tous les membres de l&rsquo;UER afin de recueillir leurs avis sur la mani\u00e8re de g\u00e9rer la participation et les tensions g\u00e9opolitiques \u00bb, a confirm\u00e9 Martin Green.<\/p>\n<p>Des pays ont d\u00e9j\u00e0 \u00e9t\u00e9 exclus de l&rsquo;Eurovision, \u00e0 l&rsquo;instar de la <a href=\"https:\/\/www.20minutes.fr\/monde\/bielorussie\/\" class=\"c-link c-link--is-underlined\" target=\"_blank\" rel=\"noopener\">Bi\u00e9lorussie<\/a> en 2021 apr\u00e8s la r\u00e9\u00e9lection contest\u00e9e du pr\u00e9sident <a href=\"https:\/\/www.20minutes.fr\/dossier\/alexandre_loukachenko\" class=\"c-link c-link--is-underlined\" target=\"_blank\" rel=\"noopener\">Alexandre Loukachenko<\/a>. La Russie l&rsquo;a \u00e9t\u00e9 un an plus tard, apr\u00e8s avoir envahi l&rsquo;Ukraine.<\/p>\n","protected":false},"excerpt":{"rendered":"Les Pays-Bas boycotteront l\u2019Eurovision l\u2019an prochain \u00e0 Vienne (Autriche) si Isra\u00ebl y participe, a annonc\u00e9 Avrotros, vendredi. L\u2019association&hellip;\n","protected":false},"author":2,"featured_media":385917,"comment_status":"","ping_status":"","sticky":false,"template":"","format":"standard","meta":{"footnotes":""},"categories":[8],"tags":[13989,1695,251,58,59,51844,1011,27,664,873,934],"class_list":{"0":"post-385916","1":"post","2":"type-post","3":"status-publish","4":"format-standard","5":"has-post-thumbnail","7":"category-divertissement","8":"tag-autriche","9":"tag-chanson","10":"tag-culture","11":"tag-divertissement","12":"tag-entertainment","13":"tag-eurovision-2026","14":"tag-fr","15":"tag-france","16":"tag-israel","17":"tag-musique","18":"tag-pays-bas"},"share_on_mastodon":{"url":"https:\/\/pubeurope.com\/@fr\/115192737636674142","error":""},"_links":{"self":[{"href":"https:\/\/www.europesays.com\/fr\/wp-json\/wp\/v2\/posts\/385916","targetHints":{"allow":["GET"]}}],"collection":[{"href":"https:\/\/www.europesays.com\/fr\/wp-json\/wp\/v2\/posts"}],"about":[{"href":"https:\/\/www.europesays.com\/fr\/wp-json\/wp\/v2\/types\/post"}],"author":[{"embeddable":true,"href":"https:\/\/www.europesays.com\/fr\/wp-json\/wp\/v2\/users\/2"}],"replies":[{"embeddable":true,"href":"https:\/\/www.europesays.com\/fr\/wp-json\/wp\/v2\/comments?post=385916"}],"version-history":[{"count":0,"href":"https:\/\/www.europesays.com\/fr\/wp-json\/wp\/v2\/posts\/385916\/revisions"}],"wp:featuredmedia":[{"embeddable":true,"href":"https:\/\/www.europesays.com\/fr\/wp-json\/wp\/v2\/media\/385917"}],"wp:attachment":[{"href":"https:\/\/www.europesays.com\/fr\/wp-json\/wp\/v2\/media?parent=385916"}],"wp:term":[{"taxonomy":"category","embeddable":true,"href":"https:\/\/www.europesays.com\/fr\/wp-json\/wp\/v2\/categories?post=385916"},{"taxonomy":"post_tag","embeddable":true,"href":"https:\/\/www.europesays.com\/fr\/wp-json\/wp\/v2\/tags?post=385916"}],"curies":[{"name":"wp","href":"https:\/\/api.w.org\/{rel}","templated":true}]}}