{"id":385922,"date":"2025-09-12T18:29:12","date_gmt":"2025-09-12T18:29:12","guid":{"rendered":"https:\/\/www.europesays.com\/fr\/385922\/"},"modified":"2025-09-12T18:29:12","modified_gmt":"2025-09-12T18:29:12","slug":"ce-qui-dit-le-texte-adopte-a-lassemblee-generale-de-lonu-sur-letat-palestinien-et-qui-a-vote-contre","status":"publish","type":"post","link":"https:\/\/www.europesays.com\/fr\/385922\/","title":{"rendered":"ce qui dit le texte adopt\u00e9 \u00e0 l\u2019Assembl\u00e9e g\u00e9n\u00e9rale de l\u2019ONU sur l\u2019\u00c9tat palestinien (et qui a vot\u00e9 contre)"},"content":{"rendered":"<p>        <img decoding=\"async\" loading=\"lazy\" src=\"https:\/\/www.europesays.com\/fr\/wp-content\/uploads\/2025\/09\/a0e51ca_upload-1-dohqqv6rao3p-afp-20250912-749v762-v1-highres-israelpalestinianconflictgaza.jpg\"  width=\"728\" height=\"409\" alt=\"Des b\u00e2timents d\u00e9truits dans la bande de Gaza depuis la barri\u00e8re frontali\u00e8re, dans le sud d\u2019Isra\u00ebl, le 12\u00a0septembre 2025. (photo d\u2019illustration)\"\/>  <\/p>\n<p>JACK GUEZ \/ AFP<\/p>\n<p>Des b\u00e2timents d\u00e9truits dans la bande de Gaza depuis la barri\u00e8re frontali\u00e8re, dans le sud d\u2019Isra\u00ebl, le 12\u00a0septembre 2025. (photo d\u2019illustration)<\/p>\n<p class=\"asset asset-text\">\u00c9TAT PALESTINIEN &#8211; Un nouveau souffle \u00e0 la solution \u00e0 deux \u00c9tats, <a href=\"https:\/\/www.huffingtonpost.fr\/international\/video\/comment-l-administration-trump-veut-ternir-la-reconnaissance-de-la-palestine-a-l-onu_254181.html\" target=\"_blank\" rel=\"noopener\">isra\u00e9lien et palestinien<\/a>. L\u2019Assembl\u00e9e g\u00e9n\u00e9rale de l\u2019<a href=\"https:\/\/www.huffingtonpost.fr\/international\/article\/entre-emmanuel-macron-et-israel-la-tension-monte-encore-avant-un-rendez-vous-crucial-a-l-onu_254362.html\" target=\"_blank\" rel=\"noopener\">ONU<\/a> a adopt\u00e9 ce vendredi 12\u00a0septembre \u00e0 une large majorit\u00e9 la \u00ab\u00a0d\u00e9claration de New York\u00a0\u00bb, mais en excluant sans \u00e9quivoque le <a href=\"https:\/\/www.huffingtonpost.fr\/international\/article\/qatar-israel-frappe-des-responsables-du-hamas-a-doha-et-replonge-la-region-sous-tension_254618.html\" target=\"_blank\" rel=\"noopener\">Hamas<\/a>.<\/p>\n<p class=\"asset asset-text\">Alors qu\u2019Isra\u00ebl fustige depuis pr\u00e8s de deux ans l\u2019incapacit\u00e9 de l\u2019Assembl\u00e9e &#8211; et du Conseil de s\u00e9curit\u00e9 &#8211; \u00e0 condamner les attaques sans pr\u00e9c\u00e9dent du mouvement palestinien du 7\u00a0octobre\u00a02023, le texte pr\u00e9par\u00e9 par la France et l\u2019Arabie saoudite, et adopt\u00e9 par 142 voix pour, 10 contre et 12 abstentions, est clair. \u00ab\u00a0Nous condamnons les attaques perp\u00e9tr\u00e9es le 7\u00a0octobre par le Hamas contre des civils\u00a0\u00bb et \u00ab\u00a0le Hamas doit lib\u00e9rer tous les otages\u00a0\u00bb d\u00e9tenus \u00e0 Gaza, dit-il.<\/p>\n<p class=\"asset asset-text\">Et la d\u00e9claration, d\u00e9j\u00e0 co-sign\u00e9e en juillet par 17 \u00c9tats dont plusieurs pays arabes, lors de la premi\u00e8re partie d\u2019une conf\u00e9rence de l\u2019ONU sur la solution \u00e0 deux \u00c9tats, va plus loin\u00a0: \u00ab\u00a0dans le contexte de l\u2019ach\u00e8vement de la guerre \u00e0 Gaza, le Hamas doit cesser d\u2019exercer son autorit\u00e9 sur la bande de Gaza et remettre ses armes \u00e0 l\u2019Autorit\u00e9 palestinienne, avec le soutien et la collaboration de la communaut\u00e9 internationale, conform\u00e9ment \u00e0 l\u2019objectif d\u2019un \u00c9tat de Palestine souverain et ind\u00e9pendant\u00a0\u00bb.<\/p>\n<p class=\"asset asset-text\"><a href=\"https:\/\/www.huffingtonpost.fr\/politique\/article\/la-nomination-de-sebastien-lecornu-a-pousse-ces-deputes-ecolos-a-signer-pour-la-destitution-de-macron_254734.html\" target=\"_blank\" rel=\"noopener\">Emmanuel Macron<\/a> a salu\u00e9 ce vote, y voyant l\u2019\u00e9tape d\u2019un \u00ab\u00a0chemin irr\u00e9versible vers la paix\u00a0\u00bb. \u00ab\u00a0Sous l\u2019impulsion de la France et de l\u2019Arabie saoudite, 142 pays ont adopt\u00e9 la D\u00e9claration de New York sur la mise en \u0153uvre de la solution \u00e0 deux \u00c9tats\u00a0\u00bb, s\u2019est f\u00e9licit\u00e9 le chef de l\u2019\u00c9tat fran\u00e7ais sur ces r\u00e9seaux sociaux.<\/p>\n<p> La lecture de ce contenu est susceptible d\u2019entra\u00eener un d\u00e9p\u00f4t de cookies de la part de l\u2019op\u00e9rateur tiers qui l\u2019h\u00e9berge. Compte-tenu des choix que vous avez exprim\u00e9s en mati\u00e8re de d\u00e9p\u00f4t de cookies, nous avons bloqu\u00e9 l\u2019affichage de ce contenu. Si vous souhaitez y acc\u00e9der, vous devez accepter la cat\u00e9gorie de cookies \u201cContenus tiers\u201d en cliquant sur le bouton ci-dessous. <\/p>\n<p> Lire la Vid\u00e9o        <\/p>\n<p class=\"asset asset-text\">Comme on le voit sur le tableau partag\u00e9 par le chef de l\u2019\u00c9tat, dix pays ont vot\u00e9 contre\u00a0: l\u2019Argentine, la Hongrie, Isra\u00ebl, la Micron\u00e9sie, Nauru, Palau, la Papouasie-Nouvelle-Guin\u00e9e, le Paraguay, les Tonga et les \u00c9tats-Unis. Parmi les 12\u00a0abstentions, on peut citer la R\u00e9publique tch\u00e8que, l\u2019\u00c9quateur et l\u2019\u00c9thiopie.<\/p>\n<p>    Le 22\u00a0septembre, prochaine \u00e9ch\u00e9ance d\u2019envergure    <\/p>\n<p class=\"asset asset-text\">\u00ab\u00a0On retiendra le 12\u00a0septembre comme le jour de l\u2019isolement international d\u00e9finitif du Hamas\u00a0\u00bb, s\u2019\u00e9tait f\u00e9licit\u00e9 juste avant le vote le ministre fran\u00e7ais des Affaires \u00e9trang\u00e8res, Jean-No\u00ebl Barrot sur France Inter. Selon une source \u00e0 la pr\u00e9sidence fran\u00e7aise, cette d\u00e9claration doit \u00eatre vue comme le socle du sommet que Paris et Ryad co-pr\u00e9sideront le 22\u00a0septembre \u00e0 l\u2019ONU \u00e0 New York, o\u00f9 Emmanuel Macron a promis de reconna\u00eetre l\u2019\u00c9tat palestinien.<\/p>\n<p class=\"asset asset-text\">\u00c0 la suite du pr\u00e9sident Macron, plusieurs pays ont annonc\u00e9 leur intention de le faire lors de la semaine de l\u2019Assembl\u00e9e g\u00e9n\u00e9rale de l\u2019ONU qui s\u2019ouvre le 22\u00a0septembre. Un processus vu comme un moyen suppl\u00e9mentaire de faire pression sur Isra\u00ebl pour mettre fin \u00e0 la guerre \u00e0 Gaza, d\u00e9clench\u00e9e apr\u00e8s les attaques du Hamas du 7\u00a0octobre\u00a02023.<\/p>\n<p class=\"asset asset-text\">La \u00ab\u00a0d\u00e9claration de New York\u00a0\u00bb adopt\u00e9e ce vendredi plaide d\u2019ailleurs aussi pour la \u00ab\u00a0fin de la guerre \u00e0 Gaza\u00a0\u00bb et un \u00ab\u00a0r\u00e8glement juste, pacifique et durable du conflit isra\u00e9lo-palestinien, reposant sur une mise en \u0153uvre v\u00e9ritable de la solution \u00e0 deux \u00c9tats\u00a0\u00bb. Une position habituelle de l\u2019Assembl\u00e9e. Ce qui n\u2019a pas emp\u00each\u00e9 Isra\u00ebl de d\u00e9noncer une r\u00e9solution \u00ab\u00a0honteuse\u00a0\u00bb qui encourage le Hamas \u00e0 la guerre.<\/p>\n<p class=\"asset asset-text\">Dans la perspective d\u2019un futur cessez-le-feu, elle \u00e9voque \u00e9galement le d\u00e9ploiement d\u2019une \u00ab\u00a0mission internationale temporaire de stabilisation\u00a0\u00bb \u00e0 Gaza, sous mandat du Conseil de s\u00e9curit\u00e9 de l\u2019ONU, pour prot\u00e9ger la population, soutenir le renforcement des capacit\u00e9s de l\u2019\u00c9tat palestinien et apporter des \u00ab\u00a0garanties de s\u00e9curit\u00e9 \u00e0 la Palestine et \u00e0 Isra\u00ebl\u00a0\u00bb.<\/p>\n<p class=\"asset asset-text\">Environ trois-quarts des 193 \u00c9tats membres de l\u2019ONU reconnaissent l\u2019\u00c9tat palestinien proclam\u00e9 par la direction palestinienne en exil en 1988. Mais apr\u00e8s pr\u00e8s de deux ans de guerre dans la bande de Gaza ravag\u00e9e, l\u2019extension de la colonisation isra\u00e9lienne en Cisjordanie et les vell\u00e9it\u00e9s de responsables isra\u00e9liens d\u2019annexer ce territoire occup\u00e9, la crainte gagne du terrain que la cr\u00e9ation d\u2019un \u00c9tat palestinien soit physiquement impossible.<\/p>\n<p class=\"asset asset-text\">Le Premier ministre isra\u00e9lien, Benjamin Netanyahu, <a href=\"https:\/\/www.huffingtonpost.fr\/international\/article\/cette-declaration-de-benjamin-netanyahu-sonne-comme-menace-adressee-aux-occidentaux_254721.html\" target=\"_blank\" rel=\"noopener\">a lui \u00e9t\u00e9 tr\u00e8s clair<\/a>\u00a0: \u00ab\u00a0il n\u2019y aura pas d\u2019\u00c9tat palestinien\u00a0\u00bb, a-t-il affirm\u00e9 jeudi. Son alli\u00e9 am\u00e9ricain a d\u00e9j\u00e0 annonc\u00e9 que le pr\u00e9sident palestinien, Mahmoud Abbas, ne serait pas autoris\u00e9 \u00e0 venir \u00e0 New York.<\/p>\n","protected":false},"excerpt":{"rendered":"JACK GUEZ \/ AFP Des b\u00e2timents d\u00e9truits dans la bande de Gaza depuis la barri\u00e8re frontali\u00e8re, dans le&hellip;\n","protected":false},"author":2,"featured_media":385923,"comment_status":"","ping_status":"","sticky":false,"template":"","format":"standard","meta":{"footnotes":""},"categories":[5],"tags":[11,3259,1073,1011,27,14,12,3521,3518,28],"class_list":{"0":"post-385922","1":"post","2":"type-post","3":"status-publish","4":"format-standard","5":"has-post-thumbnail","7":"category-international","8":"tag-actualites","9":"tag-conflit-israelo-palestinien","10":"tag-emmanuel-macron","11":"tag-fr","12":"tag-france","13":"tag-international","14":"tag-news","15":"tag-onu","16":"tag-palestine","17":"tag-world"},"share_on_mastodon":{"url":"https:\/\/pubeurope.com\/@fr\/115192749475999870","error":""},"_links":{"self":[{"href":"https:\/\/www.europesays.com\/fr\/wp-json\/wp\/v2\/posts\/385922","targetHints":{"allow":["GET"]}}],"collection":[{"href":"https:\/\/www.europesays.com\/fr\/wp-json\/wp\/v2\/posts"}],"about":[{"href":"https:\/\/www.europesays.com\/fr\/wp-json\/wp\/v2\/types\/post"}],"author":[{"embeddable":true,"href":"https:\/\/www.europesays.com\/fr\/wp-json\/wp\/v2\/users\/2"}],"replies":[{"embeddable":true,"href":"https:\/\/www.europesays.com\/fr\/wp-json\/wp\/v2\/comments?post=385922"}],"version-history":[{"count":0,"href":"https:\/\/www.europesays.com\/fr\/wp-json\/wp\/v2\/posts\/385922\/revisions"}],"wp:featuredmedia":[{"embeddable":true,"href":"https:\/\/www.europesays.com\/fr\/wp-json\/wp\/v2\/media\/385923"}],"wp:attachment":[{"href":"https:\/\/www.europesays.com\/fr\/wp-json\/wp\/v2\/media?parent=385922"}],"wp:term":[{"taxonomy":"category","embeddable":true,"href":"https:\/\/www.europesays.com\/fr\/wp-json\/wp\/v2\/categories?post=385922"},{"taxonomy":"post_tag","embeddable":true,"href":"https:\/\/www.europesays.com\/fr\/wp-json\/wp\/v2\/tags?post=385922"}],"curies":[{"name":"wp","href":"https:\/\/api.w.org\/{rel}","templated":true}]}}