{"id":385924,"date":"2025-09-12T18:30:17","date_gmt":"2025-09-12T18:30:17","guid":{"rendered":"https:\/\/www.europesays.com\/fr\/385924\/"},"modified":"2025-09-12T18:30:17","modified_gmt":"2025-09-12T18:30:17","slug":"en-direct-nouveau-gouvernement-lecornu-continue-ses-consultations-et-recoit-les-syndicats","status":"publish","type":"post","link":"https:\/\/www.europesays.com\/fr\/385924\/","title":{"rendered":"EN DIRECT &#8211; Nouveau gouvernement : Lecornu continue ses consultations et re\u00e7oit les syndicats"},"content":{"rendered":"<ul class=\"jsx-862013697 ArticleChapo__List\">\n<li class=\"jsx-862013697 ArticleChapo__List_Item flex\">Apr\u00e8s avoir re\u00e7u les dirigeants du \u00ab\u00a0socle commun\u00a0\u00bb, S\u00e9bastien Lecornu va rencontrer ce vendredi et lundi prochain les organisations syndicales et patronales.<\/li>\n<li class=\"jsx-862013697 ArticleChapo__List_Item flex\">Suivez les derni\u00e8res informations.<\/li>\n<\/ul>\n<p><a href=\"https:\/\/www.tf1info.fr\/actualite\/deficit-public-dette-taux-d-interet-la-france-dans-le-rouge-13639\/\" rel=\"noopener\" class=\"jsx-484472199 Link jsx-1428418400 jsx-1404382745\" target=\"_blank\"><\/p>\n<p style=\"font-weight:400\" class=\"jsx-1837267516\">Suivez la couverture compl\u00e8te<\/p>\n<p style=\"font-weight:800\" class=\"jsx-1837267516\">Budget 2026 : quelle nouvelle feuille de route apr\u00e8s la chute de Bayrou ?<\/p>\n<p><\/a>Minute par minuteROUSSEL AU 13H 18:40<\/p>\n<p>Le secr\u00e9taire g\u00e9n\u00e9ral du PCF Fabien Roussel sera l&rsquo;invit\u00e9 du 13H de TF1, samedi 13 septembre.\u00a0<\/p>\n<blockquote data-testid=\"EmbedTwitter\" id=\"tweet-1966540371728404819-:R7619lklcmj9n79m:\" class=\"jsx-aeff1a1c40f54d7a twitter-tweet flex justify-center items-center\"><p>\ud83d\udd34 Ce samedi 13 septembre, dans  #LE13H de  @TF1 : \ud83d\udde3\ufe0f Fabien Roussel ( @Fabien_Roussel ) sera l\u2019invit\u00e9 du JT de 13H.  Le secr\u00e9taire national du Parti communiste fran\u00e7ais ( @PCF ) r\u00e9pondra en direct aux questions de  @ACCoudray cc  @agindre @PMorand75 pic.twitter.com\/QBvF6LeTFD \u2014 TF1Info (@TF1Info)  September 12, 2025<\/p><\/blockquote>\n<p>\u00ab\u00a0PAS DE CENSURE A PRIORI\u00a0\u00bb16:45<\/p>\n<p>\u00ab\u00a0On ne censure pas a priori mais, sans marque profonde d&rsquo;un changement de politique, on censurera\u00a0\u00bb, affirme le patron du PCF Fabien Roussel. \u00ab\u00a0Si c&rsquo;est pour passer de 44 milliards \u00e0 39 milliards d&rsquo;aust\u00e9rit\u00e9, ce n&rsquo;est m\u00eame pas la peine de nous appeler. J&rsquo;ai dit \u00e0 S\u00e9bastien Lecornu que de m\u00eames causes produisent de m\u00eames effets\u00a0\u00bb, indique-t-il. \u00ab\u00a0Je lui ai notamment fait des demandes sur l&rsquo;augmentation des salaires, l&rsquo;abrogation de la r\u00e9forme des retraites et la diminution des aides accord\u00e9es aux grosses entreprises\u00a0\u00bb, d\u00e9clare encore le communiste lors de la F\u00eate de l&rsquo;Humanit\u00e9.\u00a0<\/p>\n<p>LE MEDEF RE\u00c7U A 19H4514:41<\/p>\n<p>La consultation des partenaires sociaux se poursuivra vendredi soir avec le Medef qui sera re\u00e7u \u00e0 19H45 par le nouveau Premier ministre.\u00a0<\/p>\n<p>La secr\u00e9taire g\u00e9n\u00e9rale de la CGT, Sophie Binet, sera elle, re\u00e7ue lundi \u00e0 11H \u00e0 Matignon puis la CFTC \u00e0 14H30 et les deux organisations patronales CPME et U2P, respectivement lundi \u00e0 17H00 et mardi \u00e0 11H00.\u00a0<\/p>\n<p>PREPARATION DU BUDGET14:40<\/p>\n<p>S&rsquo;agissant de la pr\u00e9paration du budget, la secr\u00e9taire g\u00e9n\u00e9rale de la CFDT Marylise L\u00e9on a estim\u00e9 vendredi qu&rsquo;il \u00e9tait \u00ab\u00a0hors de question que ce soit le monde du travail qui paye la question de la r\u00e9duction des d\u00e9ficits\u00a0\u00bb.<\/p>\n<p>\u00ab\u00a0Nous lui avons r\u00e9affirm\u00e9 que nous \u00e9tions plus que jamais motiv\u00e9s pour aller dans la rue, et que nous r\u00e9ussirons la mobilisation du 18 septembre\u00a0\u00bb, a-t-elle dit au sortir d&rsquo;une rencontre avec M. Lecornu \u00e0 Matignon.<\/p>\n<p>M. Lecornu \u00ab\u00a0n&rsquo;a pas d\u00e9menti qu&rsquo;il pourrait y avoir un certain nombre d&rsquo;\u00e9l\u00e9ments, de travaux, sur une contribution des plus hauts revenus\u00a0\u00bb, mais \u00ab\u00a0selon quelles modalit\u00e9s, \u00e7a n&rsquo;est pas encore compl\u00e8tement d\u00e9fini\u00a0\u00bb, a pr\u00e9cis\u00e9 Mme L\u00e9on.<\/p>\n<p>\u00ab\u00a0Ce qu&rsquo;attendent les travailleurs et les travailleuses, c&rsquo;est qu&rsquo;il y ait des preuves\u00a0\u00bb de la \u00ab\u00a0rupture\u00a0\u00bb annonc\u00e9e par le nouveau Premier ministre, \u00ab\u00a0et qu&rsquo;on puisse avoir une d\u00e9monstration qu&rsquo;il y a v\u00e9ritablement un changement de m\u00e9thode\u00a0\u00bb, a-t-elle ajout\u00e9.<\/p>\n<p>MARYLISE LEON14:30<\/p>\n<p>Le nouveau Premier ministre S\u00e9bastien Lecornu qui a entam\u00e9 une s\u00e9rie de rendez-vous avec les partenaires sociaux \u00ab\u00a0n&rsquo;a pas donn\u00e9 de position\u00a0\u00bb sur le sujet des retraites, a d\u00e9clar\u00e9 vendredi la secr\u00e9taire g\u00e9n\u00e9rale de la CFDT Marylise L\u00e9on, au sortir d&rsquo;une rencontre avec M. Lecornu \u00e0 Matignon.<\/p>\n<p>\u00ab\u00a0Il n&rsquo;a pas donn\u00e9 de position sur ce qu&rsquo;il allait donner comme suite sur le sujet des retraites\u00a0\u00bb, a d\u00e9clar\u00e9 Marylise L\u00e9on \u00e0 la presse, en r\u00e9p\u00e9tant que la CFDT \u00e9tait fermement oppos\u00e9e \u00e0 une \u00e9ventuelle r\u00e9ouverture du conclave lanc\u00e9 l&rsquo;ann\u00e9e derni\u00e8re par Fran\u00e7ois Bayrou, et qui avait \u00e9chou\u00e9 avant l&rsquo;\u00e9t\u00e9.\u00a0<\/p>\n<p>\u00ab\u00a0Il n&rsquo;y a pas eu de terrain d&rsquo;atterrissage au moment de la fin du conclave, donc on ne reprend pas les discussions\u00a0\u00bb, a-t-elle estim\u00e9.<\/p>\n<p>TAXE ZUCMAN11:06<\/p>\n<p>Le ministre d\u00e9missionnaire de l&rsquo;Industrie Marc Ferracci a affirm\u00e9 vendredi ne pas avoir de \u00ab\u00a0tabou\u00a0\u00bb sur la mise en place d&rsquo;une taxe sur les tr\u00e8s hauts patrimoines dite \u00ab\u00a0Zucman\u00a0\u00bb qui divise la classe politique, tout en soulignant sa \u00ab\u00a0pr\u00e9occupation\u00a0\u00bb quant au fait de \u00ab\u00a0ne pas p\u00e9naliser l&rsquo;esprit d&rsquo;entreprise\u00a0\u00bb.<\/p>\n<p>\u00ab\u00a0Il n&rsquo;y a pas de tabou. Avec une pr\u00e9occupation, c&rsquo;est de ne pas p\u00e9naliser l&rsquo;esprit d&rsquo;entreprise\u00a0\u00bb, a soulign\u00e9 le ministre interrog\u00e9 au micro de Sud Radio.\u00a0<\/p>\n<p>Ce dispositif, qui pr\u00e9voit de taxer \u00e0 hauteur de 2% les patrimoines de plus de 100 millions d&rsquo;euros, concernerait 1.800 foyers fiscaux selon son promoteur, l&rsquo;\u00e9conomiste Gabriel Zucman. D&rsquo;apr\u00e8s lui, elle rapportera jusque 20 milliards d&rsquo;euros par an, alors que d&rsquo;autres \u00e9conomistes estiment son rendement plut\u00f4t autour de 5 milliards.<\/p>\n<p>ROLAND LESCURE10:24<\/p>\n<p>\u00ab\u00a0Le Premier ministre a la bonne m\u00e9thode\u00a0\u00bb, a estim\u00e9 ce vendredi Roland Lescure, d\u00e9put\u00e9 Ensemble pour la R\u00e9publique, sur franceinfo. Et de d\u00e9tailler : \u00ab\u00a0il ne va pas sur tous les plateaux, il ne parle pas \u00e0 tous les m\u00e9dias, il parle aux gens avec qui il va n\u00e9gocier, je lui souhaite d\u2019avoir des r\u00e9sultats.\u00a0\u00bb<\/p>\n<p>\u00ab\u00a0Il faut composer avec les autres forces (politiques), [(es d\u00e9put\u00e9s RN) se sont mis \u00e0 l\u2019\u00e9cart, \u00e7a ne veut pas dire qu\u2019il ne faut pas discuter avec eux\u00a0\u00bb, a-t-il \u00e9galement indiqu\u00e9.<\/p>\n<p> SYNDICATS10:20<\/p>\n<p>La secr\u00e9taire g\u00e9n\u00e9rale de la CDFT Marylise L\u00e9on sera re\u00e7ue par S\u00e9bastien Lecornu en fin de matin\u00e9e ce vendredi. Patrick Martin, pr\u00e9sident du Medef, dans l&rsquo;apr\u00e8s-midi.<\/p>\n<p>BERTRAND APPELLE MACRON A PRENDRE LA PAROLE09:14<\/p>\n<p>Le pr\u00e9sident LR des Hauts-de-France Xavier Bertrand a appel\u00e9 vendredi Emmanuel Macron \u00e0 s&rsquo;exprimer \u00ab\u00a0devant la nation\u00a0\u00bb pour \u00ab\u00a0expliquer comment il voit les choses pour les 19 mois qui restent\u00a0\u00bb, avant l&rsquo;\u00e9ch\u00e9ance pr\u00e9sidentielle en 2027.<\/p>\n<p>\u00ab\u00a0Il ne peut pas se laver les mains de cette situation dont il est le responsable (&#8230;) Il doit nous expliquer comment il voit les choses pour les 19 mois\u00a0\u00bb, a estim\u00e9 Xavier Bertrand sur RTL, rappelant qu'\u00a0\u00bbun Premier ministre n&rsquo;est pas un consommable, quand m\u00eame\u00a0\u00bb.<\/p>\n<p>Le chef de l&rsquo;\u00c9tat doit expliquer \u00ab\u00a0comment il va r\u00e9parer la situation\u00a0\u00bb, a-t-il ajout\u00e9, l&rsquo;enjoignant \u00e0 dire qu&rsquo;il est \u00ab\u00a0pr\u00eat \u00e0 ce qu&rsquo;on change fondamentalement de politique\u00a0\u00bb.<\/p>\n<p>XAVIER BERTRAND08:07<\/p>\n<p>\u00ab\u00a0Une grande partie de la classe politique tremble devant Marine Le Pen et Jordan Bardella\u00a0\u00bb, a estim\u00e9 ce vendredi Xavier Bertrand, pr\u00e9sident LR des Hauts-de-France, sur RTL. \u00ab\u00a0Moi je n&rsquo;ai pas peur d&rsquo;eux, je les combats. (&#8230;) Quand \u00e7a va mieux pour les Fran\u00e7ais, \u00e7a va moins bien pour les extr\u00eames\u00a0\u00bb, estime-t-il.<\/p>\n<p>Ce dernier a appel\u00e9 les LR \u00e0 \u00eatre au gouvernement \u00ab\u00a0pour que \u00e7a change de politique\u00a0\u00bb, balayant toutefois l&rsquo;id\u00e9e de sa propre entr\u00e9e dans l&rsquo;\u00e9quipe gouvernementale. \u00ab\u00a0Je ne suis pas ici pour d\u00e9poser un CV sur la table\u00a0\u00bb, a-t-il d\u00e9clar\u00e9 assurant \u00ab\u00a0ne pas se mettre \u00e0 genoux devant le RN\u00a0\u00bb.<\/p>\n<p>CL\u00c9MENT BEAUNE07:54<\/p>\n<p>\u00ab\u00a0Je ne crois pas une seconde qu&rsquo;une discussion politique de fond avec le RN soit possible\u00a0\u00bb, a d\u00e9clar\u00e9 ce vendredi sur TF1 Cl\u00e9ment Beaune, \u00e9voquant \u00ab\u00a0d&rsquo;abord des questions de fond et de valeurs qu&rsquo;on ne partage pas\u00a0\u00bb. Et d&rsquo;insister : \u00ab\u00a0je crois que l&rsquo;id\u00e9e que le RN peut \u00eatre un facteur, un moteur, un partenaire de stabilit\u00e9, c&rsquo;est une erreur sur le plan politique\u00a0\u00bb.<\/p>\n<p>CL\u00c9MENT BEAUNE07:48<\/p>\n<p>\u00ab\u00a0Ce sujet est devenu fondamental\u00a0\u00bb, \u00a0a estim\u00e9 ce vendredi sur TF1, l&rsquo;ancien ministre des Transports, d\u00e9sormais Haut-Commissaire au plan, Cl\u00e9ment Beaune, au sujet de la taxe Zucman sur les plus hauts patrimoines. \u00ab\u00a0Parce qu&rsquo;il y a une attente dans la soci\u00e9t\u00e9 de justice fiscale (&#8230;) et puis il y a une question plus longue c&rsquo;est la concentration des patrimoines qui est revenu \u00e0 un niveau historiquement \u00e9lev\u00e9 en France\u00a0\u00bb, a-t-il poursuivi. Et d&rsquo;insister : \u00ab\u00a0la question des hauts patrimoines sera \u00e9videmment dans le d\u00e9bat, il faudrait \u00eatre sourd pour ne pas l&rsquo;entendre\u00a0\u00bb.<\/p>\n<p>CL\u00c9MENT BEAUNE07:40<\/p>\n<p>\u00ab\u00a0Il faut faire \u00e7a rapidement\u00a0\u00bb, a d\u00e9clar\u00e9 ce vendredi sur TF1, l&rsquo;ancien ministre des Transports, d\u00e9sormais Haut-Commissaire au plan, Cl\u00e9ment Beaune, \u00e9voquant les consultations des forces d&rsquo;opposition. \u00ab\u00a0Parce qu&rsquo;il y a du boulot \u00e0 faire et un budget qui ne peut pas attendre d&rsquo;\u00eatre report\u00e9, parce que c&rsquo;est \u00e7a la responsabilit\u00e9 collective\u00a0\u00bb, a-t-il ajout\u00e9.<\/p>\n<p>CFDT07:04<\/p>\n<p>S\u00e9bastien Lecornu va devoir \u00ab\u00a0penser diff\u00e9remment\u00a0\u00bb de son pr\u00e9d\u00e9cesseur \u00e0 Matignon pour la construction du budget, a estim\u00e9 jeudi la secr\u00e9taire g\u00e9n\u00e9rale de la CFDT Marylise L\u00e9on, qui doit \u00eatre re\u00e7ue vendredi par le nouveau Premier ministre.<\/p>\n<p>La cheffe de file du premier syndicat fran\u00e7ais sera re\u00e7ue vendredi \u00ab\u00a0en fin de matin\u00e9e\u00a0\u00bb par le Premier ministre, a indiqu\u00e9 \u00e0 l&rsquo;AFP la CFDT jeudi soir.<\/p>\n<p>RN07:00<\/p>\n<p>Pas encore invit\u00e9s par le nouveau Premier ministre S\u00e9bastien Lecornu, Marine Le Pen et Jordan Bardella se sont dits pr\u00eats jeudi \u00e0 le rencontrer \u00e0 Matignon, tout en posant d&#8217;embl\u00e9e de multiples lignes rouges sur le budget et en mena\u00e7ant de censure.<\/p>\n<p>La patronne des d\u00e9put\u00e9s RN n&rsquo;a pas encore re\u00e7u d&rsquo;appel de M. Lecornu, mais \u00ab\u00a0il ne va pas tarder \u00e0 le faire puisqu&rsquo;il a indiqu\u00e9 qu&rsquo;il allait recevoir l&rsquo;ensemble des forces politiques\u00a0\u00bb, a d\u00e9clar\u00e9 Mme Le Pen sur TF1.<\/p>\n<p>Peu d&rsquo;espoir toutefois de trouver un terrain d&rsquo;entente avec le RN qui entend demander de \u00ab\u00a0rompre avec le macronisme\u00a0\u00bb. Ce sera \u00ab\u00a0la rupture ou la censure\u00a0\u00bb, a pr\u00e9venu Marine Le Pen jeudi soir sur TF1.<\/p>\n<p>LES PARTENAIRES SOCIAUX RE\u00c7US CE VENDREDI06:58<\/p>\n<p>Ce vendredi et lundi, le nouveau Premier ministre S\u00e9bastien Lecornu, doit recevoir les partenaires sociaux (syndicats et patronat).<\/p>\n<p>Matignon a indiqu\u00e9 jeudi soir que le \u00ab\u00a0Premier Ministre commence, \u00e0 partir de (vendredi) et sur plusieurs jours, les \u00e9changes avec les forces syndicales et patronales\u00a0\u00bb.<\/p>\n<p>BIENVENUE DANS LE LIVE06:52<\/p>\n<p>Bonjour et bienvenue dans ce direct consacr\u00e9 \u00e0 la situation politique en France. Le nouveau Premier ministre S\u00e9bastien Lecornu poursuit ses consultations en vue de la formation d&rsquo;un nouveau gouvernement.<\/p>\n<p data-module=\"article-paragraph\" class=\"jsx-3046738180 Paragraph\">Le nouveau Premier ministre S\u00e9bastien Lecornu joue le contraste de styles avec Fran\u00e7ois Bayrou, plaidant pour la \u00ab\u00a0sobri\u00e9t\u00e9\u00a0\u00bb face \u00e0 un pr\u00e9d\u00e9cesseur volontiers prolixe, ce qui lui permet de ne pas s&rsquo;avancer sur le fond du compromis qu&rsquo;il doit b\u00e2tir. S\u00e9bastien Lecornu a r\u00e9uni jeudi matin les dirigeants du \u00ab\u00a0socle commun\u00a0\u00bb, partis du centre et de droite qui constituent sa coalition naturelle.\u00a0<\/p>\n<p data-module=\"article-paragraph\" class=\"jsx-3046738180 Paragraph Paragraph__End\">Il s&rsquo;est ensuite rendu \u00e0 l&rsquo;Assembl\u00e9e nationale et au S\u00e9nat, pour y rencontrer les pr\u00e9sidents des deux chambres, la macroniste Ya\u00ebl Braun-Pivet et le LR G\u00e9rard Larcher. Il a aussi \u00e9t\u00e9 re\u00e7u dans les bureaux de Nicolas Sarkozy qui lui a \u00ab\u00a0t\u00e9moign\u00e9 son soutien\u00a0\u00bb, d&rsquo;apr\u00e8s l&rsquo;entourage de l&rsquo;ex-chef de l&rsquo;\u00c9tat.<\/p>\n<p><a href=\"https:\/\/www.tf1info.fr\/politique\/accord-de-gouvernement-ces-3-dossiers-sur-lesquels-sebastien-lecornu-pourrait-faire-des-concessions-2394068.html\" rel=\"noopener\" class=\"jsx-3308031228 Link flex\" target=\"_blank\"><img decoding=\"async\" src=\"https:\/\/www.europesays.com\/fr\/wp-content\/uploads\/2025\/09\/sebastien-lecornu-2246-e30d5b-0@1x.jpeg\" alt=\"AFP\" loading=\"lazy\" importance=\"low\" fetchpriority=\"low\" class=\"\" aria-hidden=\"true\"\/><\/p>\n<p class=\"jsx-3657663356 ReadMoreArticle__Title\">Lire aussi<\/p>\n<p class=\"jsx-3657663356\">Accord de gouvernement : ces 3 dossiers sur lesquels Lecornu pourrait faire des concessions<\/p>\n<p><\/a><\/p>\n<p data-module=\"article-paragraph\" class=\"jsx-3046738180 Paragraph Paragraph__End\">Ce vendredi et lundi, il doit recevoir les partenaires sociaux (syndicats et patronat). Le nouveau locataire de Matignon a notamment avanc\u00e9 l&rsquo;id\u00e9e devant ses interlocuteurs des R\u00e9publicains \u00ab\u00a0de se mettre d&rsquo;accord, outre le budget, sur deux ou trois textes majeurs et forts\u00a0\u00bb qui r\u00e9pondraient aux priorit\u00e9s des uns et des autres. Ses soutiens louent ses qualit\u00e9s de \u00ab\u00a0n\u00e9gociateur\u00a0\u00bb comme sur la loi de programmation militaire, mais cette fois il va devoir \u00ab\u00a0sortir du bois sur certains sujets\u00a0\u00bb. Travailler avec les socialistes \u00ab\u00a0sans d\u00e9plaire\u00a0\u00bb \u00e0 la droite, analyse un proche. Ainsi, G\u00e9rard Larcher s&rsquo;est dit oppos\u00e9 \u00e0 la mise en place d&rsquo;une taxe sur les tr\u00e8s hauts patrimoines, alors que pour la gauche c&rsquo;est \u00ab\u00a0la base de tout accord\u00a0\u00bb de non censure, selon l&rsquo;eurod\u00e9put\u00e9 Rapha\u00ebl Glucksmann.<\/p>\n<p data-module=\"article-paragraph\" class=\"jsx-3046738180 Paragraph Paragraph__End\">Peu d&rsquo;espoir \u00e9galement de trouver un terrain d&rsquo;entente avec le RN qui entend lui demander de \u00ab\u00a0rompre avec le macronisme\u00a0\u00bb. Ce sera \u00ab\u00a0la rupture ou la censure\u00a0\u00bb, a pr\u00e9venu <a href=\"https:\/\/www.tf1info.fr\/politique\/en-bref-dissolution-demission-de-macron-proces-en-appel-ce-qu-il-faut-retenir-de-l-interview-de-marine-le-pen-au-20h-de-tf1-2394100.html\" target=\"_blank\" rel=\"noopener\">Marine Le Pen jeudi soir sur TF1 (nouvelle fen\u00eatre)<\/a>. Rien \u00e0 esp\u00e9rer non plus du c\u00f4t\u00e9 de La France insoumise : \u00ab\u00a0Nous avons propos\u00e9 un programme et nous sommes \u00e9lus pour l&rsquo;appliquer, pas pour faire des combines et chercher des places\u00a0\u00bb, a tranch\u00e9 Jean-Luc M\u00e9lenchon sur France 2.<\/p>\n<p>La r\u00e9daction de TF1info<\/p>\n<p><script async src=\"https:\/\/platform.twitter.com\/widgets.js\" charset=\"utf-8\"><\/script><\/p>\n","protected":false},"excerpt":{"rendered":"Apr\u00e8s avoir re\u00e7u les dirigeants du \u00ab\u00a0socle commun\u00a0\u00bb, S\u00e9bastien Lecornu va rencontrer ce vendredi et lundi prochain les&hellip;\n","protected":false},"author":2,"featured_media":385925,"comment_status":"","ping_status":"","sticky":false,"template":"","format":"standard","meta":{"footnotes":""},"categories":[4],"tags":[1111,11,1921,1003,51130,1073,1011,27,431,1922,51845,12,25,11067,51846,133,4530],"class_list":{"0":"post-385924","1":"post","2":"type-post","3":"status-publish","4":"format-standard","5":"has-post-thumbnail","7":"category-france","8":"tag-actu","9":"tag-actualites","10":"tag-article-video","11":"tag-budget","12":"tag-budget-2026-quelle-nouvelle-feuille-de-route-apres-la-chute-de-bayrou","13":"tag-emmanuel-macron","14":"tag-fr","15":"tag-france","16":"tag-francois-bayrou","17":"tag-info","18":"tag-la-page-bayrou-se-tourne","19":"tag-news","20":"tag-republique-francaise","21":"tag-sebastien-lecornu","22":"tag-sebastien-lecornu-nouveau-premier-ministre","23":"tag-video","24":"tag-video-politique"},"share_on_mastodon":{"url":"https:\/\/pubeurope.com\/@fr\/115192753469361204","error":""},"_links":{"self":[{"href":"https:\/\/www.europesays.com\/fr\/wp-json\/wp\/v2\/posts\/385924","targetHints":{"allow":["GET"]}}],"collection":[{"href":"https:\/\/www.europesays.com\/fr\/wp-json\/wp\/v2\/posts"}],"about":[{"href":"https:\/\/www.europesays.com\/fr\/wp-json\/wp\/v2\/types\/post"}],"author":[{"embeddable":true,"href":"https:\/\/www.europesays.com\/fr\/wp-json\/wp\/v2\/users\/2"}],"replies":[{"embeddable":true,"href":"https:\/\/www.europesays.com\/fr\/wp-json\/wp\/v2\/comments?post=385924"}],"version-history":[{"count":0,"href":"https:\/\/www.europesays.com\/fr\/wp-json\/wp\/v2\/posts\/385924\/revisions"}],"wp:featuredmedia":[{"embeddable":true,"href":"https:\/\/www.europesays.com\/fr\/wp-json\/wp\/v2\/media\/385925"}],"wp:attachment":[{"href":"https:\/\/www.europesays.com\/fr\/wp-json\/wp\/v2\/media?parent=385924"}],"wp:term":[{"taxonomy":"category","embeddable":true,"href":"https:\/\/www.europesays.com\/fr\/wp-json\/wp\/v2\/categories?post=385924"},{"taxonomy":"post_tag","embeddable":true,"href":"https:\/\/www.europesays.com\/fr\/wp-json\/wp\/v2\/tags?post=385924"}],"curies":[{"name":"wp","href":"https:\/\/api.w.org\/{rel}","templated":true}]}}