{"id":385926,"date":"2025-09-12T18:31:12","date_gmt":"2025-09-12T18:31:12","guid":{"rendered":"https:\/\/www.europesays.com\/fr\/385926\/"},"modified":"2025-09-12T18:31:12","modified_gmt":"2025-09-12T18:31:12","slug":"lecornu-premier-ministre-les-francais-reverront-ils-leurs-deux-jours-feries-perdus","status":"publish","type":"post","link":"https:\/\/www.europesays.com\/fr\/385926\/","title":{"rendered":"Lecornu Premier ministre : les Fran\u00e7ais reverront-ils leurs deux jours f\u00e9ri\u00e9s perdus ?"},"content":{"rendered":"<p>Climat social tendu, rumeurs de couloirs et d\u00e9bats raviv\u00e9s autour de la fameuse \u00ab exception fran\u00e7aise \u00bb\u2026 Les jours f\u00e9ri\u00e9s ne sont pas qu&rsquo;un simple marqueur dans le calendrier. Ils touchent \u00e0 l&rsquo;art de vivre hexagonal, \u00e0 l&rsquo;\u00e9quilibre entre vie professionnelle et temps libre, et ne laissent personne indiff\u00e9rent. Depuis la r\u00e9duction de deux de ces pr\u00e9cieuses journ\u00e9es, les conversations \u00e0 la machine \u00e0 caf\u00e9 n&rsquo;ont jamais \u00e9t\u00e9 aussi anim\u00e9es. Avec l&rsquo;arriv\u00e9e de S\u00e9bastien Lecornu \u00e0 Matignon, une question <strong>br\u00fblante<\/strong> se pose : les Fran\u00e7ais reverront-ils leurs deux jours f\u00e9ri\u00e9s perdus ? L&rsquo;affaire passionne, parce qu&rsquo;elle touche \u00e0 ce petit suppl\u00e9ment d&rsquo;\u00e2me qui distingue, un brin fi\u00e8rement, nos habitudes nationales.<\/p>\n<p>Une mesure choc : comment les Fran\u00e7ais ont perdu deux jours f\u00e9ri\u00e9s<br \/>\n La gen\u00e8se d&rsquo;une d\u00e9cision controvers\u00e9e<\/p>\n<p>Il n&rsquo;y a pas si longtemps, l&rsquo;annonce avait suscit\u00e9 un v\u00e9ritable toll\u00e9. Le projet, port\u00e9 \u00e0 l&rsquo;origine par Fran\u00e7ois Bayrou et act\u00e9 dans la feuille de route gouvernementale, visait \u00e0 supprimer deux jours f\u00e9ri\u00e9s. L&rsquo;objectif premier : <strong>stimuler l&rsquo;\u00e9conomie<\/strong> et r\u00e9pondre aux besoins de financement des r\u00e9formes sociales, sur fond de conjoncture \u00e9conomique difficile. Le choix de ces jours \u2013 jug\u00e9s g\u00e9n\u00e9ralement \u00ab moins essentiels \u00bb \u2013 n&rsquo;a pas suffi \u00e0 apaiser les critiques. Du monde associatif \u00e0 l&rsquo;opinion publique, la mesure a largement \u00e9t\u00e9 per\u00e7ue comme une <strong>remise en question<\/strong> du mod\u00e8le social fran\u00e7ais.<\/p>\n<p>Deux jours en moins, quelles r\u00e9percussions dans la vie quotidienne ?<\/p>\n<p>Il suffit de jeter un \u0153il au calendrier et aux conversations dans les transports pour saisir l&rsquo;ampleur du m\u00e9contentement. La suppression signifiait, pour nombre de travailleurs, la disparition de pr\u00e9cieuses parenth\u00e8ses pour se ressourcer, passer du temps en famille ou simplement souffler. Pour d&rsquo;autres, notamment dans les secteurs du commerce, de la restauration ou encore du tourisme, la perte de ces jours a eu un <strong>retentissement \u00e9conomique<\/strong> direct : moins de jours ch\u00f4m\u00e9s, mais aussi moins d&rsquo;affluence et de consommation sur certaines p\u00e9riodes traditionnellement festives.<\/p>\n<p>Lecornu \u00e0 Matignon : vers un espoir de retour des jours f\u00e9ri\u00e9s ?<br \/>\nLes premi\u00e8res d\u00e9clarations de Lecornu, entre prudence et attente<\/p>\n<p>La nomination de S\u00e9bastien Lecornu en tant que Premier ministre, d\u00e9but septembre 2025, a imm\u00e9diatement raviv\u00e9 les espoirs. Si celui-ci se fait pour l&rsquo;instant <strong>discret<\/strong> sur le sujet, les attentes sont fortes. Les rumeurs circulent dans les couloirs de l&rsquo;Assembl\u00e9e sans qu&rsquo;aucune position officielle ne soit confirm\u00e9e. Ce silence prudent est sans doute une strat\u00e9gie d\u00e9lib\u00e9r\u00e9e, tant la question reste sensible et susceptible d&rsquo;attiser la contestation sociale.<\/p>\n<p> La position des partenaires sociaux et partis politiques face au nouveau Premier ministre<\/p>\n<p>Les syndicats n&rsquo;ont pas manqu\u00e9 de rappeler leur <strong>opposition ferme<\/strong> \u00e0 la mesure. Les principales formations politiques, \u00e0 l&rsquo;exception de certains segments centristes, se sont \u00e9galement positionn\u00e9es contre la suppression. Ce rare consensus dans un paysage politique fragment\u00e9 accentue la pression sur le nouvel h\u00f4te de Matignon, quelle que soit sa volont\u00e9 r\u00e9elle d&rsquo;infl\u00e9chir la d\u00e9cision pr\u00e9c\u00e9demment adopt\u00e9e.<\/p>\n<p>Pressions et d\u00e9bats : le gouvernement face au m\u00e9contentement populaire<br \/>\nLa mobilisation citoyenne, moteur d&rsquo;un possible r\u00e9examen<\/p>\n<p>Depuis l&rsquo;annonce de la suppression, p\u00e9titions et mobilisations se sont multipli\u00e9es. Sur les r\u00e9seaux sociaux et jusque dans la rue, des milliers de Fran\u00e7ais ont fait entendre leur attachement \u00e0 ces deux bols d&rsquo;air dans l&rsquo;ann\u00e9e. Cette dynamique citoyenne, loin de s&rsquo;essouffler, s&rsquo;intensifie avec l&rsquo;arriv\u00e9e de Lecornu, et s&rsquo;accompagne de revendications claires : <strong>le retour pur et simple des jours f\u00e9ri\u00e9s<\/strong> dans le calendrier national.<\/p>\n<p> L&rsquo;impact \u00e9conomique et social au c\u0153ur des discussions gouvernementales<\/p>\n<p>Le gouvernement est parfaitement conscient que la question ne se limite pas \u00e0 une simple affaire de jours ch\u00f4m\u00e9s. La suppression impacte de multiples secteurs : pouvoir d&rsquo;achat, rythme de consommation, attractivit\u00e9 des destinations touristiques\u2026 Un <strong>examen approfondi<\/strong> des effets potentiels permet de mesurer l&rsquo;ampleur de l&rsquo;enjeu :<\/p>\n<tr>\nSecteur<br \/>\nEffet de la suppression<br \/>\n<\/tr>\n<tr>\n<td>\u00c9conomie<\/td>\n<td>Relance attendue, mais r\u00e9sultats discut\u00e9s<\/td>\n<\/tr>\n<tr>\n<td>Pouvoir d&rsquo;achat<\/td>\n<td>Moins de jours pay\u00e9s, sentiment de perte<\/td>\n<\/tr>\n<tr>\n<td>Tourisme<\/td>\n<td>Diminution de l&rsquo;activit\u00e9 en basse saison<\/td>\n<\/tr>\n<tr>\n<td>Coh\u00e9sion sociale<\/td>\n<td>Attachement collectif mis \u00e0 mal<\/td>\n<\/tr>\n<p>Cette r\u00e9alit\u00e9 complexe oblige l&rsquo;ex\u00e9cutif \u00e0 peser chaque d\u00e9claration et chaque initiative, conscient que les sentiments personnels et collectifs sont ici indissociables.<\/p>\n<p>Les sc\u00e9narios \u00e0 venir : que peut r\u00e9ellement changer Lecornu ?<br \/>\nLes options sur la table : statu quo, retours ou nouvelles compensations<\/p>\n<p>Quelles pistes s&rsquo;offrent alors \u00e0 Matignon ? Pour l&rsquo;heure, <strong>la suppression des deux jours f\u00e9ri\u00e9s reste inscrite dans le projet gouvernemental<\/strong>. Cependant, plusieurs sc\u00e9narios \u00e9mergent :<\/p>\n<ul>\n<li><strong>Maintien de la suppression<\/strong>, au risque d&rsquo;un bras de fer social prolong\u00e9.<\/li>\n<li><strong>R\u00e9tablissement pur et simple<\/strong> des jours f\u00e9ri\u00e9s supprim\u00e9s.<\/li>\n<li><strong>Mise en place de journ\u00e9es compensatoires<\/strong> : possibilit\u00e9 de choisir deux jours ch\u00f4m\u00e9s \u00ab personnalis\u00e9s \u00bb dans l&rsquo;ann\u00e9e.<\/li>\n<\/ul>\n<p>Chacune de ces solutions pr\u00e9sente ses propres avantages et d\u00e9fis, tant du point de vue budg\u00e9taire que symbolique pour l&rsquo;ex\u00e9cutif.<\/p>\n<p> Ce que disent les pr\u00e9c\u00e9dents historiques et juridiques sur le sort des jours f\u00e9ri\u00e9s<\/p>\n<p>Revenir sur cette d\u00e9cision n&rsquo;est pas sans pr\u00e9c\u00e9dent : les jours f\u00e9ri\u00e9s ont d\u00e9j\u00e0 connu des <strong>modifications<\/strong> par le pass\u00e9 (allers-retours autour de certaines dates, notamment apr\u00e8s la Seconde Guerre mondiale ou lors de la canicule de 2003). Sur le plan juridique, le gouvernement conserve une large latitude d&rsquo;action, mais la question reste extr\u00eamement sensible car elle touche \u00e0 une sp\u00e9cificit\u00e9 culturelle profond\u00e9ment ancr\u00e9e dans l&rsquo;identit\u00e9 fran\u00e7aise.<\/p>\n<p>En r\u00e9sum\u00e9 : ce que l&rsquo;arriv\u00e9e de Lecornu peut signifier pour le calendrier des Fran\u00e7ais<\/p>\n<p>\u00c0 ce stade, <strong>la suppression des deux jours f\u00e9ri\u00e9s<\/strong> voulue par Bayrou n&rsquo;a pas \u00e9t\u00e9 annul\u00e9e officiellement. La mesure reste inscrite dans le projet gouvernemental, m\u00eame si elle est vivement contest\u00e9e et pourrait \u00eatre r\u00e9examin\u00e9e. L&rsquo;hypoth\u00e8se d&rsquo;un compromis se profile, notamment sous la pression croissante de l&rsquo;opinion publique et de la soci\u00e9t\u00e9 civile. Si S\u00e9bastien Lecornu n&rsquo;a pas encore pris position clairement, la situation pourrait \u00e9voluer significativement dans les prochaines semaines, avec une mobilisation qui demeure forte tant au Parlement que dans la soci\u00e9t\u00e9.<\/p>\n<p>Tandis que cette question continue d&rsquo;animer les d\u00e9bats au sommet de l&rsquo;\u00c9tat, chaque d\u00e9claration officielle sera scrut\u00e9e avec attention. Faut-il anticiper un revirement politique, une confirmation du statu quo ou l&rsquo;\u00e9mergence d&rsquo;une solution interm\u00e9diaire ? Une certitude demeure : dans un pays o\u00f9 les <strong>jours f\u00e9ri\u00e9s<\/strong> font partie int\u00e9grante de l&rsquo;art de vivre, toute modification du calendrier national reste aussi symbolique que strat\u00e9gique. La p\u00e9riode politique actuelle s&rsquo;annonce particuli\u00e8rement intense, et les Fran\u00e7ais garderont certainement un \u0153il vigilant sur leur agenda et sur les d\u00e9cisions \u00e0 venir.<\/p>\n","protected":false},"excerpt":{"rendered":"Climat social tendu, rumeurs de couloirs et d\u00e9bats raviv\u00e9s autour de la fameuse \u00ab exception fran\u00e7aise \u00bb\u2026 Les&hellip;\n","protected":false},"author":2,"featured_media":385927,"comment_status":"","ping_status":"","sticky":false,"template":"","format":"standard","meta":{"footnotes":""},"categories":[2],"tags":[11,1011,27,12,56],"class_list":{"0":"post-385926","1":"post","2":"type-post","3":"status-publish","4":"format-standard","5":"has-post-thumbnail","7":"category-actualites","8":"tag-actualites","9":"tag-fr","10":"tag-france","11":"tag-news","12":"tag-push"},"share_on_mastodon":{"url":"https:\/\/pubeurope.com\/@fr\/115192757312134282","error":""},"_links":{"self":[{"href":"https:\/\/www.europesays.com\/fr\/wp-json\/wp\/v2\/posts\/385926","targetHints":{"allow":["GET"]}}],"collection":[{"href":"https:\/\/www.europesays.com\/fr\/wp-json\/wp\/v2\/posts"}],"about":[{"href":"https:\/\/www.europesays.com\/fr\/wp-json\/wp\/v2\/types\/post"}],"author":[{"embeddable":true,"href":"https:\/\/www.europesays.com\/fr\/wp-json\/wp\/v2\/users\/2"}],"replies":[{"embeddable":true,"href":"https:\/\/www.europesays.com\/fr\/wp-json\/wp\/v2\/comments?post=385926"}],"version-history":[{"count":0,"href":"https:\/\/www.europesays.com\/fr\/wp-json\/wp\/v2\/posts\/385926\/revisions"}],"wp:featuredmedia":[{"embeddable":true,"href":"https:\/\/www.europesays.com\/fr\/wp-json\/wp\/v2\/media\/385927"}],"wp:attachment":[{"href":"https:\/\/www.europesays.com\/fr\/wp-json\/wp\/v2\/media?parent=385926"}],"wp:term":[{"taxonomy":"category","embeddable":true,"href":"https:\/\/www.europesays.com\/fr\/wp-json\/wp\/v2\/categories?post=385926"},{"taxonomy":"post_tag","embeddable":true,"href":"https:\/\/www.europesays.com\/fr\/wp-json\/wp\/v2\/tags?post=385926"}],"curies":[{"name":"wp","href":"https:\/\/api.w.org\/{rel}","templated":true}]}}