{"id":385928,"date":"2025-09-12T18:32:12","date_gmt":"2025-09-12T18:32:12","guid":{"rendered":"https:\/\/www.europesays.com\/fr\/385928\/"},"modified":"2025-09-12T18:32:12","modified_gmt":"2025-09-12T18:32:12","slug":"axel-dugua-officiellement-candidat-pour-les-elections-municipales-2026","status":"publish","type":"post","link":"https:\/\/www.europesays.com\/fr\/385928\/","title":{"rendered":"Axel Dugua officiellement candidat pour les \u00e9lections municipales 2026"},"content":{"rendered":"<blockquote class=\"question\"><p>Personne n\u2019est surpris de votre candidature. Mais qu\u2019est-ce qui vous motive \u00e0 vous pr\u00e9senter\u00a0?<\/p><\/blockquote>\n<p>\u00ab\u00a0Depuis quasiment douze ans, on a fait beaucoup de choses, que ce soit le renouvellement urbain, les actions pour les familles, les \u00e9coles, le sport, les associations\u2026 Saint-Chamond s\u2019est transform\u00e9. On a redor\u00e9 son image. Et tout \u00e7a, sans augmentation des imp\u00f4ts.\u00a0\u00bb<\/p>\n<p>\u00ab\u00a0On en est fiers mais aujourd\u2019hui, ce travail, il faut le continuer, garder la dynamique. Il reste encore beaucoup \u00e0 faire. Ce n\u2019est pas simplement la candidature d\u2019un homme mais d\u2019une \u00e9quipe municipale. Ce vendredi soir, je suis entour\u00e9 de toute mon \u00e9quipe. Et je suis fier d\u2019avoir r\u00e9ussi \u00e0 f\u00e9d\u00e9rer, car si j\u2019ai \u00e9t\u00e9 \u00e9lu en interne avec 18 voix, aujourd\u2019hui nous sommes toujours 27 (<a href=\"https:\/\/www.leprogres.fr\/elections\/2025\/03\/10\/deux-elus-laches-par-dugua-les-fideles-du-maire-font-bloc-pour-assainir-la-majorite\" target=\"_blank\" rel=\"nofollow noopener\">quatre \u00e9lus ont d\u00e9missionn\u00e9 de la majorit\u00e9 et deux en ont \u00e9t\u00e9 exclus, NDLR<\/a>).\u00a0\u00bb<\/p>\n<p>\u00ab\u00a0Je suis fier&#8230;                        <\/p>\n","protected":false},"excerpt":{"rendered":"Personne n\u2019est surpris de votre candidature. Mais qu\u2019est-ce qui vous motive \u00e0 vous pr\u00e9senter\u00a0? \u00ab\u00a0Depuis quasiment douze ans,&hellip;\n","protected":false},"author":2,"featured_media":385929,"comment_status":"","ping_status":"","sticky":false,"template":"","format":"standard","meta":{"footnotes":""},"categories":[9653],"tags":[1111,11,2430,7539,4188,1777,674,1011,27,3367,12,316,25,9669,4001],"class_list":{"0":"post-385928","1":"post","2":"type-post","3":"status-publish","4":"format-standard","5":"has-post-thumbnail","7":"category-saint-etienne","8":"tag-actu","9":"tag-actualites","10":"tag-auvergne-rhone-alpes","11":"tag-edition-loire-sud","12":"tag-elections-municipales","13":"tag-eu","14":"tag-europe","15":"tag-fr","16":"tag-france","17":"tag-loire","18":"tag-news","19":"tag-politique","20":"tag-republique-francaise","21":"tag-saint-chamond","22":"tag-saint-etienne"},"share_on_mastodon":{"url":"https:\/\/pubeurope.com\/@fr\/115192761124632534","error":""},"_links":{"self":[{"href":"https:\/\/www.europesays.com\/fr\/wp-json\/wp\/v2\/posts\/385928","targetHints":{"allow":["GET"]}}],"collection":[{"href":"https:\/\/www.europesays.com\/fr\/wp-json\/wp\/v2\/posts"}],"about":[{"href":"https:\/\/www.europesays.com\/fr\/wp-json\/wp\/v2\/types\/post"}],"author":[{"embeddable":true,"href":"https:\/\/www.europesays.com\/fr\/wp-json\/wp\/v2\/users\/2"}],"replies":[{"embeddable":true,"href":"https:\/\/www.europesays.com\/fr\/wp-json\/wp\/v2\/comments?post=385928"}],"version-history":[{"count":0,"href":"https:\/\/www.europesays.com\/fr\/wp-json\/wp\/v2\/posts\/385928\/revisions"}],"wp:featuredmedia":[{"embeddable":true,"href":"https:\/\/www.europesays.com\/fr\/wp-json\/wp\/v2\/media\/385929"}],"wp:attachment":[{"href":"https:\/\/www.europesays.com\/fr\/wp-json\/wp\/v2\/media?parent=385928"}],"wp:term":[{"taxonomy":"category","embeddable":true,"href":"https:\/\/www.europesays.com\/fr\/wp-json\/wp\/v2\/categories?post=385928"},{"taxonomy":"post_tag","embeddable":true,"href":"https:\/\/www.europesays.com\/fr\/wp-json\/wp\/v2\/tags?post=385928"}],"curies":[{"name":"wp","href":"https:\/\/api.w.org\/{rel}","templated":true}]}}