{"id":385932,"date":"2025-09-12T18:34:11","date_gmt":"2025-09-12T18:34:11","guid":{"rendered":"https:\/\/www.europesays.com\/fr\/385932\/"},"modified":"2025-09-12T18:34:11","modified_gmt":"2025-09-12T18:34:11","slug":"tomblaine-de-futures-bornes-de-recharge-electrique","status":"publish","type":"post","link":"https:\/\/www.europesays.com\/fr\/385932\/","title":{"rendered":"Tomblaine. De futures bornes de recharge \u00e9lectrique"},"content":{"rendered":"<p>D\u2019ici fin 2026, <a href=\"https:\/\/www.estrepublicain.fr\/transport\/2025\/09\/05\/vehicules-electriques-bientot-de-nouvelles-bornes-de-recharge\" title=\"c.estrepublicain.fr\" target=\"_blank\" rel=\"noopener\"> les communes du Grand Nancy seront \u00e9quip\u00e9es de nouvelles bornes de recharge accessibles \u00e0 tous.<\/a> La M\u00e9tropole du Grand Nancy a identifi\u00e9 quatre emplacements dans l\u2019espace public de Tomblaine pour accueillir des bornes permettant la recharge simultan\u00e9e de deux v\u00e9hicules.<\/p>\n<p>Il s\u2019agit du parking situ\u00e9 place \u00c9mile-Zola, de la place des Arts, de la place Ren\u00e9-Herbuvaux, et d\u2019un parking ASNL- Marcel-Picot pour une borne existante \u00e0 remplacer. La mise en service de ces \u00e9quipements d\u00e9l\u00e9gu\u00e9e \u00e0 l\u2019op\u00e9rateur Easy Charge Services est annonc\u00e9e pour novembre\u00a02025.<\/p>\n","protected":false},"excerpt":{"rendered":"D\u2019ici fin 2026, les communes du Grand Nancy seront \u00e9quip\u00e9es de nouvelles bornes de recharge accessibles \u00e0 tous.&hellip;\n","protected":false},"author":2,"featured_media":385933,"comment_status":"","ping_status":"","sticky":false,"template":"","format":"standard","meta":{"footnotes":""},"categories":[9635],"tags":[1111,11,3542,33,1704,893,1777,674,1011,27,775,11260,1702,12,25,11703,2803],"class_list":{"0":"post-385932","1":"post","2":"type-post","3":"status-publish","4":"format-standard","5":"has-post-thumbnail","7":"category-nancy","8":"tag-actu","9":"tag-actualites","10":"tag-circulation","11":"tag-economie","12":"tag-edition-nancy-et-agglomeration","13":"tag-energie","14":"tag-eu","15":"tag-europe","16":"tag-fr","17":"tag-france","18":"tag-grand-est","19":"tag-metropole-du-grand-nancy-54b4","20":"tag-nancy","21":"tag-news","22":"tag-republique-francaise","23":"tag-tomblaine","24":"tag-transport"},"share_on_mastodon":{"url":"https:\/\/pubeurope.com\/@fr\/115192769048800503","error":""},"_links":{"self":[{"href":"https:\/\/www.europesays.com\/fr\/wp-json\/wp\/v2\/posts\/385932","targetHints":{"allow":["GET"]}}],"collection":[{"href":"https:\/\/www.europesays.com\/fr\/wp-json\/wp\/v2\/posts"}],"about":[{"href":"https:\/\/www.europesays.com\/fr\/wp-json\/wp\/v2\/types\/post"}],"author":[{"embeddable":true,"href":"https:\/\/www.europesays.com\/fr\/wp-json\/wp\/v2\/users\/2"}],"replies":[{"embeddable":true,"href":"https:\/\/www.europesays.com\/fr\/wp-json\/wp\/v2\/comments?post=385932"}],"version-history":[{"count":0,"href":"https:\/\/www.europesays.com\/fr\/wp-json\/wp\/v2\/posts\/385932\/revisions"}],"wp:featuredmedia":[{"embeddable":true,"href":"https:\/\/www.europesays.com\/fr\/wp-json\/wp\/v2\/media\/385933"}],"wp:attachment":[{"href":"https:\/\/www.europesays.com\/fr\/wp-json\/wp\/v2\/media?parent=385932"}],"wp:term":[{"taxonomy":"category","embeddable":true,"href":"https:\/\/www.europesays.com\/fr\/wp-json\/wp\/v2\/categories?post=385932"},{"taxonomy":"post_tag","embeddable":true,"href":"https:\/\/www.europesays.com\/fr\/wp-json\/wp\/v2\/tags?post=385932"}],"curies":[{"name":"wp","href":"https:\/\/api.w.org\/{rel}","templated":true}]}}