{"id":385936,"date":"2025-09-12T18:36:11","date_gmt":"2025-09-12T18:36:11","guid":{"rendered":"https:\/\/www.europesays.com\/fr\/385936\/"},"modified":"2025-09-12T18:36:11","modified_gmt":"2025-09-12T18:36:11","slug":"un-spectacle-de-magie-pour-liberer-la-parole-sur-le-harcelement-dans-ce-college-toulonnais","status":"publish","type":"post","link":"https:\/\/www.europesays.com\/fr\/385936\/","title":{"rendered":"Un spectacle de magie pour lib\u00e9rer la parole sur le harc\u00e8lement, dans ce coll\u00e8ge toulonnais"},"content":{"rendered":"<p>Dans la salle polyvalente du coll\u00e8ge Maurice-Genevoix s\u2019est d\u00e9roul\u00e9, cette semaine, un spectacle de magie particulier. Intitul\u00e9 Le magicien ose, il est l\u2019\u0153uvre de Mehdi Ait Elhocine afin de sensibiliser les \u00e9l\u00e8ves au harc\u00e8lement scolaire. Illusion, m\u00e9tamorphoses et jeux de perspective deviennent autant de m\u00e9taphores: l\u2019isolement, la peur, mais aussi la possibilit\u00e9 de s\u2019en lib\u00e9rer.<\/p>\n<p>Entre deux num\u00e9ros, le magicien dialogue avec le public, rappelle que les mots blessent autant que les coups et qu\u2019il existe toujours une main tendue. Les coll\u00e9giens, tour \u00e0 tour amus\u00e9s, surpris puis \u00e9mus, d\u00e9couvrent que la magie peut aussi servir \u00e0 briser le silence. Au-del\u00e0 de l\u2019\u00e9merveillement, le message est clair: oser parler, oser aider, oser dire non. Dans les applaudissements finaux, c\u2019est un peu d\u2019espoir qui jaillit, comme un dernier tour r\u00e9ussi. \u00ab\u00a0Je m\u2019inspire de mon histoire pour permettre aux enfants de mieux comprendre ce qu\u2019est le harc\u00e8lement et comment lutter contre ce fl\u00e9au\u00a0\u00bb, explique-t-il.<\/p>\n<p>Un t\u00e9moignage peut en cacher d\u2019autres<\/p>\n<p>Cela fait cinq ans que Medhi parcourt le monde avec ce spectacle, de Duba\u00ef \u00e0 Londres en passant par Gen\u00e8ve. Dans toutes les \u00e9coles o\u00f9 il passe, les t\u00e9moignages de proches ou de victimes de harc\u00e8lement tombent et le voile se l\u00e8ve \u00e0 la fin, lors du d\u00e9bat qu\u2019il anime.<\/p>\n<p>Cette repr\u00e9sentation \u00e0 Toulon ne fait pas exception, des \u00e9l\u00e8ves rapportent des faits dont ils ont \u00e9t\u00e9 victimes. L\u2019un d\u2019entre eux accuse m\u00eame la direction de son \u00e9cole de n\u2019avoir pas agi malgr\u00e9 son t\u00e9moignage au moment de faits. Au CPE du coll\u00e8ge Genevoix, Eddy Chebil, d\u2019intervenir et d\u2019expliquer la situation: \u00a0\u00bb L\u2019\u00e9quipe \u00e9ducative fait de son mieux pour vous aider. Peut-\u00eatre que tu n\u2019as pas vu les profs t\u2019aider mais, crois-moi, ils font tout pour r\u00e9gler ce genre de situation tr\u00e8s pr\u00e9occupante\u00a0\u00bb.<\/p>\n<p>Aider les enfants \u00e0 grandir en toute tranquillit\u00e9<\/p>\n<p>Bien que Medhi ait beaucoup souffert autant moralement que physiquement dans sa jeunesse, cela ne l\u2019a pas emp\u00each\u00e9 d\u2019exercer une profession passion: aider les enfants \u00e0 grandir. \u00ab\u00a0Je suis animateur BAFA de base et j\u2019avais ma m\u00e9thode pour aider les enfants: mettre en place des sanctions positives afin de valoriser les enfants et leur permettre de se d\u00e9velopper dans un environnement sain\u00a0\u00bb.<\/p>\n<p>C\u2019est en rejoignant la communaut\u00e9 \u00ab\u00a0I have a dream\u00a0\u00bb, qui aide les enfants atteints de gliome infiltrant du tronc c\u00e9r\u00e9bral (GITC), un cancer incurable, qu\u2019il a commenc\u00e9 \u00e0 pratiquer la magie. \u00ab\u00a0La plupart des enfants \u00e9taient paralys\u00e9s mais je pouvais lire dans leurs yeux leurs r\u00e9actions, ils \u00e9taient \u00e9merveill\u00e9s\u00a0\u00bb, se souvient Mehdi. Apr\u00e8s ce passage avec la communaut\u00e9, il d\u00e9cide, pendant le Covid, de monter plusieurs spectacles: un pour les plus petits, intitul\u00e9 La magie des \u00e9motions, le spectacle de magie et un autre sur la confiance en soi qui s\u2019appelle Grandiose.<\/p>\n<p>Comprendre comment cela fonctionne<\/p>\n<p>\u00ab\u00a0Quand j\u2019\u00e9tais plus jeune, la notion de harc\u00e8lement scolaire n\u2019existait pas et j\u2019avais l\u2019impression d\u2019\u00eatre le seul \u00e0 en souffrir. De ma 6e \u00e0 ma 4e, j\u2019ai \u00e9t\u00e9 victime de harc\u00e8lement et je n\u2019osais pas en parler autour de moi de peur d\u2019\u00eatre jug\u00e9 ou critiqu\u00e9.\u00a0\u00bb Ce qu\u2019il a appris avec le temps, c\u2019est comment fonctionne le harc\u00e8lement: le harceleur se nourrit de la r\u00e9action de sa victime. \u00ab\u00a0S\u2019il y a une r\u00e9action de la victime, \u00e7a va le pousser \u00e0 continuer. Par exemple, si on se met en col\u00e8re, \u00e7a va l\u2019amuser et il va recommencer le lendemain\u00a0\u00bb, explique le magicien.<\/p>\n<p>Medhi esp\u00e8re que les enfants auront retenu la notion de communication. \u00ab\u00a0Il faut absolument que les enfants puissent en parler \u00e0 des adultes car c\u2019est le premier pas vers la gu\u00e9rison des blessures inflig\u00e9es par les harceleurs\u00a0\u00bb, conclut-il.<\/p>\n","protected":false},"excerpt":{"rendered":"Dans la salle polyvalente du coll\u00e8ge Maurice-Genevoix s\u2019est d\u00e9roul\u00e9, cette semaine, un spectacle de magie particulier. Intitul\u00e9 Le&hellip;\n","protected":false},"author":2,"featured_media":385937,"comment_status":"","ping_status":"","sticky":false,"template":"","format":"standard","meta":{"footnotes":""},"categories":[9619],"tags":[1111,11,1777,674,1011,27,12,882,25,2310,3366],"class_list":{"0":"post-385936","1":"post","2":"type-post","3":"status-publish","4":"format-standard","5":"has-post-thumbnail","7":"category-toulon","8":"tag-actu","9":"tag-actualites","10":"tag-eu","11":"tag-europe","12":"tag-fr","13":"tag-france","14":"tag-news","15":"tag-provence-alpes-cote-dazur","16":"tag-republique-francaise","17":"tag-toulon","18":"tag-vie-locale"},"share_on_mastodon":{"url":"https:\/\/pubeurope.com\/@fr\/115192778220082351","error":""},"_links":{"self":[{"href":"https:\/\/www.europesays.com\/fr\/wp-json\/wp\/v2\/posts\/385936","targetHints":{"allow":["GET"]}}],"collection":[{"href":"https:\/\/www.europesays.com\/fr\/wp-json\/wp\/v2\/posts"}],"about":[{"href":"https:\/\/www.europesays.com\/fr\/wp-json\/wp\/v2\/types\/post"}],"author":[{"embeddable":true,"href":"https:\/\/www.europesays.com\/fr\/wp-json\/wp\/v2\/users\/2"}],"replies":[{"embeddable":true,"href":"https:\/\/www.europesays.com\/fr\/wp-json\/wp\/v2\/comments?post=385936"}],"version-history":[{"count":0,"href":"https:\/\/www.europesays.com\/fr\/wp-json\/wp\/v2\/posts\/385936\/revisions"}],"wp:featuredmedia":[{"embeddable":true,"href":"https:\/\/www.europesays.com\/fr\/wp-json\/wp\/v2\/media\/385937"}],"wp:attachment":[{"href":"https:\/\/www.europesays.com\/fr\/wp-json\/wp\/v2\/media?parent=385936"}],"wp:term":[{"taxonomy":"category","embeddable":true,"href":"https:\/\/www.europesays.com\/fr\/wp-json\/wp\/v2\/categories?post=385936"},{"taxonomy":"post_tag","embeddable":true,"href":"https:\/\/www.europesays.com\/fr\/wp-json\/wp\/v2\/tags?post=385936"}],"curies":[{"name":"wp","href":"https:\/\/api.w.org\/{rel}","templated":true}]}}