{"id":385940,"date":"2025-09-12T18:38:09","date_gmt":"2025-09-12T18:38:09","guid":{"rendered":"https:\/\/www.europesays.com\/fr\/385940\/"},"modified":"2025-09-12T18:38:09","modified_gmt":"2025-09-12T18:38:09","slug":"quand-des-policiers-municipaux-se-transforment-en-sages-femmes","status":"publish","type":"post","link":"https:\/\/www.europesays.com\/fr\/385940\/","title":{"rendered":"quand des policiers municipaux se transforment en sages femmes"},"content":{"rendered":"<p>            Par<br \/>\n        <strong><br \/>\n            <a href=\"https:\/\/actu.fr\/auteur\/jm-aubert\" title=\"Consulter tous les articles de Jean-Marc Aubert\" target=\"_blank\" rel=\"noopener\">Jean-Marc Aubert<\/a><br \/>\n        <\/strong><\/p>\n<p>        Publi\u00e9 le<\/p>\n<p>            12 sept. 2025 \u00e0 20h25        <\/p>\n<p>\u00ab\u00a0Cette mission restera grav\u00e9e dans nos m\u00e9moires\u00a0\u00bb : ce vendredi 12 septembre 2025, la <strong>police municipale de Montpellier<\/strong> r\u00e9v\u00e8le que, fin ao\u00fbt, des agents qui \u00e9taient en patrouille sur l\u2019avenue d\u2019Assas sont devenus des <strong>sages femmes<\/strong>.<\/p>\n<p class=\" wall-content\">C\u2019\u00e9tait au niveau du rond-point qui, de l\u2019avenue d\u2019Assas se prolonge au quartier de Malbosc, pr\u00e8s du domaine du D\u00e9partement de l\u2019H\u00e9rault du Ch\u00e2teau d\u2019O. Une patrouille de policiers municipaux est h\u00e9l\u00e9e par le conducteur d\u2019une voiture compl\u00e8tement affol\u00e9. Il explique que son \u00e9pouse, qu\u2019il est en train d\u2019amener au CHU, vient de perdre les eaux et que l\u2019accouchement est imminent.<\/p>\n<p>    <a href=\"https:\/\/www.google.com\/maps\/embed?pb=!1m18!1m12!1m3!1d4958.7341516629485!2d3.84029841318402!3d43.631472701193935!2m3!1f0!2f0!3f0!3m2!1i1024!2i768!4f13.1!3m3!1m2!1s0x12b6aebe2a190b39%3A0xeb016402e3019ef2!2sRdpt%20du%20Ch%C3%A2teau%20d%27%C3%94%2C%2034090%20Montpellier!5e0!3m2!1sfr!2sfr!4v1757699357134!5m2!1sfr!2sfr\" title=\"Ouvrie le lien\" target=\"_blank\" rel=\"noopener\">Cliquez ici pour visualiser le contenu<\/a><\/p>\n<p class=\" wall-content\">Les agents de la Ville de Montpellier ne perdent pas une seconde : ils s\u00e9curisent le p\u00e9rim\u00e8tre o\u00f9 la voiture stationne, puis sortent la trousse de premiers secours, ainsi qu\u2019une couverture. Un heureux hasard veut qu\u2019un m\u00e9decin qui passait par l\u00e0 et qui est t\u00e9moin de la sc\u00e8ne de l\u2019urgence, vient porter spontan\u00e9ment une aide pr\u00e9cieuse aux policiers.<\/p>\n<p class=\" wall-content\">\u00ab\u00a0Nous avons tenu son t\u00e9l\u00e9phone en haut-parleur pour qu\u2019il puisse agir tranquillement. Et\u00a0<br \/>quelques minutes plus tard, un petit gar\u00e7on est venu au monde\u00a0\u00bb, t\u00e9moigne la police municipale, ce vendredi. Un b\u00e9b\u00e9 magnifique pris en charge dans le service p\u00e9diatrique de l\u2019h\u00f4pital Arnaud de Villeneuve proche. Comme la maman, il se porte bien.<\/p>\n<p>Vid\u00e9os : en ce moment sur Actu<\/p>\n<p class=\" wall-content\">L\u2019histoire ne dit pas quel est le pr\u00e9nom du nourrisson, mais lorsqu\u2019il sera plus greave, ses parents auront une belle histoire \u00e0 lui raconter.<\/p>\n<p class=\" wall-content\">Personnalisez votre actualit\u00e9 en ajoutant vos villes et m\u00e9dias en favori avec <a href=\"https:\/\/moncompte.actu.fr\" title=\"D\u00e9couvez Mon Actu\" rel=\"nofollow noopener\" data-trk=\"{&quot;cta&quot;:{&quot;action&quot;:&quot;https:\\\/\\\/moncompte.actu.fr&quot;,&quot;category&quot;:&quot;mon compte&quot;,&quot;from&quot;:&quot;article footer&quot;,&quot;name&quot;:&quot;Mon actu&quot;,&quot;type&quot;:&quot;cta&quot;}}\" target=\"_blank\">Mon Actu<\/a>.<\/p>\n","protected":false},"excerpt":{"rendered":"Par Jean-Marc Aubert Publi\u00e9 le 12 sept. 2025 \u00e0 20h25 \u00ab\u00a0Cette mission restera grav\u00e9e dans nos m\u00e9moires\u00a0\u00bb :&hellip;\n","protected":false},"author":2,"featured_media":385941,"comment_status":"","ping_status":"","sticky":false,"template":"","format":"standard","meta":{"footnotes":""},"categories":[9599],"tags":[1111,11,15154,1777,674,1011,27,1757,2208,12,2680,1072,25],"class_list":{"0":"post-385940","1":"post","2":"type-post","3":"status-publish","4":"format-standard","5":"has-post-thumbnail","7":"category-montpellier","8":"tag-actu","9":"tag-actualites","10":"tag-chu-de-montpellier","11":"tag-eu","12":"tag-europe","13":"tag-fr","14":"tag-france","15":"tag-insolite","16":"tag-montpellier","17":"tag-news","18":"tag-occitanie","19":"tag-police","20":"tag-republique-francaise"},"share_on_mastodon":{"url":"","error":""},"_links":{"self":[{"href":"https:\/\/www.europesays.com\/fr\/wp-json\/wp\/v2\/posts\/385940","targetHints":{"allow":["GET"]}}],"collection":[{"href":"https:\/\/www.europesays.com\/fr\/wp-json\/wp\/v2\/posts"}],"about":[{"href":"https:\/\/www.europesays.com\/fr\/wp-json\/wp\/v2\/types\/post"}],"author":[{"embeddable":true,"href":"https:\/\/www.europesays.com\/fr\/wp-json\/wp\/v2\/users\/2"}],"replies":[{"embeddable":true,"href":"https:\/\/www.europesays.com\/fr\/wp-json\/wp\/v2\/comments?post=385940"}],"version-history":[{"count":0,"href":"https:\/\/www.europesays.com\/fr\/wp-json\/wp\/v2\/posts\/385940\/revisions"}],"wp:featuredmedia":[{"embeddable":true,"href":"https:\/\/www.europesays.com\/fr\/wp-json\/wp\/v2\/media\/385941"}],"wp:attachment":[{"href":"https:\/\/www.europesays.com\/fr\/wp-json\/wp\/v2\/media?parent=385940"}],"wp:term":[{"taxonomy":"category","embeddable":true,"href":"https:\/\/www.europesays.com\/fr\/wp-json\/wp\/v2\/categories?post=385940"},{"taxonomy":"post_tag","embeddable":true,"href":"https:\/\/www.europesays.com\/fr\/wp-json\/wp\/v2\/tags?post=385940"}],"curies":[{"name":"wp","href":"https:\/\/api.w.org\/{rel}","templated":true}]}}