{"id":385944,"date":"2025-09-12T18:40:11","date_gmt":"2025-09-12T18:40:11","guid":{"rendered":"https:\/\/www.europesays.com\/fr\/385944\/"},"modified":"2025-09-12T18:40:11","modified_gmt":"2025-09-12T18:40:11","slug":"vous-voulez-conduire-comme-un-pilote-de-f1-bientot-un-centre-de-simulation-de-course-automobile-a-rouen","status":"publish","type":"post","link":"https:\/\/www.europesays.com\/fr\/385944\/","title":{"rendered":"Vous voulez conduire comme un pilote de F1? Bient\u00f4t un centre de simulation de course automobile \u00e0 Rouen"},"content":{"rendered":"<p>            Par<br \/>\n        <strong><br \/>\n            <a href=\"https:\/\/actu.fr\/auteur\/jessie-leclerc\" title=\"Consulter tous les articles de Jessie Leclerc\" rel=\"nofollow noopener\" target=\"_blank\">Jessie Leclerc<\/a><br \/>\n        <\/strong><\/p>\n<p>        Publi\u00e9 le<\/p>\n<p>            12 sept. 2025 \u00e0 20h10        <\/p>\n<p>Un projet d\u2019envergure se trame<a href=\"https:\/\/actu.fr\/normandie\/rouen_76540\" rel=\"nofollow noopener\" target=\"_blank\"> sur Rouen (Seine-Maritime)<\/a>. Romain et Tony y travaillent depuis une bonne ann\u00e9e. Leur id\u00e9e se nomme <strong>Pitlane<\/strong>. Non ce n\u2019est pas le titre d\u2019un film d\u2019action, mais bien celui de leur futur <strong>centre de simulation automobile<\/strong>. De la gen\u00e8se du projet \u00e0 sa quasi-concr\u00e9tisation, les deux associ\u00e9s se livrent \u00e0 76actu.<\/p>\n<p>Des trajectoires caboss\u00e9es, mais une m\u00eame passion<\/p>\n<p class=\" wall-content\">Leur rencontre doit beaucoup au hasard. <strong>Tony, 39\u00a0ans<\/strong>, a multipli\u00e9 les exp\u00e9riences avant d\u2019en arriver l\u00e0. Int\u00e9rim, vente\u2026 Il est aussi pass\u00e9 <a href=\"https:\/\/actu.fr\/normandie\/rouen_76540\/des-moments-de-vie-importants-150-postes-de-policiers-adjoints-ouvrent-en-seine-maritime_62184402.html\" rel=\"nofollow noopener\" target=\"_blank\">par la police<\/a> avant de d\u00e9missionner et de vivre \u00ab\u2009une p\u00e9riode tr\u00e8s sombre\u2009\u00bb. \u00ab\u2009J\u2019ai \u00e9t\u00e9 SDF pendant deux ans et demi.\u2009\u00bb Coup de chance dans son malheur, il tombe sur \u00ab\u2009une petite dame\u2009\u00bb qui l\u2019aide \u00e0 s\u2019en sortir.<\/p>\n<p class=\" wall-content\">Depuis, il s\u2019est promis de ne plus faire un m\u00e9tier o\u00f9 il ne serait \u00ab\u2009pas content de se lever le matin\u2009\u00bb. Un choix os\u00e9, mais qui a port\u00e9 ses fruits. Apr\u00e8s <a href=\"https:\/\/actu.fr\/normandie\/rouen_76540\/le-combat-de-ce-rouennais-pour-perdre-plus-de-110-kilos-en-un-an-j-ai-compris-que-j-allais-mourir_63110733.html\" rel=\"nofollow noopener\" target=\"_blank\">une carri\u00e8re de streamer<\/a>, il se tourne vers<strong> le commerce automobile<\/strong>.<\/p>\n<p class=\" wall-content\">Romain, lui, est pass\u00e9 par le tourisme, l\u2019animation et la restauration \u00e0 l\u2019\u00e9tranger. Il tente ensuite <strong>la gendarmerie o\u00f9 il reste deux ans<\/strong>, mais un accident l\u2019en \u00e9carte d\u00e9finitivement.<\/p>\n<p class=\" wall-content\">Tous les deux se croisent en juillet 2024, en travaillant pour une salle de simulation sur Rouen, qui ne verra finalement jamais le jour. Apr\u00e8s cette exp\u00e9rience professionnelle malheureuse, qui s\u2019est \u00e9tendue jusqu\u2019en Guadeloupe, ils d\u00e9cident de relancer l\u2019id\u00e9e <strong>par leurs propres<\/strong> <strong>moyens<\/strong>. L\u00e0, le concept na\u00eet.\u00a0<\/p>\n<p>Casser l\u2019image de la course automobile<\/p>\n<p class=\" wall-content\">Leur future salle, baptis\u00e9e Pitlane \u2013 \u00ab\u2009La voie des stands, le lieu o\u00f9 tout le monde se retrouve <a href=\"https:\/\/actu.fr\/normandie\/le-mesnil-esnard_76429\/un-projet-solidaire-qui-se-conclura-sur-le-mythique-circuit-des-essarts-au-cfa-de-la-chataigneraie_62118638.html\" rel=\"nofollow noopener\" target=\"_blank\">sur un circuit<\/a>\u2009\u00bb, explique Romain \u2013 veut casser l\u2019image \u00e9litiste de la course automobile.<\/p>\n<p class=\" wall-content\">\u00ab\u2009On ne re\u00e7oit pas des clients. Quand ils rentrent, ce sont des pilotes\u2009\u00bb, insiste Tony. Le centre comptera <strong>16 simulateurs<\/strong> derni\u00e8re g\u00e9n\u00e9ration, \u00e9quip\u00e9s d\u2019\u00e9cran ultra-larges, de volants interchangeable selon la discipline (F1, endurance, rallye, <a href=\"https:\/\/actu.fr\/normandie\/rouen_76540\/mouvement-du-10-septembre-et-gens-du-voyage-a-rouen-cet-evenement-prefere-reporter_63111184.html\" rel=\"nofollow noopener\" target=\"_blank\">voitures des ann\u00e9es 60<\/a>, NASCAR\u2026), de v\u00e9ritables p\u00e9dales et de<strong> syst\u00e8me haptique<\/strong> pour ressentir les vibrations du moteur et les variations de la route, sans pour autant \u00eatre \u00ab\u2009secou\u00e9 comme dans une machine \u00e0 laver\u2009\u00bb, pr\u00e9cise Romain.<\/p>\n<p>Votre r\u00e9gion, votre actu !<\/p>\n<p>Recevez chaque jour les infos qui comptent pour vous.<\/p>\n<p>\t<a href=\"https:\/\/actu.fr\/newsletter\" class=\"ac-btn ac-btn--corner ac-btn--medium ac-btn--blue800\" rel=\"nofollow noopener\" target=\"_blank\">S&rsquo;incrire<\/a><\/p>\n<p class=\" wall-content\">Au-del\u00e0 de la conduite, il sera aussi possible de profiter d\u2019un bar avec <strong>des produits \u00ab\u2009\u00e0 90\u2009% locaux\u2009\u00bb<\/strong>, de consoles de jeux et de retransmissions des courses et des grands prix sur \u00e9cran g\u00e9ant. Simplement pas d\u2019alcool fort \u00ab\u2009car le mat\u00e9riel co\u00fbte tr\u00e8s cher\u2009\u00bb.<\/p>\n<p class=\" wall-content\">\u00ab\u2009On veut que les gens passent un bon moment, qu\u2019ils aiment ou non les voitures\u2009\u00bb, avance Tony. Ils se d\u00e9finissent comme \u00ab\u2009des vendeurs de kif\u2009\u00bb. <strong>Un mur de r\u00e9flexes<\/strong> pour s\u2019entra\u00eener comme les pros sera aussi install\u00e9.<\/p>\n<p class=\" wall-content\">L\u2019offre d\u00e9marre autour d\u2019une vingtaine d\u2019euros la session qui peut\u00a0durer de 15\u00a0minutes \u00e0 plus d\u2019une heure. \u00ab\u2009On veut prouver que la course n\u2019est pas r\u00e9serv\u00e9e aux privil\u00e9gi\u00e9s, assure Tony. L\u2019id\u00e9e c\u2019est que pour une soir\u00e9e \u00e0 deux, vous pouvez manger, boire et faire du simulateur pour moins de 50\u00a0euros pour les deux.\u2009\u00bb<\/p>\n<blockquote class=\"ac-article-quote wall-content\">\n<p>On veut avoir du mat\u00e9riel premium, sans le prix du premium.<\/p>\n<p>    <strong>Tony<\/strong><br \/>\n        G\u00e9rant de Pitlane    <\/p><\/blockquote>\n<p class=\" wall-content\">De <a href=\"https:\/\/actu.fr\/normandie\/le-havre_76351\/info-76actu-hyrox-boxe-fitness-une-salle-de-sport-xxl-va-bientot-ouvrir-au-havre_62916958.html\" rel=\"nofollow noopener\" target=\"_blank\">la r\u00e9alit\u00e9 virtuelle<\/a> sera disponible sur certains postes.\u00a0Des formules championnats seront aussi organis\u00e9es. L\u2019objectif ultime\u2009: <strong>un 24h du\u00a0Mans version virtuelle.<\/strong><\/p>\n<p>Ouverture en janvier\u00a02026<\/p>\n<p class=\" wall-content\">Accompagn\u00e9 par la CCI et le dispositif Ici Je Monte Ma Bo\u00eete, les deux associ\u00e9s finalisent un projet \u00e0 300\u2009000\u00a0euros. L\u2019ouverture est <strong>pr\u00e9vue en janvier\u00a02026<\/strong>, avec \u00ab\u2009un soft opening\u2009\u00bb pour roder l\u2019\u00e9quipe avant une soir\u00e9e officielle. Pitlane embauchera d\u2019abord deux salari\u00e9s et un agent de s\u00e9curit\u00e9.<\/p>\n<p>D\u00e9j\u00e0 des ambitions<\/p>\n<p class=\" wall-content\">Le duo pr\u00e9voit d\u00e9j\u00e0 d\u2019\u00e9largir le concept \u00e0<strong> la simulation de moto et d\u2019avion<\/strong>. Il vise \u00e9galement la franchise avec l\u2019ouverture de plusieurs sites apr\u00e8s celui-ci, \u00e0 commencer par Le\u00a0Havre.<\/p>\n<p class=\" wall-content\">Quant \u00e0 la localisation de ce premier centre de simulation, rien n\u2019est encore s\u00fbr. Il pourrait \u00eatre situ\u00e9 dans le centre-ville de Rouen, vers le palais de justice, ou bien sur la rive gauche, dans l\u2019avenue de Caen.<\/p>\n<p>Suivez l\u2019actualit\u00e9 de Rouen <a href=\"https:\/\/www.whatsapp.com\/channel\/0029VaKfnf99hXF2ddApFB1D\" rel=\"nofollow noopener\" target=\"_blank\">sur notre cha\u00eene WhatsApp<\/a> et <a href=\"https:\/\/www.tiktok.com\/@76actu.fr?lang=fr\" rel=\"nofollow noopener\" target=\"_blank\">sur notre compte TikTok<\/a><\/p>\n<p class=\" wall-content\">Personnalisez votre actualit\u00e9 en ajoutant vos villes et m\u00e9dias en favori avec <a href=\"https:\/\/moncompte.actu.fr\" title=\"D\u00e9couvez Mon Actu\" rel=\"nofollow noopener\" data-trk=\"{&quot;cta&quot;:{&quot;action&quot;:&quot;https:\\\/\\\/moncompte.actu.fr&quot;,&quot;category&quot;:&quot;mon compte&quot;,&quot;from&quot;:&quot;article footer&quot;,&quot;name&quot;:&quot;Mon actu&quot;,&quot;type&quot;:&quot;cta&quot;}}\" target=\"_blank\">Mon Actu<\/a>.<\/p>\n<p>                    <script async src=\"\/\/www.tiktok.com\/embed.js\"><\/script><\/p>\n","protected":false},"excerpt":{"rendered":"Par Jessie Leclerc Publi\u00e9 le 12 sept. 2025 \u00e0 20h10 Un projet d\u2019envergure se trame sur Rouen (Seine-Maritime).&hellip;\n","protected":false},"author":2,"featured_media":385945,"comment_status":"","ping_status":"","sticky":false,"template":"","format":"standard","meta":{"footnotes":""},"categories":[9587],"tags":[1111,11,646,9086,1777,674,1011,27,1757,1652,12,5161,25,9590],"class_list":{"0":"post-385944","1":"post","2":"type-post","3":"status-publish","4":"format-standard","5":"has-post-thumbnail","7":"category-rouen","8":"tag-actu","9":"tag-actualites","10":"tag-automobile","11":"tag-bon-plan-a-rouen","12":"tag-eu","13":"tag-europe","14":"tag-fr","15":"tag-france","16":"tag-insolite","17":"tag-loisirs-culture","18":"tag-news","19":"tag-normandie","20":"tag-republique-francaise","21":"tag-rouen"},"share_on_mastodon":{"url":"https:\/\/pubeurope.com\/@fr\/115192792680990306","error":""},"_links":{"self":[{"href":"https:\/\/www.europesays.com\/fr\/wp-json\/wp\/v2\/posts\/385944","targetHints":{"allow":["GET"]}}],"collection":[{"href":"https:\/\/www.europesays.com\/fr\/wp-json\/wp\/v2\/posts"}],"about":[{"href":"https:\/\/www.europesays.com\/fr\/wp-json\/wp\/v2\/types\/post"}],"author":[{"embeddable":true,"href":"https:\/\/www.europesays.com\/fr\/wp-json\/wp\/v2\/users\/2"}],"replies":[{"embeddable":true,"href":"https:\/\/www.europesays.com\/fr\/wp-json\/wp\/v2\/comments?post=385944"}],"version-history":[{"count":0,"href":"https:\/\/www.europesays.com\/fr\/wp-json\/wp\/v2\/posts\/385944\/revisions"}],"wp:featuredmedia":[{"embeddable":true,"href":"https:\/\/www.europesays.com\/fr\/wp-json\/wp\/v2\/media\/385945"}],"wp:attachment":[{"href":"https:\/\/www.europesays.com\/fr\/wp-json\/wp\/v2\/media?parent=385944"}],"wp:term":[{"taxonomy":"category","embeddable":true,"href":"https:\/\/www.europesays.com\/fr\/wp-json\/wp\/v2\/categories?post=385944"},{"taxonomy":"post_tag","embeddable":true,"href":"https:\/\/www.europesays.com\/fr\/wp-json\/wp\/v2\/tags?post=385944"}],"curies":[{"name":"wp","href":"https:\/\/api.w.org\/{rel}","templated":true}]}}