{"id":385946,"date":"2025-09-12T18:41:19","date_gmt":"2025-09-12T18:41:19","guid":{"rendered":"https:\/\/www.europesays.com\/fr\/385946\/"},"modified":"2025-09-12T18:41:19","modified_gmt":"2025-09-12T18:41:19","slug":"un-homme-heliporte-au-chu-de-rouen-avec-15-piqures-de-frelons-2","status":"publish","type":"post","link":"https:\/\/www.europesays.com\/fr\/385946\/","title":{"rendered":"Un homme h\u00e9liport\u00e9 au CHU de Rouen avec 15 piq\u00fbres de frelons"},"content":{"rendered":"<p>Ces trois agriculteurs ne sont pas pr\u00e8s d\u2019oublier cette journ\u00e9e du 10\u00a0septembre 2025. Alors qu\u2019ils travaillaient dans un champ entre Neufch\u00e2tel-en-Bray et Aumale (<a href=\"https:\/\/www.20minutes.fr\/dossier\/seine_maritime-1\" class=\"c-link c-link--is-underlined\" rel=\"nofollow noopener\" target=\"_blank\">Seine-Maritime<\/a>), ils ont \u00e9t\u00e9 attaqu\u00e9s par un essaim de frelons particuli\u00e8rement agressifs, d\u2019apr\u00e8s <a href=\"https:\/\/actu.fr\/normandie\/flamets-fretils_76265\/attaque-et-pique-15-fois-par-des-frelons-en-seine-maritime-un-homme-a-ete-heliporte-au-chu-de-rouen_63149430.html\" target=\"_blank\" class=\"c-link c-link--is-underlined\" rel=\"nofollow noopener\">Le R\u00e9veil<\/a>.<\/p>\n<p>Les trois hommes ont \u00e9t\u00e9 piqu\u00e9s \u00e0 plusieurs reprises, mais l\u2019un d\u2019eux, \u00e2g\u00e9 de 43 ans, a tr\u00e8s mal r\u00e9agi. En voulant se r\u00e9fugier dans son tracteur, il a \u00e9t\u00e9 <a href=\"https:\/\/www.20minutes.fr\/faits_divers\/4171786-20250908-var-sexagenaire-meurt-apres-avoir-pique-frelon-bateau\" target=\"_blank\" class=\"c-link c-link--is-underlined\" rel=\"nofollow noopener\">suivi par des frelons et piqu\u00e9 une quinzaine de fois<\/a> sur le haut du corps, ainsi qu\u2019\u00e0 la t\u00eate. Sa gorge s\u2019est ensuite mise \u00e0 gonfler, avant d\u2019\u00eatre pris de convulsions.<\/p>\n<\/p>\n<p>H\u00e9liport\u00e9 dans un \u00e9tat critique\u2028\u2028<\/p>\n<p>\u00ab\u00a0Il a fait un \u0153d\u00e8me de la luette\u00a0\u00bb, selon les pompiers. Une situation potentiellement fatale. Heureusement, l\u2019<a href=\"https:\/\/www.20minutes.fr\/strasbourg\/2123859-20170830-strasbourg-vraiment-dragon-67-helicoptere-peut-sauver-vie\" class=\"c-link c-link--is-underlined\" rel=\"nofollow noopener\" target=\"_blank\">h\u00e9licopt\u00e8re de la S\u00e9curit\u00e9 civile<\/a> a vite \u00e9t\u00e9 appel\u00e9 en renfort des pompiers et des autres services de secours pr\u00e9sents sur place. L\u2019homme a ainsi pu \u00eatre h\u00e9liport\u00e9 \u00e0 temps vers le CHU de <a href=\"https:\/\/www.20minutes.fr\/dossier\/rouen\" target=\"_blank\" class=\"c-link c-link--is-underlined\" rel=\"nofollow noopener\">Rouen<\/a>, o\u00f9 il a \u00e9t\u00e9 pris en charge par des m\u00e9decins.<\/p>\n<p>Depuis sa m\u00e9saventure, son \u00e9tat de sant\u00e9 s\u2019est am\u00e9lior\u00e9. Le nid de frelons, lui, a \u00e9t\u00e9 d\u00e9truit par un sp\u00e9cialiste par mesure de pr\u00e9caution. Il \u00e9tait situ\u00e9 juste \u00e0 l\u2019entr\u00e9e de la parcelle et \u00e9tait gros comme un ballon de football, selon les t\u00e9moins.<\/p>\n","protected":false},"excerpt":{"rendered":"Ces trois agriculteurs ne sont pas pr\u00e8s d\u2019oublier cette journ\u00e9e du 10\u00a0septembre 2025. Alors qu\u2019ils travaillaient dans un&hellip;\n","protected":false},"author":2,"featured_media":385947,"comment_status":"","ping_status":"","sticky":false,"template":"","format":"standard","meta":{"footnotes":""},"categories":[9587],"tags":[1111,47,11,2572,4309,1777,674,118,1011,27,51847,16705,12,5161,25,9590,5163],"class_list":{"0":"post-385946","1":"post","2":"type-post","3":"status-publish","4":"format-standard","5":"has-post-thumbnail","7":"category-rouen","8":"tag-actu","9":"tag-actualite","10":"tag-actualites","11":"tag-agriculteurs","12":"tag-chu","13":"tag-eu","14":"tag-europe","15":"tag-faits-divers","16":"tag-fr","17":"tag-france","18":"tag-frelon-asiatique","19":"tag-insecte","20":"tag-news","21":"tag-normandie","22":"tag-republique-francaise","23":"tag-rouen","24":"tag-seine-maritime"},"share_on_mastodon":{"url":"https:\/\/pubeurope.com\/@fr\/115192796584871503","error":""},"_links":{"self":[{"href":"https:\/\/www.europesays.com\/fr\/wp-json\/wp\/v2\/posts\/385946","targetHints":{"allow":["GET"]}}],"collection":[{"href":"https:\/\/www.europesays.com\/fr\/wp-json\/wp\/v2\/posts"}],"about":[{"href":"https:\/\/www.europesays.com\/fr\/wp-json\/wp\/v2\/types\/post"}],"author":[{"embeddable":true,"href":"https:\/\/www.europesays.com\/fr\/wp-json\/wp\/v2\/users\/2"}],"replies":[{"embeddable":true,"href":"https:\/\/www.europesays.com\/fr\/wp-json\/wp\/v2\/comments?post=385946"}],"version-history":[{"count":0,"href":"https:\/\/www.europesays.com\/fr\/wp-json\/wp\/v2\/posts\/385946\/revisions"}],"wp:featuredmedia":[{"embeddable":true,"href":"https:\/\/www.europesays.com\/fr\/wp-json\/wp\/v2\/media\/385947"}],"wp:attachment":[{"href":"https:\/\/www.europesays.com\/fr\/wp-json\/wp\/v2\/media?parent=385946"}],"wp:term":[{"taxonomy":"category","embeddable":true,"href":"https:\/\/www.europesays.com\/fr\/wp-json\/wp\/v2\/categories?post=385946"},{"taxonomy":"post_tag","embeddable":true,"href":"https:\/\/www.europesays.com\/fr\/wp-json\/wp\/v2\/tags?post=385946"}],"curies":[{"name":"wp","href":"https:\/\/api.w.org\/{rel}","templated":true}]}}