{"id":385950,"date":"2025-09-12T18:43:18","date_gmt":"2025-09-12T18:43:18","guid":{"rendered":"https:\/\/www.europesays.com\/fr\/385950\/"},"modified":"2025-09-12T18:43:18","modified_gmt":"2025-09-12T18:43:18","slug":"isere-une-nouvelle-manifestation-du-mouvement-bloquons-tout-ce-samedi-a-grenoble","status":"publish","type":"post","link":"https:\/\/www.europesays.com\/fr\/385950\/","title":{"rendered":"Is\u00e8re. Une nouvelle manifestation du mouvement \u201cBloquons tout\u201d ce samedi \u00e0 Grenoble"},"content":{"rendered":"<p>Une nouvelle manifestation du mouvement\u00a0\u201cBloquons tout\u201d est organis\u00e9e ce samedi \u00e0 Grenoble.<\/p>\n<p>Le cort\u00e8ge va suivre un itin\u00e9raire identique \u00e0 celui qui a mobilis\u00e9 environ 11\u00a0000 personnes mercredi 10\u00a0septembre. Il partira de la place Victor-Hugo \u00e0 16 heures et suivra les quais pour rejoindre le centre-ville par la place Notre-Dame avant de rejoindre la place de Verdun, puis le parc Paul-Mistral o\u00f9 une assembl\u00e9e g\u00e9n\u00e9rale est pr\u00e9vue \u00e0 19 heures.<\/p>\n","protected":false},"excerpt":{"rendered":"Une nouvelle manifestation du mouvement\u00a0\u201cBloquons tout\u201d est organis\u00e9e ce samedi \u00e0 Grenoble. Le cort\u00e8ge va suivre un itin\u00e9raire&hellip;\n","protected":false},"author":2,"featured_media":385951,"comment_status":"","ping_status":"","sticky":false,"template":"","format":"standard","meta":{"footnotes":""},"categories":[9566],"tags":[1111,11,2430,9671,112,1777,674,1011,27,2731,2732,108,12,25,801],"class_list":{"0":"post-385950","1":"post","2":"type-post","3":"status-publish","4":"format-standard","5":"has-post-thumbnail","7":"category-grenoble","8":"tag-actu","9":"tag-actualites","10":"tag-auvergne-rhone-alpes","11":"tag-conflit-social","12":"tag-edition-grenoble-agglomeration","13":"tag-eu","14":"tag-europe","15":"tag-fr","16":"tag-france","17":"tag-grenoble","18":"tag-grenoble-bassin","19":"tag-isere","20":"tag-news","21":"tag-republique-francaise","22":"tag-social"},"share_on_mastodon":{"url":"https:\/\/pubeurope.com\/@fr\/115192804419343258","error":""},"_links":{"self":[{"href":"https:\/\/www.europesays.com\/fr\/wp-json\/wp\/v2\/posts\/385950","targetHints":{"allow":["GET"]}}],"collection":[{"href":"https:\/\/www.europesays.com\/fr\/wp-json\/wp\/v2\/posts"}],"about":[{"href":"https:\/\/www.europesays.com\/fr\/wp-json\/wp\/v2\/types\/post"}],"author":[{"embeddable":true,"href":"https:\/\/www.europesays.com\/fr\/wp-json\/wp\/v2\/users\/2"}],"replies":[{"embeddable":true,"href":"https:\/\/www.europesays.com\/fr\/wp-json\/wp\/v2\/comments?post=385950"}],"version-history":[{"count":0,"href":"https:\/\/www.europesays.com\/fr\/wp-json\/wp\/v2\/posts\/385950\/revisions"}],"wp:featuredmedia":[{"embeddable":true,"href":"https:\/\/www.europesays.com\/fr\/wp-json\/wp\/v2\/media\/385951"}],"wp:attachment":[{"href":"https:\/\/www.europesays.com\/fr\/wp-json\/wp\/v2\/media?parent=385950"}],"wp:term":[{"taxonomy":"category","embeddable":true,"href":"https:\/\/www.europesays.com\/fr\/wp-json\/wp\/v2\/categories?post=385950"},{"taxonomy":"post_tag","embeddable":true,"href":"https:\/\/www.europesays.com\/fr\/wp-json\/wp\/v2\/tags?post=385950"}],"curies":[{"name":"wp","href":"https:\/\/api.w.org\/{rel}","templated":true}]}}