{"id":385952,"date":"2025-09-12T18:44:25","date_gmt":"2025-09-12T18:44:25","guid":{"rendered":"https:\/\/www.europesays.com\/fr\/385952\/"},"modified":"2025-09-12T18:44:25","modified_gmt":"2025-09-12T18:44:25","slug":"ces-cinq-entreprises-dille-et-vilaine-ont-ete-placees-en-liquidation-judiciaire-par-le-tribunal-de-commerce","status":"publish","type":"post","link":"https:\/\/www.europesays.com\/fr\/385952\/","title":{"rendered":"Ces cinq entreprises d\u2019Ille-et-Vilaine ont \u00e9t\u00e9 plac\u00e9es en liquidation judiciaire par le tribunal de commerce"},"content":{"rendered":"<p>Lors de son audience du mercredi 3 septembre, <a href=\"https:\/\/www.letelegramme.fr\/ille-et-vilaine\/rennes-35000\/ces-huit-entreprises-dille-et-vilaine-viennent-detre-placees-en-liquidation-judiciaire-par-le-tribunal-de-commerce-6878453.php\" target=\"_blank\" rel=\"noopener\">le tribunal de commerce de Rennes<\/a> a ordonn\u00e9 le placement sous liquidation judiciaire de cinq entreprises du d\u00e9partement d\u2019Ille-et-Vilaine. Voici la liste.<\/p>\n<p>La <strong>SAS Life<\/strong>, entreprise de services fun\u00e9raire, situ\u00e9e \u00e0 la Bou\u00ebxi\u00e8re ; la <strong>SAS Les Bonnes p\u00e2tes<\/strong>, commerce d\u00a0alimentation g\u00e9n\u00e9rale \u00e0 Rennes ; la <strong>SARL Quinot-Thomas<\/strong> sp\u00e9cialis\u00e9e dans les travaux de ma\u00e7onnerie g\u00e9n\u00e9rale et gros \u0153uvre de b\u00e2timent \u00e0 Pont-P\u00e9an ; la <strong>SARL BHL Travaux<\/strong> dans les travaux de rev\u00eatement des sols et des murs \u00e0 Noyal-Ch\u00e2tillon-sur-Seiche ; la <strong>SASU D\u00e9cor my home<\/strong>, travaux de peinture et vitrerie \u00e0 Romill\u00e9.<\/p>\n","protected":false},"excerpt":{"rendered":"Lors de son audience du mercredi 3 septembre, le tribunal de commerce de Rennes a ordonn\u00e9 le placement&hellip;\n","protected":false},"author":2,"featured_media":385953,"comment_status":"","ping_status":"","sticky":false,"template":"","format":"standard","meta":{"footnotes":""},"categories":[2821],"tags":[1111,11,829,1777,674,1011,27,848,12,50972,584,25],"class_list":{"0":"post-385952","1":"post","2":"type-post","3":"status-publish","4":"format-standard","5":"has-post-thumbnail","7":"category-rennes","8":"tag-actu","9":"tag-actualites","10":"tag-bretagne","11":"tag-eu","12":"tag-europe","13":"tag-fr","14":"tag-france","15":"tag-ille-et-vilaine","16":"tag-news","17":"tag-newsletter-la-rennes-quotidienne","18":"tag-rennes","19":"tag-republique-francaise"},"share_on_mastodon":{"url":"https:\/\/pubeurope.com\/@fr\/115192808369312458","error":""},"_links":{"self":[{"href":"https:\/\/www.europesays.com\/fr\/wp-json\/wp\/v2\/posts\/385952","targetHints":{"allow":["GET"]}}],"collection":[{"href":"https:\/\/www.europesays.com\/fr\/wp-json\/wp\/v2\/posts"}],"about":[{"href":"https:\/\/www.europesays.com\/fr\/wp-json\/wp\/v2\/types\/post"}],"author":[{"embeddable":true,"href":"https:\/\/www.europesays.com\/fr\/wp-json\/wp\/v2\/users\/2"}],"replies":[{"embeddable":true,"href":"https:\/\/www.europesays.com\/fr\/wp-json\/wp\/v2\/comments?post=385952"}],"version-history":[{"count":0,"href":"https:\/\/www.europesays.com\/fr\/wp-json\/wp\/v2\/posts\/385952\/revisions"}],"wp:featuredmedia":[{"embeddable":true,"href":"https:\/\/www.europesays.com\/fr\/wp-json\/wp\/v2\/media\/385953"}],"wp:attachment":[{"href":"https:\/\/www.europesays.com\/fr\/wp-json\/wp\/v2\/media?parent=385952"}],"wp:term":[{"taxonomy":"category","embeddable":true,"href":"https:\/\/www.europesays.com\/fr\/wp-json\/wp\/v2\/categories?post=385952"},{"taxonomy":"post_tag","embeddable":true,"href":"https:\/\/www.europesays.com\/fr\/wp-json\/wp\/v2\/tags?post=385952"}],"curies":[{"name":"wp","href":"https:\/\/api.w.org\/{rel}","templated":true}]}}